{"id":11617,"date":"2024-07-24T01:36:23","date_gmt":"2024-07-24T01:36:23","guid":{"rendered":"https:\/\/www.radiolimari.cl\/?p=11617"},"modified":"2024-07-24T01:36:24","modified_gmt":"2024-07-24T01:36:24","slug":"llegaron-al-pais-los-buses-electricos-que-operaran-en-la-serena-y-coquimbo","status":"publish","type":"post","link":"https:\/\/www.radiolimari.cl\/?p=11617","title":{"rendered":"Llegaron al pa\u00eds los buses el\u00e9ctricos que operar\u00e1n en La Serena y Coquimbo."},"content":{"rendered":"\n<figure class=\"wp-block-image size-large\"><a href=\"https:\/\/www.radiolimari.cl\/wp-content\/uploads\/2024\/07\/Desembarco-buses-electricos.jpg\"><img fetchpriority=\"high\" decoding=\"async\" width=\"1024\" height=\"576\" src=\"https:\/\/www.radiolimari.cl\/wp-content\/uploads\/2024\/07\/Desembarco-buses-electricos-1024x576.jpg\" alt=\"\" class=\"wp-image-11618\" srcset=\"https:\/\/www.radiolimari.cl\/wp-content\/uploads\/2024\/07\/Desembarco-buses-electricos-1024x576.jpg 1024w, https:\/\/www.radiolimari.cl\/wp-content\/uploads\/2024\/07\/Desembarco-buses-electricos-300x169.jpg 300w, https:\/\/www.radiolimari.cl\/wp-content\/uploads\/2024\/07\/Desembarco-buses-electricos-768x432.jpg 768w, https:\/\/www.radiolimari.cl\/wp-content\/uploads\/2024\/07\/Desembarco-buses-electricos-1536x864.jpg 1536w, https:\/\/www.radiolimari.cl\/wp-content\/uploads\/2024\/07\/Desembarco-buses-electricos.jpg 1600w\" sizes=\"(max-width: 1024px) 100vw, 1024px\" \/><\/a><\/figure>\n\n\n\n<p><em>Se trata de 42 buses el\u00e9ctricos con operaci\u00f3n semanal contin\u00faa, mejorando la frecuencia para dar una mayor conectividad para sus usuarios y usuarias.<\/em><\/p>\n\n\n\n<p>Dos servicios de transporte p\u00fablico de alto est\u00e1ndar comenzar\u00e1n a operar en la conurbaci\u00f3n de Coquimbo- La Serena durante el segundo semestre 2024, con buses el\u00e9ctricos que arribaron al Puerto de San Antonio y fueron desembarcados esta ma\u00f1ana con la presencia del subsecretario de Transportes, Jorge Daza y el jefe de la Divisi\u00f3n de Transporte P\u00fablico Regional (DTPR), Alan Sep\u00falveda.<\/p>\n\n\n\n<p>\u201cEstamos dando un paso m\u00e1s para concretar la llegada de la electromovilidad a la Regi\u00f3n de Coquimbo. Con el arribo de estos 42 buses el\u00e9ctricos al puerto de San Antonio dentro del calendario estipulado, estamos cumpliendo nuestro compromiso como Gobierno para que las y los habitantes de Coquimbo y La Serena cuenten con buses m\u00e1s modernos y sustentables durante el \u00faltimo trimestre de este a\u00f1o, y as\u00ed mejoren su calidad de vida diaria con viajes m\u00e1s c\u00f3modos y seguros\u201d, afirm\u00f3 el subsecretario Daza.<\/p>\n\n\n\n<p>El proyecto contempla un total de 42 buses el\u00e9ctricos, que operar\u00e1n de lunes a domingo, con 326 salidas en d\u00eda laboral y con una frecuencia m\u00e1xima en hora punta de seis buses por hora; esto bajo un contrato de provisi\u00f3n y\/u operaci\u00f3n de sus servicios con una duraci\u00f3n de 8 a\u00f1os, prorrogable por dos a\u00f1os m\u00e1s.<\/p>\n\n\n\n<p>En esta l\u00ednea, el jefe DTPR Alan Sep\u00falveda asegur\u00f3 que \u201cestamos contentos de concretar este proyecto que significa una mejora importante para la regi\u00f3n, no s\u00f3lo en los tiempos de viaje -por el aumento de frecuencia-, sino tambi\u00e9n por la mejora en experiencia de viaje de los usuarios y usuarias gracias al equipamiento de los buses que dar\u00e1n un viaje m\u00e1s confortable y contribuir\u00e1n a disminuir la huella de carbono, la emisi\u00f3n de ruidos, entre otros. Sin duda, seguiremos impulsando estas iniciativas a lo largo del pa\u00eds, para cumplir con el mandato del Presidente Gabriel Boric de descentralizar y entregar un transporte digno para las personas\u201d.<\/p>\n\n\n\n<p>La nueva regulaci\u00f3n propuesta por el Ministerio de Transportes y Telecomunicaciones propone buses el\u00e9ctricos de alto est\u00e1ndar, con cargadores USB, cabina segregada para el conductor, entrada baja, aire acondicionado, entre otros aspectos de mejoras. En esta l\u00ednea, el equipamiento a bordo permitir\u00e1 implementar la app Red Regional por primera vez en la conurbaci\u00f3n, dando la posibilidad a los pasajeros de revisar en tiempo real cuando viene el bus, a trav\u00e9s de la aplicaci\u00f3n.<\/p>\n\n\n\n<p>\u201cHoy tenemos una muy buena noticia para la regi\u00f3n de Coquimbo y en especial para la conurbaci\u00f3n o ya el \u00e1rea metropolitana de La Serena y Coquimbo, porque hemos recibido los buses el\u00e9ctricos que ya est\u00e1n desembarcando en el puerto San Antonio. Esto es parte del compromiso que tenemos para mejorar la calidad del transporte p\u00fablico en la regi\u00f3n de Coquimbo, poder entregar un est\u00e1ndar distinto. El mejor est\u00e1ndar que tenemos en el pa\u00eds lo vamos a tener ac\u00e1 con buses el\u00e9ctricos que colaboran a la transici\u00f3n energ\u00e9tica, pero tambi\u00e9n van a mejorar el confort y el traslado de los distintos habitantes de la ciudad de la Serena y Coquimbo\u201d, se\u00f1al\u00f3 el delegado presidencial, Galo Luna.<\/p>\n\n\n\n<p>Por su parte, la seremi de Transportes y Telecomunicaciones, Alejandra Maureira se\u00f1al\u00f3 que \u201clos buses el\u00e9ctricos vienen a dar comienzo a la electromovilidad en la Regi\u00f3n de Coquimbo. Estos 42 buses que ser\u00e1n operados por la empresa Eserco son parte del primer sistema regulado de transporte p\u00fablico urbano de la regi\u00f3n, el que va a cubrir dos sectores densamente poblados; el sector de Las Compa\u00f1\u00edas, con El Llano, Sindempart, y Coquimbo, van a hacer parte del origen y destino de este nuevo sistema, el que va a estar operando a finales de este a\u00f1o. Los usuarios podr\u00e1n conocer d\u00f3nde viene el bus, habr\u00e1n se\u00f1ales de paradas dispuestas, habr\u00e1 frecuencias establecida, y por supuesto, un mejor est\u00e1ndar y la calidad de servicio\u201d, finaliz\u00f3.<\/p>\n","protected":false},"excerpt":{"rendered":"<p>Se trata de 42 buses el\u00e9ctricos con operaci\u00f3n semanal contin\u00faa, mejorando la frecuencia para dar una mayor conectividad para sus usuarios y usuarias. Dos servicios de transporte p\u00fablico de alto est\u00e1ndar comenzar\u00e1n a operar en la conurbaci\u00f3n de Coquimbo- La Serena durante el segundo semestre 2024, con buses el\u00e9ctricos que arribaron al Puerto de San &#8230;<\/p>\n","protected":false},"author":2,"featured_media":11618,"comment_status":"open","ping_status":"open","sticky":false,"template":"","format":"standard","meta":{"footnotes":""},"categories":[6],"tags":[],"class_list":["post-11617","post","type-post","status-publish","format-standard","has-post-thumbnail","hentry","category-regionales"],"_links":{"self":[{"href":"https:\/\/www.radiolimari.cl\/index.php?rest_route=\/wp\/v2\/posts\/11617","targetHints":{"allow":["GET"]}}],"collection":[{"href":"https:\/\/www.radiolimari.cl\/index.php?rest_route=\/wp\/v2\/posts"}],"about":[{"href":"https:\/\/www.radiolimari.cl\/index.php?rest_route=\/wp\/v2\/types\/post"}],"author":[{"embeddable":true,"href":"https:\/\/www.radiolimari.cl\/index.php?rest_route=\/wp\/v2\/users\/2"}],"replies":[{"embeddable":true,"href":"https:\/\/www.radiolimari.cl\/index.php?rest_route=%2Fwp%2Fv2%2Fcomments&post=11617"}],"version-history":[{"count":1,"href":"https:\/\/www.radiolimari.cl\/index.php?rest_route=\/wp\/v2\/posts\/11617\/revisions"}],"predecessor-version":[{"id":11619,"href":"https:\/\/www.radiolimari.cl\/index.php?rest_route=\/wp\/v2\/posts\/11617\/revisions\/11619"}],"wp:featuredmedia":[{"embeddable":true,"href":"https:\/\/www.radiolimari.cl\/index.php?rest_route=\/wp\/v2\/media\/11618"}],"wp:attachment":[{"href":"https:\/\/www.radiolimari.cl\/index.php?rest_route=%2Fwp%2Fv2%2Fmedia&parent=11617"}],"wp:term":[{"taxonomy":"category","embeddable":true,"href":"https:\/\/www.radiolimari.cl\/index.php?rest_route=%2Fwp%2Fv2%2Fcategories&post=11617"},{"taxonomy":"post_tag","embeddable":true,"href":"https:\/\/www.radiolimari.cl\/index.php?rest_route=%2Fwp%2Fv2%2Ftags&post=11617"}],"curies":[{"name":"wp","href":"https:\/\/api.w.org\/{rel}","templated":true}]}}