{"id":11606,"date":"2024-07-22T20:34:48","date_gmt":"2024-07-22T20:34:48","guid":{"rendered":"https:\/\/www.radiolimari.cl\/?p=11606"},"modified":"2024-07-22T20:34:49","modified_gmt":"2024-07-22T20:34:49","slug":"en-la-localidad-de-el-toro-de-punitaqui-usuario-de-indap-enmanuel-espinoza-se-decidio-por-trabajar-en-la-agricultura-siguiendo-la-tradicion-familiar-uno-es-su-propio-jefe","status":"publish","type":"post","link":"https:\/\/www.radiolimari.cl\/?p=11606","title":{"rendered":"En la localidad de El Toro de Punitaqui, usuario de Indap Enmanuel Espinoza se decidi\u00f3 por trabajar en la agricultura, siguiendo la tradici\u00f3n familiar: \u201cUno es su propio jefe\u201d"},"content":{"rendered":"\n<figure class=\"wp-block-image size-large\"><a href=\"https:\/\/www.radiolimari.cl\/wp-content\/uploads\/2024\/07\/Enmanuel-Espinoza-es-usuario-de-INDAP-y-destaca-por-ser-un-joven-agricultor-01.jpg\"><img fetchpriority=\"high\" decoding=\"async\" width=\"1024\" height=\"768\" src=\"https:\/\/www.radiolimari.cl\/wp-content\/uploads\/2024\/07\/Enmanuel-Espinoza-es-usuario-de-INDAP-y-destaca-por-ser-un-joven-agricultor-01-1024x768.jpg\" alt=\"\" class=\"wp-image-11607\" srcset=\"https:\/\/www.radiolimari.cl\/wp-content\/uploads\/2024\/07\/Enmanuel-Espinoza-es-usuario-de-INDAP-y-destaca-por-ser-un-joven-agricultor-01-1024x768.jpg 1024w, https:\/\/www.radiolimari.cl\/wp-content\/uploads\/2024\/07\/Enmanuel-Espinoza-es-usuario-de-INDAP-y-destaca-por-ser-un-joven-agricultor-01-300x225.jpg 300w, https:\/\/www.radiolimari.cl\/wp-content\/uploads\/2024\/07\/Enmanuel-Espinoza-es-usuario-de-INDAP-y-destaca-por-ser-un-joven-agricultor-01-768x576.jpg 768w, https:\/\/www.radiolimari.cl\/wp-content\/uploads\/2024\/07\/Enmanuel-Espinoza-es-usuario-de-INDAP-y-destaca-por-ser-un-joven-agricultor-01-1536x1152.jpg 1536w, https:\/\/www.radiolimari.cl\/wp-content\/uploads\/2024\/07\/Enmanuel-Espinoza-es-usuario-de-INDAP-y-destaca-por-ser-un-joven-agricultor-01.jpg 1600w\" sizes=\"(max-width: 1024px) 100vw, 1024px\" \/><\/a><\/figure>\n\n\n\n<p><em>El usuario de INDAP vende sus productos en la Feria Modelo de Ovalle y recibe pedidos a trav\u00e9s de las redes sociales.<\/em><\/p>\n\n\n\n<p>A sus 29 a\u00f1os de edad Enmanuel Espinoza dice que no cambiar\u00eda por nada del mundo lo que hace en su d\u00eda a d\u00eda. La mayor parte de su vida ha estado ligado a la agricultura, por lo que fue natural que siguiera ese camino.<\/p>\n\n\n\n<p>En su predio ubicado en el sector de El Toro, comuna de Punitaqui, se da una pausa para contar por qu\u00e9 considera que esta fue la mejor decisi\u00f3n. \u201cSiempre he estado inmerso en la agricultura. Si bien estuve un tiempo trabajando en la miner\u00eda, por temas de salud prefer\u00ed dejarla y volver al campo, porque da m\u00e1s tranquilidad, uno es su propio jefe y de uno depende el subsistir. Y, adem\u00e1s, qu\u00e9 mejor que seguir la tradici\u00f3n familiar\u201d, detalla.<\/p>\n\n\n\n<p>Se dedica a la producci\u00f3n de paltos. A ello se suman la lechuga, el cilantro y el berro, cultivados mediante hidropon\u00eda (pr\u00e1ctica que prescinde de la tierra y la sustituye por una soluci\u00f3n de agua enriquecida con nutrientes).<\/p>\n\n\n\n<p>\u201cMe ha ido superbi\u00e9n. Vendo en la Feria Modelo de Ovalle y reparto a domicilio en esa misma ciudad a clientes particulares que me encargan por <em>delivery, <\/em>quienes se contactan conmigo a trav\u00e9s de las redes sociales\u201d, precisa Enmanuel, quien es usuario del Instituto de Desarrollo Agropecuario (INDAP).<\/p>\n\n\n\n<p><strong>JOVEN RURAL<\/strong><\/p>\n\n\n\n<p>El INDAP ha estado potenciando el trabajo con sus usuarios y usuarias de 18 y hasta 40 a\u00f1os de edad, que de acuerdo a su normativa entran en la categor\u00eda de juventudes rurales, como es el caso del agricultor punitaquino.<\/p>\n\n\n\n<p>Al respecto, el Director Regional de INDAP, V\u00edctor Illanes, se\u00f1ala que desde la instituci\u00f3n \u201cqueremos potenciar la labor de los j\u00f3venes que son usuarios y usuarias, y por eso hemos estado impulsando diversas acciones. Una de ellas es la Mesa Regional de J\u00f3venes Rurales, de la cual Enmanuel es un participante activo. Y tambi\u00e9n mediante el Programa de Desarrollo de Inversiones (PDI) el 2023 y este 2024 abrimos concursos enfocados en la juventud rural; en ambas ocasiones Enmanuel postul\u00f3 y se adjudic\u00f3 los respectivos financiamientos, lo que nos llena de satisfacci\u00f3n porque en INDAP estamos para apoyar el inter\u00e9s y las ganas que \u00e9l tiene por ir mejorando sus procesos productivos\u201d.<\/p>\n\n\n\n<p>En detalle, con el PDI el a\u00f1o 2023 se adjudic\u00f3 una chipeadora (la cual le permite triturar y reducir los restos de poda) e implementos para la incorporaci\u00f3n de pr\u00e1cticas agrosustentables en su huerto de paltos. Mientras que en este 2024 fue la adquisici\u00f3n de un invernadero de 162 m<sup>2<\/sup> con malla anti\u00e1fido (usada para proteger los cultivos en invernaderos ante la posible entrada de insectos o microorganismos que puedan afectar a los cultivos), adem\u00e1s de una m\u00e1quina deshidratadora.<\/p>\n\n\n\n<p>Asimismo, es participante del Programa de Desarrollo Local (PRODESAL), ejecutado por INDAP y, en esta ocasi\u00f3n, en convenio con la Municipalidad de Punitaqui.<\/p>\n\n\n\n<p>Tambi\u00e9n es uno de los beneficiados del Programa Transici\u00f3n a la Agricultura Sostenible (TAS).<\/p>\n\n\n\n<p>Respecto al apoyo de INDAP con los j\u00f3venes rurales el usuario indica que \u201cme parece excelente, porque as\u00ed impulsan a las juventudes a seguir en el campo, que para m\u00ed al menos es lo m\u00e1s bonito. A nuestra edad queremos aportar con una nueva mirada, y eso es muy bueno que se quiera resaltar\u201d.<\/p>\n\n\n\n<p>Para el Seremi de Agricultura, Christian \u00c1lvarez, casos como los del agricultor punitaquino \u201cson tremendamente significativos, porque demuestran que para los j\u00f3venes el Mundo Rural es un lugar donde se puede vivir y trabajar. Adem\u00e1s, aportan ideas frescas que permiten enfrentar de mejor manera la escasez h\u00eddrica y el cambio clim\u00e1tico\u201d, y agrega que \u201cdesde el Ministerio de Agricultura valoramos que Enmanuel haya decidido innovar con la hidropon\u00eda, y esperamos que m\u00e1s j\u00f3venes sigan su ejemplo y trabajen en el campo\u201d.<\/p>\n\n\n\n<p>Los interesados e interesadas en adquirir los productos de Enmanuel Espinoza se pueden contactar con \u00e9l por las redes sociales. En Instagram: @hidroponiacerrogrande y en Facebook: Agr\u00edcola Cerro Grande Limitada. O a trav\u00e9s de su n\u00famero celular y WhatsApp: +56 9 6140 6943.<\/p>\n","protected":false},"excerpt":{"rendered":"<p>El usuario de INDAP vende sus productos en la Feria Modelo de Ovalle y recibe pedidos a trav\u00e9s de las redes sociales. A sus 29 a\u00f1os de edad Enmanuel Espinoza dice que no cambiar\u00eda por nada del mundo lo que hace en su d\u00eda a d\u00eda. La mayor parte de su vida ha estado ligado &#8230;<\/p>\n","protected":false},"author":2,"featured_media":11607,"comment_status":"open","ping_status":"open","sticky":false,"template":"","format":"standard","meta":{"footnotes":""},"categories":[6],"tags":[],"class_list":["post-11606","post","type-post","status-publish","format-standard","has-post-thumbnail","hentry","category-regionales"],"_links":{"self":[{"href":"https:\/\/www.radiolimari.cl\/index.php?rest_route=\/wp\/v2\/posts\/11606","targetHints":{"allow":["GET"]}}],"collection":[{"href":"https:\/\/www.radiolimari.cl\/index.php?rest_route=\/wp\/v2\/posts"}],"about":[{"href":"https:\/\/www.radiolimari.cl\/index.php?rest_route=\/wp\/v2\/types\/post"}],"author":[{"embeddable":true,"href":"https:\/\/www.radiolimari.cl\/index.php?rest_route=\/wp\/v2\/users\/2"}],"replies":[{"embeddable":true,"href":"https:\/\/www.radiolimari.cl\/index.php?rest_route=%2Fwp%2Fv2%2Fcomments&post=11606"}],"version-history":[{"count":1,"href":"https:\/\/www.radiolimari.cl\/index.php?rest_route=\/wp\/v2\/posts\/11606\/revisions"}],"predecessor-version":[{"id":11608,"href":"https:\/\/www.radiolimari.cl\/index.php?rest_route=\/wp\/v2\/posts\/11606\/revisions\/11608"}],"wp:featuredmedia":[{"embeddable":true,"href":"https:\/\/www.radiolimari.cl\/index.php?rest_route=\/wp\/v2\/media\/11607"}],"wp:attachment":[{"href":"https:\/\/www.radiolimari.cl\/index.php?rest_route=%2Fwp%2Fv2%2Fmedia&parent=11606"}],"wp:term":[{"taxonomy":"category","embeddable":true,"href":"https:\/\/www.radiolimari.cl\/index.php?rest_route=%2Fwp%2Fv2%2Fcategories&post=11606"},{"taxonomy":"post_tag","embeddable":true,"href":"https:\/\/www.radiolimari.cl\/index.php?rest_route=%2Fwp%2Fv2%2Ftags&post=11606"}],"curies":[{"name":"wp","href":"https:\/\/api.w.org\/{rel}","templated":true}]}}