{"id":11584,"date":"2024-07-15T23:15:25","date_gmt":"2024-07-15T23:15:25","guid":{"rendered":"https:\/\/www.radiolimari.cl\/?p=11584"},"modified":"2024-07-15T23:15:25","modified_gmt":"2024-07-15T23:15:25","slug":"sag-libera-a-condor-en-monte-patria-tras-realizar-cuidados-por-encontrarse-con-un-ala-herida","status":"publish","type":"post","link":"https:\/\/www.radiolimari.cl\/?p=11584","title":{"rendered":"SAG libera a c\u00f3ndor en Monte Patria tras realizar Cuidados por encontrarse con un ala herida."},"content":{"rendered":"\n<figure class=\"wp-block-image size-large\"><a href=\"https:\/\/www.radiolimari.cl\/wp-content\/uploads\/2024\/07\/1-2.jpg\"><img fetchpriority=\"high\" decoding=\"async\" width=\"1024\" height=\"576\" src=\"https:\/\/www.radiolimari.cl\/wp-content\/uploads\/2024\/07\/1-2-1024x576.jpg\" alt=\"\" class=\"wp-image-11585\" srcset=\"https:\/\/www.radiolimari.cl\/wp-content\/uploads\/2024\/07\/1-2-1024x576.jpg 1024w, https:\/\/www.radiolimari.cl\/wp-content\/uploads\/2024\/07\/1-2-300x169.jpg 300w, https:\/\/www.radiolimari.cl\/wp-content\/uploads\/2024\/07\/1-2-768x432.jpg 768w, https:\/\/www.radiolimari.cl\/wp-content\/uploads\/2024\/07\/1-2.jpg 1280w\" sizes=\"(max-width: 1024px) 100vw, 1024px\" \/><\/a><\/figure>\n\n\n\n<p><em>El c\u00f3ndor fue encontrado con un alambre enredado en una de sus alas, lo que le provoc\u00f3 algunas heridas impidiendo que pudiera volar. Con el objetivo de lograr la pronta recuperaci\u00f3n del ave, funcionarios del SAG tuvieron al c\u00f3ndor bajo observaci\u00f3n y reposo.<\/em><\/p>\n\n\n\n<p><strong>Monte Patria, lunes 15 de julio de 2024.-<\/strong> Gracias a la oportuna denuncia realizada por un usuario y al apoyo de Carabineros del ret\u00e9n de la localidad de Pedregal en la comuna de Monte Patria, funcionarios del Servicio Agr\u00edcola y Ganadero (SAG) rescataron a un c\u00f3ndor que ten\u00eda un alambre enredado en una de sus alas, impidi\u00e9ndole volar. Tras desenredar el alambre, se evidenciaron heridas en una de las alas del ave, que fue trasladado a la oficina del SAG m\u00e1s cercana para ser evaluado por un m\u00e9dico veterinario.<\/p>\n\n\n\n<p>Despu\u00e9s de la evaluaci\u00f3n, se constat\u00f3 que se trataba de un ejemplar de c\u00f3ndor adulto macho, que se encontraba en buen estado de salud general, por lo que se procedi\u00f3 a resguardar sus heridas y mantener al ave en reposo para asegurar su pronta recuperaci\u00f3n.<\/p>\n\n\n\n<p>Al respecto, el director regional (s) del SAG, Jorge Fern\u00e1ndez, explic\u00f3 que \u201cgracias al r\u00e1pido accionar de los funcionarios del SAG el ave pudo recuperarse y ser devuelta a su h\u00e1bitat natural. La liberaci\u00f3n se realiz\u00f3 en el sector de Panguesillo, comuna de Monte Patria, en sector cordillerano a una altura de 2.050 metros sobre el nivel del mar. El c\u00f3ndor es un animal protegido por la Ley de Caza N\u00b019.473, por lo que su caza y captura se encuentran prohibidas por ser una especie catalogada como ben\u00e9fica para la mantenci\u00f3n del equilibrio de los ecosistemas y en estado de conservaci\u00f3n vulnerable\u201d.<\/p>\n\n\n\n<p>Respecto de la labor del SAG ante denuncias de rescates de aves o fauna silvestre, el Seremi de Agricultura, Christian \u00c1lvarez, enfatiz\u00f3: \u201cel SAG no interfiere en el medio ambiente natural y en la convivencia natural de la fauna silvestre nativa, sin embargo, tiene la misi\u00f3n de proteger a la fauna que, por factores antr\u00f3picos, pueda verse afectada o da\u00f1ada, como fue el caso de este c\u00f3ndor que ten\u00eda un alambre en su ala. En este sentido, es que solicitamos a la ciudadan\u00eda ser prudentes con las denuncias, verificar cu\u00e1les son los factores que podr\u00edan estar alterando la coexistencia con la fauna y denunciar cuando los animales se encuentren en peligro por efectos de la convivencia con los seres humanos\u201d.<\/p>\n\n\n\n<p>El c\u00f3ndor es un ave de carro\u00f1a que vive en las zonas cordilleranas de todo el pa\u00eds. Se caracteriza por ser un ave de gran tama\u00f1o que puede medir hasta 1 metro 30 cent\u00edmetros de altura y puede llegar hasta los 3 metros con sus alas extendidas. Pesa alrededor de 12 kilos y tiene un anillo de plumas blancas en su cuello y punta de sus alas. Es el ave nacional de Chile y vuela planeando corrientes de aire pudiendo llegar a los 8 mil metros de altura y alcanzando velocidades de hasta 50 kil\u00f3metros por hora.<\/p>\n","protected":false},"excerpt":{"rendered":"<p>El c\u00f3ndor fue encontrado con un alambre enredado en una de sus alas, lo que le provoc\u00f3 algunas heridas impidiendo que pudiera volar. Con el objetivo de lograr la pronta recuperaci\u00f3n del ave, funcionarios del SAG tuvieron al c\u00f3ndor bajo observaci\u00f3n y reposo. Monte Patria, lunes 15 de julio de 2024.- Gracias a la oportuna &#8230;<\/p>\n","protected":false},"author":2,"featured_media":11585,"comment_status":"open","ping_status":"open","sticky":false,"template":"","format":"standard","meta":{"footnotes":""},"categories":[5],"tags":[],"class_list":["post-11584","post","type-post","status-publish","format-standard","has-post-thumbnail","hentry","category-actualidad-limarina"],"_links":{"self":[{"href":"https:\/\/www.radiolimari.cl\/index.php?rest_route=\/wp\/v2\/posts\/11584","targetHints":{"allow":["GET"]}}],"collection":[{"href":"https:\/\/www.radiolimari.cl\/index.php?rest_route=\/wp\/v2\/posts"}],"about":[{"href":"https:\/\/www.radiolimari.cl\/index.php?rest_route=\/wp\/v2\/types\/post"}],"author":[{"embeddable":true,"href":"https:\/\/www.radiolimari.cl\/index.php?rest_route=\/wp\/v2\/users\/2"}],"replies":[{"embeddable":true,"href":"https:\/\/www.radiolimari.cl\/index.php?rest_route=%2Fwp%2Fv2%2Fcomments&post=11584"}],"version-history":[{"count":1,"href":"https:\/\/www.radiolimari.cl\/index.php?rest_route=\/wp\/v2\/posts\/11584\/revisions"}],"predecessor-version":[{"id":11586,"href":"https:\/\/www.radiolimari.cl\/index.php?rest_route=\/wp\/v2\/posts\/11584\/revisions\/11586"}],"wp:featuredmedia":[{"embeddable":true,"href":"https:\/\/www.radiolimari.cl\/index.php?rest_route=\/wp\/v2\/media\/11585"}],"wp:attachment":[{"href":"https:\/\/www.radiolimari.cl\/index.php?rest_route=%2Fwp%2Fv2%2Fmedia&parent=11584"}],"wp:term":[{"taxonomy":"category","embeddable":true,"href":"https:\/\/www.radiolimari.cl\/index.php?rest_route=%2Fwp%2Fv2%2Fcategories&post=11584"},{"taxonomy":"post_tag","embeddable":true,"href":"https:\/\/www.radiolimari.cl\/index.php?rest_route=%2Fwp%2Fv2%2Ftags&post=11584"}],"curies":[{"name":"wp","href":"https:\/\/api.w.org\/{rel}","templated":true}]}}