{"id":11575,"date":"2024-07-12T20:22:51","date_gmt":"2024-07-12T20:22:51","guid":{"rendered":"https:\/\/www.radiolimari.cl\/?p=11575"},"modified":"2024-07-12T20:22:53","modified_gmt":"2024-07-12T20:22:53","slug":"recuerdan-a-colegios-y-jardines-infantiles-de-coquimbo-la-importancia-de-contar-con-su-sello-verde-al-dia","status":"publish","type":"post","link":"https:\/\/www.radiolimari.cl\/?p=11575","title":{"rendered":"Recuerdan a colegios y jardines infantiles de Coquimbo la importancia de contar con su SELLO VERDE al d\u00eda."},"content":{"rendered":"\n<figure class=\"wp-block-image size-large\"><a href=\"https:\/\/www.radiolimari.cl\/wp-content\/uploads\/2024\/07\/4.jpg\"><img fetchpriority=\"high\" decoding=\"async\" width=\"1024\" height=\"672\" src=\"https:\/\/www.radiolimari.cl\/wp-content\/uploads\/2024\/07\/4-1024x672.jpg\" alt=\"\" class=\"wp-image-11576\" srcset=\"https:\/\/www.radiolimari.cl\/wp-content\/uploads\/2024\/07\/4-1024x672.jpg 1024w, https:\/\/www.radiolimari.cl\/wp-content\/uploads\/2024\/07\/4-300x197.jpg 300w, https:\/\/www.radiolimari.cl\/wp-content\/uploads\/2024\/07\/4-768x504.jpg 768w, https:\/\/www.radiolimari.cl\/wp-content\/uploads\/2024\/07\/4.jpg 1280w\" sizes=\"(max-width: 1024px) 100vw, 1024px\" \/><\/a><\/figure>\n\n\n\n<p><em>La Superintendencia de Electricidad y Combustibles, junto a la Seremi de Energ\u00eda, la Seremi de Educaci\u00f3n y la Superintendencia de Educaci\u00f3n, convocaron a sostenedores de establecimientos educacionales de la regi\u00f3n a una charla sobre los riesgos asociados al uso de este energ\u00e9tico y reiteraron la importancia de contar con la inspecci\u00f3n peri\u00f3dica de sus instalaciones de gas.<\/em><\/p>\n\n\n\n<p><\/p>\n\n\n\n<p>Este mi\u00e9rcoles 10 de julio, sostenedores de colegios y jardines infantiles de la Regi\u00f3n de Coquimbo fueron convocados a la charla \u201cGas Licuado de Petr\u00f3leo en establecimientos educacionales. Riesgos asociados y obligaciones de los actores\u201d, con el fin de promover la importancia de contar con el SELLO VERDE al d\u00eda.<\/p>\n\n\n\n<p>Esta actividad fue organizada por la Superintendencia de Electricidad y Combustibles (SEC), la Seremi de Energ\u00eda, la Seremi de Educaci\u00f3n y la Superintendencia de Educaci\u00f3n, con el objetivo de concientizar sobre el uso del gas y promover una mayor seguridad para estudiantes, profesores, funcionarios, padres y apoderados.<\/p>\n\n\n\n<p>Como explic\u00f3 el Director Regional de SEC Coquimbo, Humberto Rovegno, este llamado se hizo porque la responsabilidad de la mantenci\u00f3n de las instalaciones de gas de los recintos educacionales recae en los propietarios o sostenedores de estos establecimientos.<\/p>\n\n\n\n<p>\u201cNuestro objetivo es recordarles que el uso de los combustibles, tales como el gas licuado y el natural, conlleva ciertos riesgos que se pueden disminuir adoptando una actitud de autocuidado y realizando las mantenciones peri\u00f3dicas de las instalaciones de gas con profesionales autorizados por la SEC, lo que ayudar\u00e1 a entregar una mayor seguridad a todos quienes integran la comunidad escolar\u201d, expres\u00f3 Rovegno.<\/p>\n\n\n\n<p>La Seremi de Educaci\u00f3n, Cecilia Ram\u00edrez Ch\u00e1vez explic\u00f3 que \u201cuna de nuestras labores es acompa\u00f1ar a los sostenedores para que puedan cumplir la norma como \u00f3rgano rector. Esto lo estamos haciendo en conjunto con todas estas instituciones en un trabajo colaborativo para sensibilizar, acompa\u00f1ar y resguardar que se cumpla la normativa y con ello la seguridad de todos los miembros de la comunidad educativa para que, en nuestra regi\u00f3n y ojal\u00e1 en ninguna parte del pa\u00eds, vuelva a ocurrir lo que pas\u00f3 en el Liceo Federico Lohse en la comuna de Los Vilos\u201d.<\/p>\n\n\n\n<p>Por su parte, el Seremi de Energ\u00eda, Eduardo Lara, destac\u00f3 que a esta actividad asistieron representantes de la mayor\u00eda de las comunas de la regi\u00f3n, \u201cdada la relevancia de la situaci\u00f3n preocupante que sucedi\u00f3 en Los Vilos y que podr\u00eda volver a ocurrir si los establecimientos no tienen el SELLO VERDE vigente. El llamado de las SEREMIS de Energ\u00eda y de Educaci\u00f3n, y de las dos Superintendencias, es a que hagamos un acompa\u00f1amiento, en un trabajo en conjunto, porque se trata de la seguridad de toda la comunidad escolar\u201d. &nbsp;&nbsp;&nbsp;&nbsp;<\/p>\n\n\n\n<p>Finalmente, el Director Regional de la Superintendencia de Educaci\u00f3n, Fernando Serme\u00f1o Vera, se\u00f1al\u00f3 que \u201clos establecimientos que reciben aportes del Estado, como los colegios particulares subvencionados y los p\u00fablicos, cuentan con una subvenci\u00f3n de mantenci\u00f3n que est\u00e1 destinada a financiar este tipo de gastos, como la obtenci\u00f3n del SELLO VERDE, que es fundamental y prioritario porque estamos hablando de la seguridad de nuestros ni\u00f1os y ni\u00f1as. Por lo tanto, el llamado es a utilizar estos recursos del Estado y a estar alertas dentro de las comunidades a revisar peri\u00f3dicamente el estado de sus instalaciones\u201d.&nbsp;<\/p>\n\n\n\n<p><strong>IMPORTANCIA DEL SELLO VERDE<\/strong><\/p>\n\n\n\n<p>El SELLO VERDE es un distintivo que confirma que las instalaciones interiores de gas cumplen con la normativa vigente para un uso seguro, es decir, que cuentan con la inspecci\u00f3n peri\u00f3dica al d\u00eda, proceso que debe efectuarse cada dos a\u00f1os por un organismo de certificaci\u00f3n autorizado por la SEC.<\/p>\n\n\n\n<p>Los recintos que deben contar con el SELLO VERDE son establecimientos educacionales, edificios residenciales, comercios, alojamientos, centros de salud y lugares habilitados para la atenci\u00f3n de p\u00fablico. Por ello, la Superintendencia de Electricidad y Combustibles tiene a disposici\u00f3n de la comunidad un procedimiento que permite revalidarlo u obtenerlo a trav\u00e9s de la p\u00e1gina <a href=\"http:\/\/www.sec.cl\/sello-verde-ok\/\">www.sec.cl\/sello-verde-ok\/<\/a>.<\/p>\n","protected":false},"excerpt":{"rendered":"<p>La Superintendencia de Electricidad y Combustibles, junto a la Seremi de Energ\u00eda, la Seremi de Educaci\u00f3n y la Superintendencia de Educaci\u00f3n, convocaron a sostenedores de establecimientos educacionales de la regi\u00f3n a una charla sobre los riesgos asociados al uso de este energ\u00e9tico y reiteraron la importancia de contar con la inspecci\u00f3n peri\u00f3dica de sus instalaciones &#8230;<\/p>\n","protected":false},"author":2,"featured_media":11576,"comment_status":"open","ping_status":"open","sticky":false,"template":"","format":"standard","meta":{"footnotes":""},"categories":[6],"tags":[],"class_list":["post-11575","post","type-post","status-publish","format-standard","has-post-thumbnail","hentry","category-regionales"],"_links":{"self":[{"href":"https:\/\/www.radiolimari.cl\/index.php?rest_route=\/wp\/v2\/posts\/11575","targetHints":{"allow":["GET"]}}],"collection":[{"href":"https:\/\/www.radiolimari.cl\/index.php?rest_route=\/wp\/v2\/posts"}],"about":[{"href":"https:\/\/www.radiolimari.cl\/index.php?rest_route=\/wp\/v2\/types\/post"}],"author":[{"embeddable":true,"href":"https:\/\/www.radiolimari.cl\/index.php?rest_route=\/wp\/v2\/users\/2"}],"replies":[{"embeddable":true,"href":"https:\/\/www.radiolimari.cl\/index.php?rest_route=%2Fwp%2Fv2%2Fcomments&post=11575"}],"version-history":[{"count":1,"href":"https:\/\/www.radiolimari.cl\/index.php?rest_route=\/wp\/v2\/posts\/11575\/revisions"}],"predecessor-version":[{"id":11577,"href":"https:\/\/www.radiolimari.cl\/index.php?rest_route=\/wp\/v2\/posts\/11575\/revisions\/11577"}],"wp:featuredmedia":[{"embeddable":true,"href":"https:\/\/www.radiolimari.cl\/index.php?rest_route=\/wp\/v2\/media\/11576"}],"wp:attachment":[{"href":"https:\/\/www.radiolimari.cl\/index.php?rest_route=%2Fwp%2Fv2%2Fmedia&parent=11575"}],"wp:term":[{"taxonomy":"category","embeddable":true,"href":"https:\/\/www.radiolimari.cl\/index.php?rest_route=%2Fwp%2Fv2%2Fcategories&post=11575"},{"taxonomy":"post_tag","embeddable":true,"href":"https:\/\/www.radiolimari.cl\/index.php?rest_route=%2Fwp%2Fv2%2Ftags&post=11575"}],"curies":[{"name":"wp","href":"https:\/\/api.w.org\/{rel}","templated":true}]}}