{"id":11562,"date":"2024-07-11T13:37:20","date_gmt":"2024-07-11T13:37:20","guid":{"rendered":"https:\/\/www.radiolimari.cl\/?p=11562"},"modified":"2024-07-11T13:37:20","modified_gmt":"2024-07-11T13:37:20","slug":"interpondran-querella-criminal-contra-ex-funcionario-que-oficio-de-alcalde-subrogante-de-ovalle-sin-sustento-legal","status":"publish","type":"post","link":"https:\/\/www.radiolimari.cl\/?p=11562","title":{"rendered":"Interpondr\u00e1n querella criminal contra ex funcionario que ofici\u00f3 de alcalde subrogante de Ovalle sin sustento legal."},"content":{"rendered":"\n<figure class=\"wp-block-image size-large\"><a href=\"https:\/\/www.radiolimari.cl\/wp-content\/uploads\/2024\/07\/CONCEJO-MUNICIPAL-DE-OVALLE-2024-scaled.jpg\"><img fetchpriority=\"high\" decoding=\"async\" width=\"1024\" height=\"589\" src=\"https:\/\/www.radiolimari.cl\/wp-content\/uploads\/2024\/07\/CONCEJO-MUNICIPAL-DE-OVALLE-2024-1024x589.jpg\" alt=\"\" class=\"wp-image-11563\" srcset=\"https:\/\/www.radiolimari.cl\/wp-content\/uploads\/2024\/07\/CONCEJO-MUNICIPAL-DE-OVALLE-2024-1024x589.jpg 1024w, https:\/\/www.radiolimari.cl\/wp-content\/uploads\/2024\/07\/CONCEJO-MUNICIPAL-DE-OVALLE-2024-300x173.jpg 300w, https:\/\/www.radiolimari.cl\/wp-content\/uploads\/2024\/07\/CONCEJO-MUNICIPAL-DE-OVALLE-2024-768x442.jpg 768w, https:\/\/www.radiolimari.cl\/wp-content\/uploads\/2024\/07\/CONCEJO-MUNICIPAL-DE-OVALLE-2024-1536x883.jpg 1536w, https:\/\/www.radiolimari.cl\/wp-content\/uploads\/2024\/07\/CONCEJO-MUNICIPAL-DE-OVALLE-2024-2048x1178.jpg 2048w\" sizes=\"(max-width: 1024px) 100vw, 1024px\" \/><\/a><\/figure>\n\n\n\n<p><em>El abogado penalista Carlos Tello Luza, realiz\u00f3 una exposici\u00f3n ante los miembros del Concejo Municipal. Alcalde Jonathan Acu\u00f1a: \u201cvamos a llegar hasta las \u00faltimas consecuencias\u201d.<\/em><\/p>\n\n\n\n<p>Molestia y sorpresa hubo este martes 09 de julio, en el seno del Concejo Municipal de Ovalle cuando se dio a conocer que el ex Secretario de Planificaci\u00f3n Comunal (Secplan), H\u00e9ctor Vega Campusano habr\u00eda oficiado de alcalde subrogante sin tener la titularidad, ni el mandato legal que se\u00f1ala Ley de Municipalidades en su art\u00edculo N\u00b0 62.<\/p>\n\n\n\n<p>\u201cEl d\u00eda 4 de noviembre de 2022 cuando fue destituido el ex alcalde Claudio Renter\u00eda, tom\u00f3 la subrogancia el ex Secplan H\u00e9ctor Vega. El 14 del mismo mes sesion\u00f3 de manera extraordinaria el Concejo a fin de discutir si era procedente que el funcionario mencionado fuera el subrogante o no, pero a los entonces concejales se les se\u00f1al\u00f3 que exist\u00eda un decreto alcaldicio que avalaba el nombramiento de Vega, sin embargo, ese decreto &#8211; tal como se\u00f1ala la Ley &#8211; deb\u00eda haber tenido previa consulta al Concejo Municipal, situaci\u00f3n que nunca ocurri\u00f3\u201d, seg\u00fan explicaron desde la Direcci\u00f3n de Asesor\u00eda Jur\u00eddica del municipio.<\/p>\n\n\n\n<p>Asimismo, se\u00f1alaron que \u201cdurante parte del a\u00f1o 2021 y todo el a\u00f1o 2022, el ex funcionario de la administraci\u00f3n Renter\u00eda, actu\u00f3 en calidad de alcalde subrogante sin contar con la formalidad legal para ello\u201d.<\/p>\n\n\n\n<p>Adem\u00e1s, se dio a conocer a los actuales concejales que \u201cVega celebr\u00f3 cientos de contratos alcaldicios, subi\u00f3 grados a funcionarios de su confianza, celebr\u00f3 contrataciones directas, generando un perjuicio al municipio\u201d.<\/p>\n\n\n\n<p>Por otro lado, en el informe entregado a conocer a los concejales se indica que \u201cla jefa de Control del Municipio, Leticia Cort\u00e9s, en diciembre del 2021 envi\u00f3 un correo al entonces Secretario del Concejo Municipal, advirtiendo dicha irregularidad\u201d.<\/p>\n\n\n\n<p>Ante esto, el alcalde Jonathan Acu\u00f1a anunci\u00f3 investigaci\u00f3n interna y una querella criminal y manifest\u00f3 que \u201choy nosotros no vamos a dejar espacios a dobles interpretaciones, vamos a ser lapidarios de cu\u00e1les son las responsabilidades administrativas y las responsabilidades penales ser\u00e1n los tribunales que las determinen. Nosotros vamos a entregar toda la informaci\u00f3n que consideremos que es pertinente para que se estudie, clarifique y ellos determinar\u00e1n las responsabilidades. Claramente, hoy nos toca en muchos de estos casos llevar a cabo procesos disciplinarios administrativos que los vamos a realizar. Nosotros lo que hemos dicho y hemos manifestado dentro del concejo, que vamos a llegar hasta las \u00faltimas consecuencias\u201d, puntualiz\u00f3.<\/p>\n\n\n\n<p>Por su parte, el abogado Carlos Tello Luza, durante el Concejo Municipal sostuvo que en esta situaci\u00f3n no s\u00f3lo habr\u00eda falta a la probidad administrativa sino que \u201cel s\u00f3lo hecho que esta persona administre la comuna sin que se cumpla los requisitos&nbsp; legales, a mi juicio pudiese ser constitutivo de delito del art\u00edculo 213 &nbsp;del C\u00f3digo Penal como es fingir, eventualmente tambi\u00e9n delitos del art\u00edculo 221, usurpaci\u00f3n de funciones, como tambi\u00e9n identifico posibles delitos del art\u00edculo 239 de fraude al fisco\u201d, concluy\u00f3.<\/p>\n","protected":false},"excerpt":{"rendered":"<p>El abogado penalista Carlos Tello Luza, realiz\u00f3 una exposici\u00f3n ante los miembros del Concejo Municipal. Alcalde Jonathan Acu\u00f1a: \u201cvamos a llegar hasta las \u00faltimas consecuencias\u201d. Molestia y sorpresa hubo este martes 09 de julio, en el seno del Concejo Municipal de Ovalle cuando se dio a conocer que el ex Secretario de Planificaci\u00f3n Comunal (Secplan), &#8230;<\/p>\n","protected":false},"author":2,"featured_media":11563,"comment_status":"open","ping_status":"open","sticky":false,"template":"","format":"standard","meta":{"footnotes":""},"categories":[5],"tags":[],"class_list":["post-11562","post","type-post","status-publish","format-standard","has-post-thumbnail","hentry","category-actualidad-limarina"],"_links":{"self":[{"href":"https:\/\/www.radiolimari.cl\/index.php?rest_route=\/wp\/v2\/posts\/11562","targetHints":{"allow":["GET"]}}],"collection":[{"href":"https:\/\/www.radiolimari.cl\/index.php?rest_route=\/wp\/v2\/posts"}],"about":[{"href":"https:\/\/www.radiolimari.cl\/index.php?rest_route=\/wp\/v2\/types\/post"}],"author":[{"embeddable":true,"href":"https:\/\/www.radiolimari.cl\/index.php?rest_route=\/wp\/v2\/users\/2"}],"replies":[{"embeddable":true,"href":"https:\/\/www.radiolimari.cl\/index.php?rest_route=%2Fwp%2Fv2%2Fcomments&post=11562"}],"version-history":[{"count":1,"href":"https:\/\/www.radiolimari.cl\/index.php?rest_route=\/wp\/v2\/posts\/11562\/revisions"}],"predecessor-version":[{"id":11564,"href":"https:\/\/www.radiolimari.cl\/index.php?rest_route=\/wp\/v2\/posts\/11562\/revisions\/11564"}],"wp:featuredmedia":[{"embeddable":true,"href":"https:\/\/www.radiolimari.cl\/index.php?rest_route=\/wp\/v2\/media\/11563"}],"wp:attachment":[{"href":"https:\/\/www.radiolimari.cl\/index.php?rest_route=%2Fwp%2Fv2%2Fmedia&parent=11562"}],"wp:term":[{"taxonomy":"category","embeddable":true,"href":"https:\/\/www.radiolimari.cl\/index.php?rest_route=%2Fwp%2Fv2%2Fcategories&post=11562"},{"taxonomy":"post_tag","embeddable":true,"href":"https:\/\/www.radiolimari.cl\/index.php?rest_route=%2Fwp%2Fv2%2Ftags&post=11562"}],"curies":[{"name":"wp","href":"https:\/\/api.w.org\/{rel}","templated":true}]}}