{"id":11559,"date":"2024-07-10T13:42:48","date_gmt":"2024-07-10T13:42:48","guid":{"rendered":"https:\/\/www.radiolimari.cl\/?p=11559"},"modified":"2024-07-10T13:42:49","modified_gmt":"2024-07-10T13:42:49","slug":"oficina-de-deportes-del-municipio-ovallino-invita-a-jornada-deportiva-y-recreativa-en-la-plaza-de-armas-de-la-ciudad","status":"publish","type":"post","link":"https:\/\/www.radiolimari.cl\/?p=11559","title":{"rendered":"Oficina de Deportes del Municipio Ovallino invita a jornada deportiva y recreativa en la plaza de armas de la ciudad."},"content":{"rendered":"\n<figure class=\"wp-block-image size-large\"><a href=\"https:\/\/www.radiolimari.cl\/wp-content\/uploads\/2024\/07\/Baile-entretenido-2--scaled.jpg\"><img fetchpriority=\"high\" decoding=\"async\" width=\"1024\" height=\"576\" src=\"https:\/\/www.radiolimari.cl\/wp-content\/uploads\/2024\/07\/Baile-entretenido-2--1024x576.jpg\" alt=\"\" class=\"wp-image-11560\" srcset=\"https:\/\/www.radiolimari.cl\/wp-content\/uploads\/2024\/07\/Baile-entretenido-2--1024x576.jpg 1024w, https:\/\/www.radiolimari.cl\/wp-content\/uploads\/2024\/07\/Baile-entretenido-2--300x169.jpg 300w, https:\/\/www.radiolimari.cl\/wp-content\/uploads\/2024\/07\/Baile-entretenido-2--768x432.jpg 768w, https:\/\/www.radiolimari.cl\/wp-content\/uploads\/2024\/07\/Baile-entretenido-2--1536x864.jpg 1536w, https:\/\/www.radiolimari.cl\/wp-content\/uploads\/2024\/07\/Baile-entretenido-2--2048x1153.jpg 2048w\" sizes=\"(max-width: 1024px) 100vw, 1024px\" \/><\/a><\/figure>\n\n\n\n<p><strong><em>La actividad, impulsada por la Oficina de Deportes y Recreaci\u00f3n del municipio de Ovalle, se realizar\u00e1 el pr\u00f3ximo martes 16 de julio, desde las 9.00 horas, donde habr\u00e1 cl\u00ednicas deportivas de los talleres municipales que se desarrollan en la comuna, para que la comunidad se informe y pueda integrarse gratuitamente.<\/em><\/strong><\/p>\n\n\n\n<p>El pr\u00f3ximo martes 16 de julio, la plaza de armas se llenar\u00e1 de actividades deportivas que las familias de la comuna podr\u00e1n disfrutar de forma gratuita. La iniciativa, impulsada por el municipio de Ovalle, a trav\u00e9s de la Oficina de Deportes y Recreaci\u00f3n, se iniciar\u00e1 a las 9.00 horas y se extender\u00e1 hasta las 13.00 horas, instancia en que se habilitar\u00e1n talleres de boxeo, tenis, f\u00fatbol, atletismo, pat\u00edn carrera y con el prop\u00f3sito que los ovallinos y ovallinas, principalmente, los ni\u00f1os y ni\u00f1as, se sumen a estos talleres que se realizan tanto en la zona urbana y rural de la comuna, a trav\u00e9s de monitores deportivos, y que son gratuitos para la comunidad.<\/p>\n\n\n\n<p>A esto, se suma un \u00e1rea que estar\u00e1 destinada al baile entretenido, donde todas las personas se podr\u00e1n sumar y disfrutar de esta actividad, que ha tenido gran \u00e9xito en las poblaciones locales y tambi\u00e9n en las localidades rurales, ya que son muchas las personas que practican esta disciplina.<\/p>\n\n\n\n<p>\u201cNuestra idea es que sea una actividad familiar que todos podamos disfrutar, donde queremos fomentar el deporte y dejar atr\u00e1s el sedentarismo que es tan da\u00f1ino para la salud de las personas. Podr\u00e1n conocer nuestros talleres deportivos e integrarse gratuitamente\u201d, sostuvo el alcalde de Ovalle, Jonathan Acu\u00f1a Rojas.&nbsp;<\/p>\n\n\n\n<p>Al respecto, la encargada de la Oficina de Deportes y Recreaci\u00f3n, Viviana Olivares se\u00f1al\u00f3 que el pr\u00f3ximo martes \u201cllenaremos de deportes la plaza de armas y nuestro objetivo es que las personas tengan la experiencia de practicar las disciplinas que les gustan, conozcan a los monitores y monitoras y se inscriban para participar en los talleres deportivos, que pone a disposici\u00f3n el municipio de Ovalle\u201d.<\/p>\n\n\n\n<p>Durante la jornada habr\u00e1 concursos y muchos premios para quienes participen en esta actividad que llenar\u00e1 de vida el principal paseo p\u00fablico de la ciudad.<\/p>\n","protected":false},"excerpt":{"rendered":"<p>La actividad, impulsada por la Oficina de Deportes y Recreaci\u00f3n del municipio de Ovalle, se realizar\u00e1 el pr\u00f3ximo martes 16 de julio, desde las 9.00 horas, donde habr\u00e1 cl\u00ednicas deportivas de los talleres municipales que se desarrollan en la comuna, para que la comunidad se informe y pueda integrarse gratuitamente. El pr\u00f3ximo martes 16 de &#8230;<\/p>\n","protected":false},"author":2,"featured_media":11560,"comment_status":"open","ping_status":"open","sticky":false,"template":"","format":"standard","meta":{"footnotes":""},"categories":[5],"tags":[],"class_list":["post-11559","post","type-post","status-publish","format-standard","has-post-thumbnail","hentry","category-actualidad-limarina"],"_links":{"self":[{"href":"https:\/\/www.radiolimari.cl\/index.php?rest_route=\/wp\/v2\/posts\/11559","targetHints":{"allow":["GET"]}}],"collection":[{"href":"https:\/\/www.radiolimari.cl\/index.php?rest_route=\/wp\/v2\/posts"}],"about":[{"href":"https:\/\/www.radiolimari.cl\/index.php?rest_route=\/wp\/v2\/types\/post"}],"author":[{"embeddable":true,"href":"https:\/\/www.radiolimari.cl\/index.php?rest_route=\/wp\/v2\/users\/2"}],"replies":[{"embeddable":true,"href":"https:\/\/www.radiolimari.cl\/index.php?rest_route=%2Fwp%2Fv2%2Fcomments&post=11559"}],"version-history":[{"count":1,"href":"https:\/\/www.radiolimari.cl\/index.php?rest_route=\/wp\/v2\/posts\/11559\/revisions"}],"predecessor-version":[{"id":11561,"href":"https:\/\/www.radiolimari.cl\/index.php?rest_route=\/wp\/v2\/posts\/11559\/revisions\/11561"}],"wp:featuredmedia":[{"embeddable":true,"href":"https:\/\/www.radiolimari.cl\/index.php?rest_route=\/wp\/v2\/media\/11560"}],"wp:attachment":[{"href":"https:\/\/www.radiolimari.cl\/index.php?rest_route=%2Fwp%2Fv2%2Fmedia&parent=11559"}],"wp:term":[{"taxonomy":"category","embeddable":true,"href":"https:\/\/www.radiolimari.cl\/index.php?rest_route=%2Fwp%2Fv2%2Fcategories&post=11559"},{"taxonomy":"post_tag","embeddable":true,"href":"https:\/\/www.radiolimari.cl\/index.php?rest_route=%2Fwp%2Fv2%2Ftags&post=11559"}],"curies":[{"name":"wp","href":"https:\/\/api.w.org\/{rel}","templated":true}]}}