{"id":11544,"date":"2024-07-09T00:17:53","date_gmt":"2024-07-09T00:17:53","guid":{"rendered":"https:\/\/www.radiolimari.cl\/?p=11544"},"modified":"2024-07-09T00:17:54","modified_gmt":"2024-07-09T00:17:54","slug":"monitorean-seguridad-vial-ante-retorno-a-clases-de-estudiantes-en-limari","status":"publish","type":"post","link":"https:\/\/www.radiolimari.cl\/?p=11544","title":{"rendered":"Monitorean seguridad vial ante retorno a clases de estudiantes en Limar\u00ed."},"content":{"rendered":"\n<figure class=\"wp-block-image size-large\"><a href=\"https:\/\/www.radiolimari.cl\/wp-content\/uploads\/2024\/07\/RETORNO-A-CLASES-2.jpeg\"><img fetchpriority=\"high\" decoding=\"async\" width=\"1024\" height=\"768\" src=\"https:\/\/www.radiolimari.cl\/wp-content\/uploads\/2024\/07\/RETORNO-A-CLASES-2-1024x768.jpeg\" alt=\"\" class=\"wp-image-11545\" srcset=\"https:\/\/www.radiolimari.cl\/wp-content\/uploads\/2024\/07\/RETORNO-A-CLASES-2-1024x768.jpeg 1024w, https:\/\/www.radiolimari.cl\/wp-content\/uploads\/2024\/07\/RETORNO-A-CLASES-2-300x225.jpeg 300w, https:\/\/www.radiolimari.cl\/wp-content\/uploads\/2024\/07\/RETORNO-A-CLASES-2-768x576.jpeg 768w, https:\/\/www.radiolimari.cl\/wp-content\/uploads\/2024\/07\/RETORNO-A-CLASES-2-1536x1152.jpeg 1536w, https:\/\/www.radiolimari.cl\/wp-content\/uploads\/2024\/07\/RETORNO-A-CLASES-2.jpeg 1600w\" sizes=\"(max-width: 1024px) 100vw, 1024px\" \/><\/a><\/figure>\n\n\n\n<p><strong><em>A trav\u00e9s de una coordinaci\u00f3n intersectorial, se propiciaron medidas para evitar grandes congestiones e incidencias de tr\u00e1nsito que afecten principalmente a estudiantes.<\/em><\/strong><\/p>\n\n\n\n<p>Cerca de 35 mil estudiantes de la provincia de Limar\u00ed ingresaron esta ma\u00f1ana a clases tras el receso de invierno. Es por ello, que desde la Delegaci\u00f3n presidencial provincial de Limar\u00ed, se estuvo monitoreando este retorno en t\u00e9rminos de seguridad vial, a trav\u00e9s de un plan preventivo con autoridades de los municipios, SEREMI de Transportes y carabineros y tambi\u00e9n en terreno.<\/p>\n\n\n\n<p>Todo esto, con el objetivo de&nbsp; evitar grandes congestiones viales e incidencias, poniendo especial \u00e9nfasis en el cuidado estudiantes.<\/p>\n\n\n\n<p>En cuanto a la evaluaci\u00f3n general de las medidas adoptadas, la Delegada presidencial provincial de Limar\u00ed, Marily Escobar, indic\u00f3 que \u201chemos revisado distintos puntos de congesti\u00f3n, los cuales se han desarrollado con normalidad en un trabajo que efectuamos de manera preventiva con SEREMI de transportes, el municipio de Ovalle y Carabineros de Chile. Adem\u00e1s, hoy nos mantuvimos desplegados en terreno y hemos verificado que cada una de las medidas que se tomaron han resultado con un balance bastante positivo\u201d.<\/p>\n\n\n\n<p>La SEREMI de Transportes Alejandra Maureira, explic\u00f3 que&nbsp; \u00abeste regreso a clases estuvimos desplegados en diferentes puntos de la regi\u00f3n. En Ovalle levantamos un trabajo previo a este inicio, ajustando los tiempos de sem\u00e1foros, en donde tanto la Unidad Operativa de Control de Tr\u00e1nsito, como el municipio estuvieron haciendo un recorrido por cada uno de los sem\u00e1foros del centro para verificar los tiempos y ajustarlos debido al flujo vehicular que aumenta esta temporada. Adem\u00e1s, el equipo de fiscalizaci\u00f3n estuvo muy temprano, principalmente en el Eje Antonio Tirado, donde existen varios colegios y donde el gremio de transporte escolar hab\u00eda solicitado mayor fiscalizaci\u00f3n sobre los paraderos, y de esa manera en coordinaci\u00f3n con la Delegaci\u00f3n se estuvieron verificando los distintos puntos de la comuna\u00bb<\/p>\n\n\n\n<p>En cuanto al trabajo de Carabineros, el Capit\u00e1n Raimundo Barrios, comisario (s) de la 3era comisar\u00eda de Ovalle, precis\u00f3 que \u201cse dispusieron distintos puntos de control de tr\u00e1nsito, los cuales fueron instalados a contar de las 07:00 horas. Espec\u00edficamente en 16 puntos de la ciudad de Ovalle para agilizar el tr\u00e1nsito y evitar atochamientos en las principales arterias de la comuna, situaci\u00f3n que fue normalizada alrededor de las 08:30 de la ma\u00f1ana. No se registraron accidentes de tr\u00e1nsito ni otros tipos de incidentes, conforme a la planificaci\u00f3n establecida y a lo visto en la central de c\u00e1maras. Debemos destacar que tambi\u00e9n nos hicimos presentes en otras comunas de la provincia, donde se fijaron controles estrat\u00e9gicos de tr\u00e1nsito para dar normal fluidez, lo que ser\u00e1 permanente en estos d\u00edas para normalizar el ingreso del alumnado.\u201d<\/p>\n\n\n\n<p>Cabe recordar que dentro de los planes de gobierno para la vuelta a clases y el inicio del segundo semestre, se efectu\u00f3 la mesa de movilidad para abordar la gesti\u00f3n del tr\u00e1nsito, encabezada por Seremi de Transportes y la delegada presidencial de Limar\u00ed. En esta reuni\u00f3n, se identificaron puntos clave en la provincia de Limar\u00ed que requieren reparaciones de sem\u00e1foros y posibles nudos viales que fueron atendidos por personal de carabineros.<\/p>\n","protected":false},"excerpt":{"rendered":"<p>A trav\u00e9s de una coordinaci\u00f3n intersectorial, se propiciaron medidas para evitar grandes congestiones e incidencias de tr\u00e1nsito que afecten principalmente a estudiantes. Cerca de 35 mil estudiantes de la provincia de Limar\u00ed ingresaron esta ma\u00f1ana a clases tras el receso de invierno. Es por ello, que desde la Delegaci\u00f3n presidencial provincial de Limar\u00ed, se estuvo &#8230;<\/p>\n","protected":false},"author":2,"featured_media":11545,"comment_status":"open","ping_status":"open","sticky":false,"template":"","format":"standard","meta":{"footnotes":""},"categories":[5],"tags":[],"class_list":["post-11544","post","type-post","status-publish","format-standard","has-post-thumbnail","hentry","category-actualidad-limarina"],"_links":{"self":[{"href":"https:\/\/www.radiolimari.cl\/index.php?rest_route=\/wp\/v2\/posts\/11544","targetHints":{"allow":["GET"]}}],"collection":[{"href":"https:\/\/www.radiolimari.cl\/index.php?rest_route=\/wp\/v2\/posts"}],"about":[{"href":"https:\/\/www.radiolimari.cl\/index.php?rest_route=\/wp\/v2\/types\/post"}],"author":[{"embeddable":true,"href":"https:\/\/www.radiolimari.cl\/index.php?rest_route=\/wp\/v2\/users\/2"}],"replies":[{"embeddable":true,"href":"https:\/\/www.radiolimari.cl\/index.php?rest_route=%2Fwp%2Fv2%2Fcomments&post=11544"}],"version-history":[{"count":1,"href":"https:\/\/www.radiolimari.cl\/index.php?rest_route=\/wp\/v2\/posts\/11544\/revisions"}],"predecessor-version":[{"id":11546,"href":"https:\/\/www.radiolimari.cl\/index.php?rest_route=\/wp\/v2\/posts\/11544\/revisions\/11546"}],"wp:featuredmedia":[{"embeddable":true,"href":"https:\/\/www.radiolimari.cl\/index.php?rest_route=\/wp\/v2\/media\/11545"}],"wp:attachment":[{"href":"https:\/\/www.radiolimari.cl\/index.php?rest_route=%2Fwp%2Fv2%2Fmedia&parent=11544"}],"wp:term":[{"taxonomy":"category","embeddable":true,"href":"https:\/\/www.radiolimari.cl\/index.php?rest_route=%2Fwp%2Fv2%2Fcategories&post=11544"},{"taxonomy":"post_tag","embeddable":true,"href":"https:\/\/www.radiolimari.cl\/index.php?rest_route=%2Fwp%2Fv2%2Ftags&post=11544"}],"curies":[{"name":"wp","href":"https:\/\/api.w.org\/{rel}","templated":true}]}}