{"id":11538,"date":"2024-07-08T18:04:46","date_gmt":"2024-07-08T18:04:46","guid":{"rendered":"https:\/\/www.radiolimari.cl\/?p=11538"},"modified":"2024-07-08T18:04:47","modified_gmt":"2024-07-08T18:04:47","slug":"cuerpo-de-bomberos-el-palqui-celebra-nuevo-aniversario-con-historico-reconocimiento","status":"publish","type":"post","link":"https:\/\/www.radiolimari.cl\/?p=11538","title":{"rendered":"Cuerpo de Bomberos El Palqui celebra nuevo aniversario con hist\u00f3rico reconocimiento."},"content":{"rendered":"\n<figure class=\"wp-block-image size-large\"><a href=\"https:\/\/www.radiolimari.cl\/wp-content\/uploads\/2024\/07\/ANIVERSARIO-BOMBEROS-EL-PALQUI_46-scaled.jpg\"><img fetchpriority=\"high\" decoding=\"async\" width=\"1024\" height=\"683\" src=\"https:\/\/www.radiolimari.cl\/wp-content\/uploads\/2024\/07\/ANIVERSARIO-BOMBEROS-EL-PALQUI_46-1024x683.jpg\" alt=\"\" class=\"wp-image-11539\" srcset=\"https:\/\/www.radiolimari.cl\/wp-content\/uploads\/2024\/07\/ANIVERSARIO-BOMBEROS-EL-PALQUI_46-1024x683.jpg 1024w, https:\/\/www.radiolimari.cl\/wp-content\/uploads\/2024\/07\/ANIVERSARIO-BOMBEROS-EL-PALQUI_46-300x200.jpg 300w, https:\/\/www.radiolimari.cl\/wp-content\/uploads\/2024\/07\/ANIVERSARIO-BOMBEROS-EL-PALQUI_46-768x512.jpg 768w, https:\/\/www.radiolimari.cl\/wp-content\/uploads\/2024\/07\/ANIVERSARIO-BOMBEROS-EL-PALQUI_46-1536x1024.jpg 1536w, https:\/\/www.radiolimari.cl\/wp-content\/uploads\/2024\/07\/ANIVERSARIO-BOMBEROS-EL-PALQUI_46-2048x1365.jpg 2048w\" sizes=\"(max-width: 1024px) 100vw, 1024px\" \/><\/a><\/figure>\n\n\n\n<p><strong><em>A nivel nacional, la instituci\u00f3n de Bomberos de Chile cumple 173 a\u00f1os de trayectoria; en la comuna de los valles generosos el origen data hace 55 a\u00f1os atr\u00e1s, con fecha fundacional del 09 de marzo de 1969.<\/em><\/strong><\/p>\n\n\n\n<p>Bomberos de Chile est\u00e1 de aniversario, a nivel pa\u00eds cientos de cuerpos bomberiles celebran la fecha de creaci\u00f3n de la instituci\u00f3n; este viernes 5 fue el turno del cuerpo de Bomberos de El Palqui (Monte Patria), quienes celebraban sus 55 a\u00f1os de historia, con los reconocimientos respectivos, pero con una gran novedad, la declaraci\u00f3n de Bomberos Insigne de Chile para Enrique Cort\u00e9s Alfaro, bombero fundacional del cuerpo que es condecorado con esta significativa medalla.<\/p>\n\n\n\n<p>Bajo el lema de <em>\u201cTrabajo, Sacrificio y Vida\u201d<\/em>, el cuerpo de Bomberos El Palqui ha cubierto las necesidades de emergencia de toda la comuna de los valles generosos, acudiendo desde incendios forestales de gran magnitud a eventos menores domiciliarios, todo con el mismo valor y la misma dedicaci\u00f3n de siempre.<\/p>\n\n\n\n<p>Este a\u00f1o se realizaron los tradicionales reconocimientos, por sus a\u00f1os de servicio en la instituci\u00f3n; bomberos honorarios; voluntarios iniciales destacados y un reconocimiento especial por igualdad de g\u00e9nero. Sin embargo, el reconocimiento que marc\u00f3 un sello especial en este aniversario fue la llegada del reconocimiento de Bomberos Insigne de Chile para Enrique Cort\u00e9s Alfaro, este reconocimiento se hace a los bomberos con m\u00e1s de 50 a\u00f1os de trayectoria.<\/p>\n\n\n\n<p>Tras la ceremonia, el propio enrique cort\u00e9s Alfaro coment\u00f3 su impresi\u00f3n por este nuevo aniversario, agradeciendo el reconocimiento de bombero Insigne, <strong>\u201cmuy orgulloso, como fundador me siento sumamente emocionado, nunca pens\u00e9 llegar a estos momentos, imag\u00ednese 55 a\u00f1os en la instituci\u00f3n, hay muchos compa\u00f1eros m\u00e1s que no est\u00e1n ac\u00e1 y por ellos me siento feliz. Ver tanta juventud me emociona, de igual forma falta m\u00e1s juventud, vamos apara abajo y hay pocos voluntarios. En realidad, las mujeres toman un rol fundamental, yo cundo entre particip\u00e9 con mi se\u00f1ora como bombera, mi hija igual fue bombera, entonces las mujeres han estado siempre presentes, si no fuera por ellas yo no estar\u00eda ac\u00e1\u201d.<\/strong><\/p>\n\n\n\n<p>Desde el propio Cuerpo de Bomberos de El Paqui, su superintendente, Jordan Zepeda Aguirre valor\u00f3 este nuevo aniversario, relatando los principales logros de este \u00faltimo tiempo, agradeciendo de paso a las instituciones colaboradoras con bomberos, <strong>\u201cuna jornada emotiva, sin duda hoy estamos conmemorando el d\u00eda Nacional de Bomberos, hoy tenemos para destacar un gran hito, es primera vez que tenemos un Bomberos insigne de Chile, con Enrique cortes, quienes cumple 55 a\u00f1os de trayectoria, la misma del cuerpo comunal. Destacar su servicio, tambi\u00e9n destacar a las mujeres que est\u00e1n teniendo una gran participaci\u00f3n al interior. Desde que comenzamos nuestra administraci\u00f3n, en conjunto con el municipio hemos gestionado cosas, la donaci\u00f3n de la ambulancia, la subvenci\u00f3n municipal, el terreno para la C\u00eda. de rio Mostazal, han sido gestiones claves para el avance de nuestra instituci\u00f3n. Agradecemos tambi\u00e9n al Consejo Regional y el Gobierno Regional por el aporte que tenemos en proyectos, agradecidos en este nuevo aniversario\u201d.<\/strong><\/p>\n\n\n\n<p>La gesti\u00f3n municipal ha sida una aliada permanente de bomberos, esto con subvenciones municipales gestiones, entre otros aportes. Olga Barraza, alcaldesa subrogante de la jornada destac\u00f3 el trabajo realizado por este grupo humano, <strong>\u201cuna emotiva ceremonia por parte de Bomberos de Chile, celebrando esto 173 a\u00f1os en nacional y 55 a nivel local; seguiremos trabajando en conjunto con Bomberos de Chile, hemos conseguido grandes cosas, pero en estos momentos solo queda agradecer a Bomberos por la labor que han tenido, ellos han mantenido a salvo nuestra comuna de los valles generosos\u201d.<\/strong><\/p>\n\n\n\n<p>Este nuevo aniversario viene aparejado de grandes logros ya concretados, como la creaci\u00f3n del nuevo departamento m\u00e9dico, le cual ya cuenta con ambulancia; la adquisici\u00f3n del comodato para terreno y declaraci\u00f3n de creaci\u00f3n de la nueva C\u00eda. Bomba Rio Mostazal, entre otras buenas noticias.<\/p>\n","protected":false},"excerpt":{"rendered":"<p>A nivel nacional, la instituci\u00f3n de Bomberos de Chile cumple 173 a\u00f1os de trayectoria; en la comuna de los valles generosos el origen data hace 55 a\u00f1os atr\u00e1s, con fecha fundacional del 09 de marzo de 1969. Bomberos de Chile est\u00e1 de aniversario, a nivel pa\u00eds cientos de cuerpos bomberiles celebran la fecha de creaci\u00f3n &#8230;<\/p>\n","protected":false},"author":2,"featured_media":11539,"comment_status":"open","ping_status":"open","sticky":false,"template":"","format":"standard","meta":{"footnotes":""},"categories":[5],"tags":[],"class_list":["post-11538","post","type-post","status-publish","format-standard","has-post-thumbnail","hentry","category-actualidad-limarina"],"_links":{"self":[{"href":"https:\/\/www.radiolimari.cl\/index.php?rest_route=\/wp\/v2\/posts\/11538","targetHints":{"allow":["GET"]}}],"collection":[{"href":"https:\/\/www.radiolimari.cl\/index.php?rest_route=\/wp\/v2\/posts"}],"about":[{"href":"https:\/\/www.radiolimari.cl\/index.php?rest_route=\/wp\/v2\/types\/post"}],"author":[{"embeddable":true,"href":"https:\/\/www.radiolimari.cl\/index.php?rest_route=\/wp\/v2\/users\/2"}],"replies":[{"embeddable":true,"href":"https:\/\/www.radiolimari.cl\/index.php?rest_route=%2Fwp%2Fv2%2Fcomments&post=11538"}],"version-history":[{"count":1,"href":"https:\/\/www.radiolimari.cl\/index.php?rest_route=\/wp\/v2\/posts\/11538\/revisions"}],"predecessor-version":[{"id":11540,"href":"https:\/\/www.radiolimari.cl\/index.php?rest_route=\/wp\/v2\/posts\/11538\/revisions\/11540"}],"wp:featuredmedia":[{"embeddable":true,"href":"https:\/\/www.radiolimari.cl\/index.php?rest_route=\/wp\/v2\/media\/11539"}],"wp:attachment":[{"href":"https:\/\/www.radiolimari.cl\/index.php?rest_route=%2Fwp%2Fv2%2Fmedia&parent=11538"}],"wp:term":[{"taxonomy":"category","embeddable":true,"href":"https:\/\/www.radiolimari.cl\/index.php?rest_route=%2Fwp%2Fv2%2Fcategories&post=11538"},{"taxonomy":"post_tag","embeddable":true,"href":"https:\/\/www.radiolimari.cl\/index.php?rest_route=%2Fwp%2Fv2%2Ftags&post=11538"}],"curies":[{"name":"wp","href":"https:\/\/api.w.org\/{rel}","templated":true}]}}