{"id":11535,"date":"2024-07-04T22:53:20","date_gmt":"2024-07-04T22:53:20","guid":{"rendered":"https:\/\/www.radiolimari.cl\/?p=11535"},"modified":"2024-07-04T22:53:21","modified_gmt":"2024-07-04T22:53:21","slug":"reunion-de-gestion-del-transito-aportara-a-mejorar-las-condiciones-viales-de-ovalle","status":"publish","type":"post","link":"https:\/\/www.radiolimari.cl\/?p=11535","title":{"rendered":"Reuni\u00f3n de gesti\u00f3n del tr\u00e1nsito aportar\u00e1 a mejorar las condiciones viales de Ovalle."},"content":{"rendered":"\n<figure class=\"wp-block-image size-large\"><a href=\"https:\/\/www.radiolimari.cl\/wp-content\/uploads\/2024\/07\/WhatsApp-Image-2024-07-02-at-19.13.39-scaled.jpeg\"><img fetchpriority=\"high\" decoding=\"async\" width=\"1024\" height=\"576\" src=\"https:\/\/www.radiolimari.cl\/wp-content\/uploads\/2024\/07\/WhatsApp-Image-2024-07-02-at-19.13.39-1024x576.jpeg\" alt=\"\" class=\"wp-image-11536\" srcset=\"https:\/\/www.radiolimari.cl\/wp-content\/uploads\/2024\/07\/WhatsApp-Image-2024-07-02-at-19.13.39-1024x576.jpeg 1024w, https:\/\/www.radiolimari.cl\/wp-content\/uploads\/2024\/07\/WhatsApp-Image-2024-07-02-at-19.13.39-300x169.jpeg 300w, https:\/\/www.radiolimari.cl\/wp-content\/uploads\/2024\/07\/WhatsApp-Image-2024-07-02-at-19.13.39-768x432.jpeg 768w, https:\/\/www.radiolimari.cl\/wp-content\/uploads\/2024\/07\/WhatsApp-Image-2024-07-02-at-19.13.39-1536x864.jpeg 1536w, https:\/\/www.radiolimari.cl\/wp-content\/uploads\/2024\/07\/WhatsApp-Image-2024-07-02-at-19.13.39-2048x1152.jpeg 2048w\" sizes=\"(max-width: 1024px) 100vw, 1024px\" \/><\/a><\/figure>\n\n\n\n<p>Estas medidas podr\u00e1n mejorar la seguridad en los accesos a colegios por el fin de vacaciones de invierno.<\/p>\n\n\n\n<p>Dentro de los planes de gobierno para la vuelta a clases y el inicio del segundo semestre, se efectu\u00f3 la mesa de movilidad para abordar la gesti\u00f3n del tr\u00e1nsito, encabezada por Seremi de Transportes y delegados presidenciales. En esta reuni\u00f3n se identificaron puntos clave en la provincia de Limar\u00ed que requieren reparaciones de sem\u00e1foros, por ejemplo, para evitar accidentes.<\/p>\n\n\n\n<p>Al respecto, la delegada presidencial provincial de Limar\u00ed, Marily Escobar, &nbsp;enfatiz\u00f3 la coordinaci\u00f3n de los servicios para mantener el orden y la calma de la comunidad: \u201cdentro de la reuni\u00f3n se consideraron soluciones para la conurbaci\u00f3n La Serena- Coquimbo y se destaca la inclusi\u00f3n de la comuna de Ovalle. A trav\u00e9s de la Direcci\u00f3n de Tr\u00e1nsito se establecieron los nudos cr\u00edticos que se podr\u00edan presentar en base a la incorporaci\u00f3n del segundo semestre de clases de colegios, es por ello que fue crucial contar con la participaci\u00f3n de distintos actores de parte del municipio para colaborar mancomunadamente con medidas preventivas\u201d.<\/p>\n\n\n\n<p>En esta campa\u00f1a se reparar\u00e1n sem\u00e1foros y con el inicio del segundo semestre se reforzar\u00e1 el despliegue de Carabineros de Chile para las entradas de los colegios.<\/p>\n\n\n\n<p>Por su parte, la seremi de Transportes, Alejandra Maureira, sostuvo que: \u201cEn lo que a corto plazo se refiere, pusimos el foco en el regreso a clases, luego de las vacaciones de invierno, en donde entre las medidas comprometidas, est\u00e1 realizar ajustes en los tiempos de algunos sem\u00e1foros ubicados en los puntos cr\u00edticos y centros de la comuna.&nbsp; Adem\u00e1s, estaremos poniendo el foco en la fiscalizaci\u00f3n de estacionamientos y gesti\u00f3n de tr\u00e1nsito en conjunto con Carabineros e Inspectores municipales. Adem\u00e1s, con la Delegaci\u00f3n Presidencial y la Municipalidad realizaremos monitoreo constante a trav\u00e9s de las c\u00e1maras conectadas al centro de control de las c\u00e1maras del Municipio, para abordar situaciones puntuales de congesti\u00f3n\u201d.<\/p>\n\n\n\n<p>Uno de los principales llamados es: poder planificar el viaje,&nbsp; escoger el transporte p\u00fablico siempre que este se encuentre disponible y en caso de usar el veh\u00edculo particular, siempre respetar las normas del tr\u00e1nsito. A su vez estas medidas de prevenci\u00f3n se suman a la campa\u00f1a \u201cBeso y Chao\u201d que buscan evitar la congesti\u00f3n vehicular cerca de escuelas, jardines y colegios, junto con resguardar a los estudiantes de posibles accidentes.<\/p>\n","protected":false},"excerpt":{"rendered":"<p>Estas medidas podr\u00e1n mejorar la seguridad en los accesos a colegios por el fin de vacaciones de invierno. Dentro de los planes de gobierno para la vuelta a clases y el inicio del segundo semestre, se efectu\u00f3 la mesa de movilidad para abordar la gesti\u00f3n del tr\u00e1nsito, encabezada por Seremi de Transportes y delegados presidenciales. &#8230;<\/p>\n","protected":false},"author":2,"featured_media":11536,"comment_status":"open","ping_status":"open","sticky":false,"template":"","format":"standard","meta":{"footnotes":""},"categories":[5],"tags":[],"class_list":["post-11535","post","type-post","status-publish","format-standard","has-post-thumbnail","hentry","category-actualidad-limarina"],"_links":{"self":[{"href":"https:\/\/www.radiolimari.cl\/index.php?rest_route=\/wp\/v2\/posts\/11535","targetHints":{"allow":["GET"]}}],"collection":[{"href":"https:\/\/www.radiolimari.cl\/index.php?rest_route=\/wp\/v2\/posts"}],"about":[{"href":"https:\/\/www.radiolimari.cl\/index.php?rest_route=\/wp\/v2\/types\/post"}],"author":[{"embeddable":true,"href":"https:\/\/www.radiolimari.cl\/index.php?rest_route=\/wp\/v2\/users\/2"}],"replies":[{"embeddable":true,"href":"https:\/\/www.radiolimari.cl\/index.php?rest_route=%2Fwp%2Fv2%2Fcomments&post=11535"}],"version-history":[{"count":1,"href":"https:\/\/www.radiolimari.cl\/index.php?rest_route=\/wp\/v2\/posts\/11535\/revisions"}],"predecessor-version":[{"id":11537,"href":"https:\/\/www.radiolimari.cl\/index.php?rest_route=\/wp\/v2\/posts\/11535\/revisions\/11537"}],"wp:featuredmedia":[{"embeddable":true,"href":"https:\/\/www.radiolimari.cl\/index.php?rest_route=\/wp\/v2\/media\/11536"}],"wp:attachment":[{"href":"https:\/\/www.radiolimari.cl\/index.php?rest_route=%2Fwp%2Fv2%2Fmedia&parent=11535"}],"wp:term":[{"taxonomy":"category","embeddable":true,"href":"https:\/\/www.radiolimari.cl\/index.php?rest_route=%2Fwp%2Fv2%2Fcategories&post=11535"},{"taxonomy":"post_tag","embeddable":true,"href":"https:\/\/www.radiolimari.cl\/index.php?rest_route=%2Fwp%2Fv2%2Ftags&post=11535"}],"curies":[{"name":"wp","href":"https:\/\/api.w.org\/{rel}","templated":true}]}}