{"id":11532,"date":"2024-07-04T22:40:54","date_gmt":"2024-07-04T22:40:54","guid":{"rendered":"https:\/\/www.radiolimari.cl\/?p=11532"},"modified":"2024-07-04T22:40:55","modified_gmt":"2024-07-04T22:40:55","slug":"tres-centros-comunitarios-de-cuidados-estan-en-construccion-en-la-region-de-coquimbo","status":"publish","type":"post","link":"https:\/\/www.radiolimari.cl\/?p=11532","title":{"rendered":"Tres Centros Comunitarios de Cuidados est\u00e1n en construcci\u00f3n en la Regi\u00f3n de Coquimbo."},"content":{"rendered":"\n<figure class=\"wp-block-image size-large\"><a href=\"https:\/\/www.radiolimari.cl\/wp-content\/uploads\/2024\/07\/CENTROS-DE-CUIDADOS-2.jpeg\"><img fetchpriority=\"high\" decoding=\"async\" width=\"1024\" height=\"768\" src=\"https:\/\/www.radiolimari.cl\/wp-content\/uploads\/2024\/07\/CENTROS-DE-CUIDADOS-2-1024x768.jpeg\" alt=\"\" class=\"wp-image-11533\" srcset=\"https:\/\/www.radiolimari.cl\/wp-content\/uploads\/2024\/07\/CENTROS-DE-CUIDADOS-2-1024x768.jpeg 1024w, https:\/\/www.radiolimari.cl\/wp-content\/uploads\/2024\/07\/CENTROS-DE-CUIDADOS-2-300x225.jpeg 300w, https:\/\/www.radiolimari.cl\/wp-content\/uploads\/2024\/07\/CENTROS-DE-CUIDADOS-2-768x576.jpeg 768w, https:\/\/www.radiolimari.cl\/wp-content\/uploads\/2024\/07\/CENTROS-DE-CUIDADOS-2-1536x1152.jpeg 1536w, https:\/\/www.radiolimari.cl\/wp-content\/uploads\/2024\/07\/CENTROS-DE-CUIDADOS-2.jpeg 1600w\" sizes=\"(max-width: 1024px) 100vw, 1024px\" \/><\/a><\/figure>\n\n\n\n<p><strong>En el marco del Sistema Nacional de Apoyos y Cuidados Chile Cuida, la Regi\u00f3n de Coquimbo contar\u00e1 con este tipo de recintos dirigidos a mejorar el bienestar de las personas cuidadoras, quienes ejercen esta labor no remunerada atendiendo a ni\u00f1as, ni\u00f1os, adolescentes y personas con dependencia funcional.<\/strong><\/p>\n\n\n\n<p>A trav\u00e9s de la colaboraci\u00f3n entre el Ministerio de Desarrollo Social y Familia; el Ministerio de Vivienda y Urbanismo y los municipios respectivos, se est\u00e1 concretando la construcci\u00f3n de Centros Comunitarios de Cuidados, recintos en permitir\u00e1n desarrollar talleres y otros servicios en base a necesidades e intereses de las personas cuidadoras pertenecientes a la comunidad.&nbsp; &nbsp;<\/p>\n\n\n\n<p>Esta oferta de servicios buscar\u00e1 aumentar el bienestar de las personas cuidadoras por medio de operativos de salud o servicios p\u00fablicos, capacitaciones y charlas. El objetivo es que quienes ejercen labores de cuidados puedan tener espacios de donde puedan salir de su rutina y trabajar en su salud mental.<\/p>\n\n\n\n<p>Al respecto, el Seremi de Desarrollo Social y Familia, Eduardo Alcayaga, declar\u00f3 que \u201clos Centros Comunitarios de Cuidados, que est\u00e1n en proceso de construcci\u00f3n, van a poner a disposici\u00f3n de las personas que cuidan un apoyo de intervenci\u00f3n sociolaboral y psicosocial. Por otra parte, se van a implementar algunos talleres y esto ser\u00e1 de acuerdo a las caracter\u00edsticas de las personas que asistan, a trav\u00e9s de la gesti\u00f3n local social, que es una plataforma que pone a disposici\u00f3n de las personas los distintos beneficios y servicios que el Estado tiene, adem\u00e1s de hacerlos part\u00edcipes\u201d.<\/p>\n\n\n\n<p>Actualmente, los centros que est\u00e1n en construcci\u00f3n son los que corresponden las comunas de y Coquimbo, Illapel y Monte Patria. Una vez concluida esta etapa, dichos recintos tendr\u00e1n una ejecuci\u00f3n y administraci\u00f3n, que depender\u00e1 de los municipios respectivos, con recursos provenientes desde el Ministerio de Desarrollo Social y Familia. &nbsp;<\/p>\n\n\n\n<p>Los Centros Comunitarios de Cuidados forman parte del Sistema Nacional de Apoyos y Cuidados \u2013 Chile Cuida, un compromiso del Gobierno del Presidente, Gabriel Boric, el cual aument\u00f3 20% de presupuesto para programas relacionados a cuidados.<\/p>\n\n\n\n<p>En este sentido, fue el propio mandatario anunci\u00f3 en su Cuenta P\u00fablica la construcci\u00f3n de 100 Centros Comunitarios de Cuidados a lo largo del pa\u00eds de los cuales 3 ya se est\u00e1n edificando en la Regi\u00f3n de Coquimbo.<\/p>\n","protected":false},"excerpt":{"rendered":"<p>En el marco del Sistema Nacional de Apoyos y Cuidados Chile Cuida, la Regi\u00f3n de Coquimbo contar\u00e1 con este tipo de recintos dirigidos a mejorar el bienestar de las personas cuidadoras, quienes ejercen esta labor no remunerada atendiendo a ni\u00f1as, ni\u00f1os, adolescentes y personas con dependencia funcional. A trav\u00e9s de la colaboraci\u00f3n entre el Ministerio &#8230;<\/p>\n","protected":false},"author":2,"featured_media":11533,"comment_status":"open","ping_status":"open","sticky":false,"template":"","format":"standard","meta":{"footnotes":""},"categories":[3],"tags":[],"class_list":["post-11532","post","type-post","status-publish","format-standard","has-post-thumbnail","hentry","category-actualidad"],"_links":{"self":[{"href":"https:\/\/www.radiolimari.cl\/index.php?rest_route=\/wp\/v2\/posts\/11532","targetHints":{"allow":["GET"]}}],"collection":[{"href":"https:\/\/www.radiolimari.cl\/index.php?rest_route=\/wp\/v2\/posts"}],"about":[{"href":"https:\/\/www.radiolimari.cl\/index.php?rest_route=\/wp\/v2\/types\/post"}],"author":[{"embeddable":true,"href":"https:\/\/www.radiolimari.cl\/index.php?rest_route=\/wp\/v2\/users\/2"}],"replies":[{"embeddable":true,"href":"https:\/\/www.radiolimari.cl\/index.php?rest_route=%2Fwp%2Fv2%2Fcomments&post=11532"}],"version-history":[{"count":1,"href":"https:\/\/www.radiolimari.cl\/index.php?rest_route=\/wp\/v2\/posts\/11532\/revisions"}],"predecessor-version":[{"id":11534,"href":"https:\/\/www.radiolimari.cl\/index.php?rest_route=\/wp\/v2\/posts\/11532\/revisions\/11534"}],"wp:featuredmedia":[{"embeddable":true,"href":"https:\/\/www.radiolimari.cl\/index.php?rest_route=\/wp\/v2\/media\/11533"}],"wp:attachment":[{"href":"https:\/\/www.radiolimari.cl\/index.php?rest_route=%2Fwp%2Fv2%2Fmedia&parent=11532"}],"wp:term":[{"taxonomy":"category","embeddable":true,"href":"https:\/\/www.radiolimari.cl\/index.php?rest_route=%2Fwp%2Fv2%2Fcategories&post=11532"},{"taxonomy":"post_tag","embeddable":true,"href":"https:\/\/www.radiolimari.cl\/index.php?rest_route=%2Fwp%2Fv2%2Ftags&post=11532"}],"curies":[{"name":"wp","href":"https:\/\/api.w.org\/{rel}","templated":true}]}}