{"id":11529,"date":"2024-07-04T22:30:33","date_gmt":"2024-07-04T22:30:33","guid":{"rendered":"https:\/\/www.radiolimari.cl\/?p=11529"},"modified":"2024-07-04T22:30:34","modified_gmt":"2024-07-04T22:30:34","slug":"comunidad-regional-participo-en-elaboracion-del-proyecto-de-reglamento-para-areas-protegidas","status":"publish","type":"post","link":"https:\/\/www.radiolimari.cl\/?p=11529","title":{"rendered":"Comunidad regional particip\u00f3 en elaboraci\u00f3n del proyecto de Reglamento para \u00c1reas Protegidas."},"content":{"rendered":"\n<figure class=\"wp-block-image size-large\"><a href=\"https:\/\/www.radiolimari.cl\/wp-content\/uploads\/2024\/07\/F3-PAC-Areas-Protegidas-R-Coquimbo.jpeg\"><img fetchpriority=\"high\" decoding=\"async\" width=\"1024\" height=\"768\" src=\"https:\/\/www.radiolimari.cl\/wp-content\/uploads\/2024\/07\/F3-PAC-Areas-Protegidas-R-Coquimbo-1024x768.jpeg\" alt=\"\" class=\"wp-image-11530\" srcset=\"https:\/\/www.radiolimari.cl\/wp-content\/uploads\/2024\/07\/F3-PAC-Areas-Protegidas-R-Coquimbo-1024x768.jpeg 1024w, https:\/\/www.radiolimari.cl\/wp-content\/uploads\/2024\/07\/F3-PAC-Areas-Protegidas-R-Coquimbo-300x225.jpeg 300w, https:\/\/www.radiolimari.cl\/wp-content\/uploads\/2024\/07\/F3-PAC-Areas-Protegidas-R-Coquimbo-768x576.jpeg 768w, https:\/\/www.radiolimari.cl\/wp-content\/uploads\/2024\/07\/F3-PAC-Areas-Protegidas-R-Coquimbo-1536x1152.jpeg 1536w, https:\/\/www.radiolimari.cl\/wp-content\/uploads\/2024\/07\/F3-PAC-Areas-Protegidas-R-Coquimbo.jpeg 1600w\" sizes=\"(max-width: 1024px) 100vw, 1024px\" \/><\/a><\/figure>\n\n\n\n<p>Una vez finalizada la propuesta ser\u00e1 sometida a consultas p\u00fablicas e ind\u00edgena.<strong><\/strong><\/p>\n\n\n\n<p>Tres encuentros ciudadanos, uno por cada provincia de la regi\u00f3n de Coquimbo, efectu\u00f3 el Ministerio del Medio Ambiente para la elaboraci\u00f3n del Reglamento de \u00c1reas Protegidas como parte de la implementaci\u00f3n del nuevo Servicio de Biodiversidad y \u00c1reas Protegidas (SBAP) y de la Hoja de Ruta de la Meta 3 del Marco Global de Biodiversidad de la Conferencia de las Partes (COP) que corresponde a proteger el 30% del territorio terrestre y mar\u00edtimo de Chile al 2030.<\/p>\n\n\n\n<p>Estas actividades se realizaron en las comunas de La Serena, Ovalle y Canela, bajo las modalidades presencial y virtual de participaci\u00f3n temprana. Esta metodolog\u00eda tiene por objetivo, informar a la ciudadan\u00eda sobre el proceso de elaboraci\u00f3n de este reglamento.&nbsp; Asimismo, busca recoger las opiniones de las comunidades y de los grupos de inter\u00e9s sobre las \u00e1reas protegidas de la regi\u00f3n, ya sea, desde su rol de administradores, comunidades agr\u00edcolas, organizaciones sociales, sector productivo y\/o servicios p\u00fablicos.<\/p>\n\n\n\n<p>Este reglamento incluir\u00e1 los procesos de creaci\u00f3n, ampliaci\u00f3n y modificaci\u00f3n de \u00e1reas protegidas, planes de manejo, otorgamiento de concesiones y permisos, as\u00ed como mecanismos de participaci\u00f3n y gobernanza de las \u00e1reas protegidas del Estado. Otras materias que se abordar\u00e1n se refieren a: procedimientos, plazos de ejecuci\u00f3n, condiciones y requisitos para la creaci\u00f3n, modificaci\u00f3n y desafectaci\u00f3n de las \u00e1reas protegidas privadas, transferencias de dominio, obligaciones del propietario y administrador.<\/p>\n\n\n\n<p>En los encuentros efectuados en el mes de junio, participaron representantes de comunidades agr\u00edcolas que administran \u00e1reas protegidas privadas, organizaciones ambientales, sindicatos de pescadores, sector privado, comunidades ind\u00edgenas, entre otros miembros de la ciudadan\u00eda. Adem\u00e1s en La Serena, se efectu\u00f3 un conversatorio regional, donde se analizaron los casos de los Santuarios de la Naturaleza del R\u00edo Cochiguaz y Estero Derecho de la comuna de Paihuano.<\/p>\n\n\n\n<p>El Seremi del Medio Ambiente de la Regi\u00f3n de Coquimbo Leonardo Gros explic\u00f3 \u201cesta es la norma que complementa a la ley N\u00ba 19.300 de Bases Generales del Medio Ambiente y que nos permitir\u00e1 tener un marco regulatorio moderno para el sistema nacional de \u00e1reas silvestres protegidas. Es un reglamento importante que establecer\u00e1 responsabilidades, l\u00edneas de acci\u00f3n y el marco regulatorio que va a imperar una vez que el Servicio de Biodiversidad y \u00c1reas Protegidas est\u00e9 funcionando a nivel nacional.\u201d<\/p>\n","protected":false},"excerpt":{"rendered":"<p>Una vez finalizada la propuesta ser\u00e1 sometida a consultas p\u00fablicas e ind\u00edgena. Tres encuentros ciudadanos, uno por cada provincia de la regi\u00f3n de Coquimbo, efectu\u00f3 el Ministerio del Medio Ambiente para la elaboraci\u00f3n del Reglamento de \u00c1reas Protegidas como parte de la implementaci\u00f3n del nuevo Servicio de Biodiversidad y \u00c1reas Protegidas (SBAP) y de la &#8230;<\/p>\n","protected":false},"author":2,"featured_media":11530,"comment_status":"open","ping_status":"open","sticky":false,"template":"","format":"standard","meta":{"footnotes":""},"categories":[6],"tags":[],"class_list":["post-11529","post","type-post","status-publish","format-standard","has-post-thumbnail","hentry","category-regionales"],"_links":{"self":[{"href":"https:\/\/www.radiolimari.cl\/index.php?rest_route=\/wp\/v2\/posts\/11529","targetHints":{"allow":["GET"]}}],"collection":[{"href":"https:\/\/www.radiolimari.cl\/index.php?rest_route=\/wp\/v2\/posts"}],"about":[{"href":"https:\/\/www.radiolimari.cl\/index.php?rest_route=\/wp\/v2\/types\/post"}],"author":[{"embeddable":true,"href":"https:\/\/www.radiolimari.cl\/index.php?rest_route=\/wp\/v2\/users\/2"}],"replies":[{"embeddable":true,"href":"https:\/\/www.radiolimari.cl\/index.php?rest_route=%2Fwp%2Fv2%2Fcomments&post=11529"}],"version-history":[{"count":1,"href":"https:\/\/www.radiolimari.cl\/index.php?rest_route=\/wp\/v2\/posts\/11529\/revisions"}],"predecessor-version":[{"id":11531,"href":"https:\/\/www.radiolimari.cl\/index.php?rest_route=\/wp\/v2\/posts\/11529\/revisions\/11531"}],"wp:featuredmedia":[{"embeddable":true,"href":"https:\/\/www.radiolimari.cl\/index.php?rest_route=\/wp\/v2\/media\/11530"}],"wp:attachment":[{"href":"https:\/\/www.radiolimari.cl\/index.php?rest_route=%2Fwp%2Fv2%2Fmedia&parent=11529"}],"wp:term":[{"taxonomy":"category","embeddable":true,"href":"https:\/\/www.radiolimari.cl\/index.php?rest_route=%2Fwp%2Fv2%2Fcategories&post=11529"},{"taxonomy":"post_tag","embeddable":true,"href":"https:\/\/www.radiolimari.cl\/index.php?rest_route=%2Fwp%2Fv2%2Ftags&post=11529"}],"curies":[{"name":"wp","href":"https:\/\/api.w.org\/{rel}","templated":true}]}}