{"id":11526,"date":"2024-07-04T22:23:52","date_gmt":"2024-07-04T22:23:52","guid":{"rendered":"https:\/\/www.radiolimari.cl\/?p=11526"},"modified":"2024-07-04T22:23:53","modified_gmt":"2024-07-04T22:23:53","slug":"mundo-rural-de-combarbala-recibe-recursos-o-alimentacion-animal-para-enfrentar-los-embates-del-deficit-hidrico-y-la-sequia","status":"publish","type":"post","link":"https:\/\/www.radiolimari.cl\/?p=11526","title":{"rendered":"Mundo Rural de Combarbal\u00e1 recibe recursos o alimentaci\u00f3n animal para enfrentar los embates del d\u00e9ficit h\u00eddrico y la sequ\u00eda."},"content":{"rendered":"\n<figure class=\"wp-block-image size-large\"><a href=\"https:\/\/www.radiolimari.cl\/wp-content\/uploads\/2024\/07\/En-Combarbala-588-usuarios-o-usuarias-de-INDAP-recibieron-incentivos-para-fortalecer-sus-unidades-productivas-afectadas-por-la-escasez-hidrica-3.jpeg\"><img fetchpriority=\"high\" decoding=\"async\" width=\"1024\" height=\"768\" src=\"https:\/\/www.radiolimari.cl\/wp-content\/uploads\/2024\/07\/En-Combarbala-588-usuarios-o-usuarias-de-INDAP-recibieron-incentivos-para-fortalecer-sus-unidades-productivas-afectadas-por-la-escasez-hidrica-3-1024x768.jpeg\" alt=\"\" class=\"wp-image-11527\" srcset=\"https:\/\/www.radiolimari.cl\/wp-content\/uploads\/2024\/07\/En-Combarbala-588-usuarios-o-usuarias-de-INDAP-recibieron-incentivos-para-fortalecer-sus-unidades-productivas-afectadas-por-la-escasez-hidrica-3-1024x768.jpeg 1024w, https:\/\/www.radiolimari.cl\/wp-content\/uploads\/2024\/07\/En-Combarbala-588-usuarios-o-usuarias-de-INDAP-recibieron-incentivos-para-fortalecer-sus-unidades-productivas-afectadas-por-la-escasez-hidrica-3-300x225.jpeg 300w, https:\/\/www.radiolimari.cl\/wp-content\/uploads\/2024\/07\/En-Combarbala-588-usuarios-o-usuarias-de-INDAP-recibieron-incentivos-para-fortalecer-sus-unidades-productivas-afectadas-por-la-escasez-hidrica-3-768x576.jpeg 768w, https:\/\/www.radiolimari.cl\/wp-content\/uploads\/2024\/07\/En-Combarbala-588-usuarios-o-usuarias-de-INDAP-recibieron-incentivos-para-fortalecer-sus-unidades-productivas-afectadas-por-la-escasez-hidrica-3.jpeg 1280w\" sizes=\"(max-width: 1024px) 100vw, 1024px\" \/><\/a><\/figure>\n\n\n\n<p><em>Este apoyo se enmarca en la l\u00ednea de Emergencia Agropecuaria de INDAP.<\/em><em><\/em><\/p>\n\n\n\n<p>Uno de las zonas m\u00e1s golpeadas por el cambio clim\u00e1tico en la regi\u00f3n de Coquimbo ha sido la provincia de Limar\u00ed.<\/p>\n\n\n\n<p>Por lo anterior, y como una forma de paliar los da\u00f1os de dicha situaci\u00f3n, es que el Instituto de Desarrollo Agropecuario (INDAP) dispuso recursos de su l\u00ednea de Emergencia para apoyar a usuarios y usuarias de la mencionada provincia.<\/p>\n\n\n\n<p>Recientemente se concret\u00f3 la \u00faltima entrega de este tipo, la cual recay\u00f3 en Combarbal\u00e1, donde 588 productores o productoras fueron beneficiados, cada uno con $150.000 en dinero o el equivalente en sacos para alimento animal.<\/p>\n\n\n\n<p>Una de las favorecidas fue la avicultora Yolanda Valle del sector de Valle Hermoso, quien coment\u00f3 que \u201cesta ayuda me sirve de mucho; hace a\u00f1os que tengo mis gallinas. Estoy muy agradecida de INDAP que me ha ayudado siempre, tambi\u00e9n con mis gallineros, ponedores y otras cosas. He sido apoyada por muchos a\u00f1os\u201d.<\/p>\n\n\n\n<p>\u201cEs un gran aporte porque por Dios que luchamos para poder salir adelante en estos a\u00f1os dif\u00edciles. Estamos muy agradecidos, nos alivia mucho. En mi caso comprar\u00e9 alimento para mis animales\u201d, se\u00f1al\u00f3 Eugenio Cort\u00e9s, beneficiado del sector de Ramadilla.<\/p>\n\n\n\n<p>El Director Regional de INDAP, V\u00edctor Illanes, recalc\u00f3 que la instituci\u00f3n \u201cha estado desplegada en terreno haciendo entrega de estos importantes recursos los que, si bien no solucionan el problema, son realmente un impulso para que nuestros usuarios y usuarias puedan continuar desarrollando de mejor manera sus actividades productivas, las que se han visto afectadas por la sequ\u00eda y el d\u00e9ficit h\u00eddrico.&nbsp; El presidente Gabriel Boric junto al Ministro de Agricultura, Esteban Valenzuela, nos han pedido otorgar al Mundo Rural soluciones que contribuyan concreta y eficazmente a su desarrollo y eso es justamente lo que llevamos a cabo con este tipo de iniciativas\u201d.<\/p>\n\n\n\n<p>En la provincia de Limar\u00ed fueron m\u00e1s de 2.500 los beneficiados o beneficiadas con los recursos de la l\u00ednea de Emergencia Agropecuaria de INDAP por el d\u00e9ficit h\u00eddrico y sequ\u00eda, lo que considera una inversi\u00f3n cercana a los $400 millones.<\/p>\n\n\n\n<p>En este sentido, la Delegada Presidencial Provincial de Limar\u00ed, Marily Escobar, destac\u00f3 que \u201cestamos en coordinaci\u00f3n constante para establecer medidas ante la escasez h\u00eddrica, por ello estamos entregando beneficios desde INDAP para usuarios que han sido golpeados por esta crisis y continuaremos trabajando arduamente para ayudar a las familias de la provincia de Limar\u00ed. A esto se suma el catastro silvoagropecuario que estamos apoyando y gracias al que se actualizar\u00e1n los datos de productores que se han visto afectados por la escasez h\u00eddrica en la provincia\u201d.<\/p>\n\n\n\n<p>Respecto a esta acci\u00f3n desarrollada por el servicio del agro a sus usuarios y usuarias, el Seremi de Agricultura, Christian \u00c1lvarez, sostuvo que \u201cestamos finalizando el despliegue de INDAP, servicio dependiente del Ministerio de Agricultura, en apoyo de los peque\u00f1os productores campesinos de la provincia de Limar\u00ed, la provincia m\u00e1s afectada por la escasez h\u00eddrica. Hoy nos encontramos entregando sacos de alimento para la alimentaci\u00f3n animal y tambi\u00e9n cheques para que los usuarios ap\u00edcolas puedan comprar los insumos que requieran, as\u00ed como tambi\u00e9n los agricultores\u201d.<\/p>\n\n\n\n<p>Cabe mencionar que los recursos recibidos deben ser rendidos, ya que de esta forma los favorecidos y favorecidas tendr\u00e1n la posibilidad de seguir accediendo a otros beneficios e instrumentos que otorga el INDAP.<\/p>\n\n\n\n<p>El incentivo por concepto de Emergencia Agropecuaria podr\u00e1 ser utilizado para la compra de alimentaci\u00f3n animal y ap\u00edcola (fardos, bolos, concentrados, fructosa u otros), suministros para el tratamiento animal o ap\u00edcola, as\u00ed como insumos, bienes, equipamiento, estanques de agua, u otros que se requieran para la subsistencia productiva agropecuaria de los afectados por la sequ\u00eda y d\u00e9ficit h\u00eddrico.<\/p>\n","protected":false},"excerpt":{"rendered":"<p>Este apoyo se enmarca en la l\u00ednea de Emergencia Agropecuaria de INDAP. Uno de las zonas m\u00e1s golpeadas por el cambio clim\u00e1tico en la regi\u00f3n de Coquimbo ha sido la provincia de Limar\u00ed. Por lo anterior, y como una forma de paliar los da\u00f1os de dicha situaci\u00f3n, es que el Instituto de Desarrollo Agropecuario (INDAP) &#8230;<\/p>\n","protected":false},"author":2,"featured_media":11527,"comment_status":"open","ping_status":"open","sticky":false,"template":"","format":"standard","meta":{"footnotes":""},"categories":[5],"tags":[],"class_list":["post-11526","post","type-post","status-publish","format-standard","has-post-thumbnail","hentry","category-actualidad-limarina"],"_links":{"self":[{"href":"https:\/\/www.radiolimari.cl\/index.php?rest_route=\/wp\/v2\/posts\/11526","targetHints":{"allow":["GET"]}}],"collection":[{"href":"https:\/\/www.radiolimari.cl\/index.php?rest_route=\/wp\/v2\/posts"}],"about":[{"href":"https:\/\/www.radiolimari.cl\/index.php?rest_route=\/wp\/v2\/types\/post"}],"author":[{"embeddable":true,"href":"https:\/\/www.radiolimari.cl\/index.php?rest_route=\/wp\/v2\/users\/2"}],"replies":[{"embeddable":true,"href":"https:\/\/www.radiolimari.cl\/index.php?rest_route=%2Fwp%2Fv2%2Fcomments&post=11526"}],"version-history":[{"count":1,"href":"https:\/\/www.radiolimari.cl\/index.php?rest_route=\/wp\/v2\/posts\/11526\/revisions"}],"predecessor-version":[{"id":11528,"href":"https:\/\/www.radiolimari.cl\/index.php?rest_route=\/wp\/v2\/posts\/11526\/revisions\/11528"}],"wp:featuredmedia":[{"embeddable":true,"href":"https:\/\/www.radiolimari.cl\/index.php?rest_route=\/wp\/v2\/media\/11527"}],"wp:attachment":[{"href":"https:\/\/www.radiolimari.cl\/index.php?rest_route=%2Fwp%2Fv2%2Fmedia&parent=11526"}],"wp:term":[{"taxonomy":"category","embeddable":true,"href":"https:\/\/www.radiolimari.cl\/index.php?rest_route=%2Fwp%2Fv2%2Fcategories&post=11526"},{"taxonomy":"post_tag","embeddable":true,"href":"https:\/\/www.radiolimari.cl\/index.php?rest_route=%2Fwp%2Fv2%2Ftags&post=11526"}],"curies":[{"name":"wp","href":"https:\/\/api.w.org\/{rel}","templated":true}]}}