{"id":11523,"date":"2024-07-03T00:26:33","date_gmt":"2024-07-03T00:26:33","guid":{"rendered":"https:\/\/www.radiolimari.cl\/?p=11523"},"modified":"2024-07-03T00:26:33","modified_gmt":"2024-07-03T00:26:33","slug":"municipio-de-rio-hurtado-celebra-el-dia-del-astroturismo-como-parte-del-trabajo-que-realiza-para-obtener-la-certificacion-de-sus-cielos-oscuros-a-nivel-internacional","status":"publish","type":"post","link":"https:\/\/www.radiolimari.cl\/?p=11523","title":{"rendered":"Municipio de R\u00edo Hurtado celebra el d\u00eda del Astroturismo como parte del trabajo que realiza para obtener la certificaci\u00f3n de sus cielos oscuros a nivel internacional."},"content":{"rendered":"\n<figure class=\"wp-block-image size-large\"><a href=\"https:\/\/www.radiolimari.cl\/wp-content\/uploads\/2024\/07\/20240607_223314.jpg\"><img fetchpriority=\"high\" decoding=\"async\" width=\"1024\" height=\"1024\" src=\"https:\/\/www.radiolimari.cl\/wp-content\/uploads\/2024\/07\/20240607_223314-1024x1024.jpg\" alt=\"\" class=\"wp-image-11524\" srcset=\"https:\/\/www.radiolimari.cl\/wp-content\/uploads\/2024\/07\/20240607_223314-1024x1024.jpg 1024w, https:\/\/www.radiolimari.cl\/wp-content\/uploads\/2024\/07\/20240607_223314-300x300.jpg 300w, https:\/\/www.radiolimari.cl\/wp-content\/uploads\/2024\/07\/20240607_223314-150x150.jpg 150w, https:\/\/www.radiolimari.cl\/wp-content\/uploads\/2024\/07\/20240607_223314-768x769.jpg 768w, https:\/\/www.radiolimari.cl\/wp-content\/uploads\/2024\/07\/20240607_223314-70x70.jpg 70w, https:\/\/www.radiolimari.cl\/wp-content\/uploads\/2024\/07\/20240607_223314.jpg 1279w\" sizes=\"(max-width: 1024px) 100vw, 1024px\" \/><\/a><\/figure>\n\n\n\n<p>Celebra la semana del Astroturismo en R\u00edo Hurtado en actividad organizada por el Municipio local<\/p>\n\n\n\n<p>\u00a1Prep\u00e1rate para una jornada especial de astroturismo el s\u00e1bado 6 de julio coordinada por la Oficina de Turismo!<\/p>\n\n\n\n<p>Disfruta de actividades \u00fanicas:<\/p>\n\n\n\n<p>Recorridos por el Monumento Natural Pichasca:<br>-Ma\u00f1ana: 11:00 hrs<\/p>\n\n\n\n<ul class=\"wp-block-list\">\n<li>Tarde: 15:00 hrs<br>Recorridos paleontol\u00f3gicos y arqueol\u00f3gicos. \u00a1Inscr\u00edbete para entrada liberada! Tours en la quesera L\u00b4Kaprina:<\/li>\n\n\n\n<li>Horario: 15:00 a 17:00 hrs<br>Aprende sobre la cultura caprina.<\/li>\n<\/ul>\n\n\n\n<p>Feria de las Pulgas en la plaza de El Espinal:<\/p>\n\n\n\n<ul class=\"wp-block-list\">\n<li>Horario: Desde las 10:00 hrs<br>Apoya a los artesanos locales.<\/li>\n<\/ul>\n\n\n\n<p>Trekking nocturno en Las Tinajas:<\/p>\n\n\n\n<ul class=\"wp-block-list\">\n<li>Horario: 18:30 a 20:00 hrs<br>Observaci\u00f3n del cielo nocturno con gu\u00eda astron\u00f3mico.<\/li>\n<\/ul>\n\n\n\n<p>Recomendaciones:<\/p>\n\n\n\n<ul class=\"wp-block-list\">\n<li>Ropa y zapatillas c\u00f3modas<\/li>\n\n\n\n<li>Agua y bloqueador solar<\/li>\n\n\n\n<li>Linterna y cargadores port\u00e1tiles<\/li>\n\n\n\n<li>Acompa\u00f1amiento para ni\u00f1os y adultos mayores<\/li>\n<\/ul>\n\n\n\n<p>Inf\u00f3rmate e inscr\u00edbete<br>llama al 53 265 5948.<\/p>\n\n\n\n<p>R\u00edo Hurtado: Capital Nacional de la Paleontolog\u00eda <\/p>\n","protected":false},"excerpt":{"rendered":"<p>Celebra la semana del Astroturismo en R\u00edo Hurtado en actividad organizada por el Municipio local \u00a1Prep\u00e1rate para una jornada especial de astroturismo el s\u00e1bado 6 de julio coordinada por la Oficina de Turismo! Disfruta de actividades \u00fanicas: Recorridos por el Monumento Natural Pichasca:-Ma\u00f1ana: 11:00 hrs Feria de las Pulgas en la plaza de El Espinal: &#8230;<\/p>\n","protected":false},"author":2,"featured_media":11524,"comment_status":"open","ping_status":"open","sticky":false,"template":"","format":"standard","meta":{"footnotes":""},"categories":[5],"tags":[],"class_list":["post-11523","post","type-post","status-publish","format-standard","has-post-thumbnail","hentry","category-actualidad-limarina"],"_links":{"self":[{"href":"https:\/\/www.radiolimari.cl\/index.php?rest_route=\/wp\/v2\/posts\/11523","targetHints":{"allow":["GET"]}}],"collection":[{"href":"https:\/\/www.radiolimari.cl\/index.php?rest_route=\/wp\/v2\/posts"}],"about":[{"href":"https:\/\/www.radiolimari.cl\/index.php?rest_route=\/wp\/v2\/types\/post"}],"author":[{"embeddable":true,"href":"https:\/\/www.radiolimari.cl\/index.php?rest_route=\/wp\/v2\/users\/2"}],"replies":[{"embeddable":true,"href":"https:\/\/www.radiolimari.cl\/index.php?rest_route=%2Fwp%2Fv2%2Fcomments&post=11523"}],"version-history":[{"count":1,"href":"https:\/\/www.radiolimari.cl\/index.php?rest_route=\/wp\/v2\/posts\/11523\/revisions"}],"predecessor-version":[{"id":11525,"href":"https:\/\/www.radiolimari.cl\/index.php?rest_route=\/wp\/v2\/posts\/11523\/revisions\/11525"}],"wp:featuredmedia":[{"embeddable":true,"href":"https:\/\/www.radiolimari.cl\/index.php?rest_route=\/wp\/v2\/media\/11524"}],"wp:attachment":[{"href":"https:\/\/www.radiolimari.cl\/index.php?rest_route=%2Fwp%2Fv2%2Fmedia&parent=11523"}],"wp:term":[{"taxonomy":"category","embeddable":true,"href":"https:\/\/www.radiolimari.cl\/index.php?rest_route=%2Fwp%2Fv2%2Fcategories&post=11523"},{"taxonomy":"post_tag","embeddable":true,"href":"https:\/\/www.radiolimari.cl\/index.php?rest_route=%2Fwp%2Fv2%2Ftags&post=11523"}],"curies":[{"name":"wp","href":"https:\/\/api.w.org\/{rel}","templated":true}]}}