{"id":11511,"date":"2024-07-01T19:29:18","date_gmt":"2024-07-01T19:29:18","guid":{"rendered":"https:\/\/www.radiolimari.cl\/?p=11511"},"modified":"2024-07-01T19:29:19","modified_gmt":"2024-07-01T19:29:19","slug":"en-monte-patria-mas-de-580-usuarios-o-usuarias-de-indap-obtienen-recursos-para-mitigar-efectos-del-deficit-hidrico-y-sequia","status":"publish","type":"post","link":"https:\/\/www.radiolimari.cl\/?p=11511","title":{"rendered":"En Monte Patria m\u00e1s de 580 usuarios o usuarias de INDAP obtienen recursos para mitigar efectos del d\u00e9ficit h\u00eddrico y sequ\u00eda."},"content":{"rendered":"\n<figure class=\"wp-block-image size-large\"><a href=\"https:\/\/www.radiolimari.cl\/wp-content\/uploads\/2024\/07\/En-el-marco-de-la-Emergencia-Agropecuaria-el-INDAP-se-ha-estado-desplegando-por-las-comunas-de-la-provincia-de-Limari-llegando-en-esta-ocasion-a-Monte-Patria-02.jpg\"><img fetchpriority=\"high\" decoding=\"async\" width=\"1024\" height=\"768\" src=\"https:\/\/www.radiolimari.cl\/wp-content\/uploads\/2024\/07\/En-el-marco-de-la-Emergencia-Agropecuaria-el-INDAP-se-ha-estado-desplegando-por-las-comunas-de-la-provincia-de-Limari-llegando-en-esta-ocasion-a-Monte-Patria-02-1024x768.jpg\" alt=\"\" class=\"wp-image-11512\" srcset=\"https:\/\/www.radiolimari.cl\/wp-content\/uploads\/2024\/07\/En-el-marco-de-la-Emergencia-Agropecuaria-el-INDAP-se-ha-estado-desplegando-por-las-comunas-de-la-provincia-de-Limari-llegando-en-esta-ocasion-a-Monte-Patria-02-1024x768.jpg 1024w, https:\/\/www.radiolimari.cl\/wp-content\/uploads\/2024\/07\/En-el-marco-de-la-Emergencia-Agropecuaria-el-INDAP-se-ha-estado-desplegando-por-las-comunas-de-la-provincia-de-Limari-llegando-en-esta-ocasion-a-Monte-Patria-02-300x225.jpg 300w, https:\/\/www.radiolimari.cl\/wp-content\/uploads\/2024\/07\/En-el-marco-de-la-Emergencia-Agropecuaria-el-INDAP-se-ha-estado-desplegando-por-las-comunas-de-la-provincia-de-Limari-llegando-en-esta-ocasion-a-Monte-Patria-02-768x576.jpg 768w, https:\/\/www.radiolimari.cl\/wp-content\/uploads\/2024\/07\/En-el-marco-de-la-Emergencia-Agropecuaria-el-INDAP-se-ha-estado-desplegando-por-las-comunas-de-la-provincia-de-Limari-llegando-en-esta-ocasion-a-Monte-Patria-02.jpg 1280w\" sizes=\"(max-width: 1024px) 100vw, 1024px\" \/><\/a><\/figure>\n\n\n\n<p><em>Corresponde a un despliegue que el servicio del agro est\u00e1 efectuando en la provincia de Limar\u00ed.<\/em><\/p>\n\n\n\n<p>M\u00e1s de 1.920 ser\u00e1n los usuarios o usuarias que el Instituto de Desarrollo Agropecuario (INDAP) beneficiar\u00e1 con un incentivo de $150 mil por persona.<\/p>\n\n\n\n<p>Esto se enmarca en el apoyo de Emergencia&nbsp;Agropecuaria por evento de d\u00e9ficit h\u00eddrico y sequ\u00eda que el servicio del agro dispuso espec\u00edficamente para la provincia de Limar\u00ed. Para concretarlo se ha estado desplegando por dicha zona, llegando as\u00ed a Monte Patria, comuna donde fueron m\u00e1s de 580 los beneficiados o beneficiadas.<\/p>\n\n\n\n<p>Lo que INDAP busca con dichos recursos es que la Agricultura Familiar Campesina e Ind\u00edgena compre alimentaci\u00f3n animal y ap\u00edcola (fardos, bolos, concentrados, fructosa u otros), suministros para el tratamiento animal o ap\u00edcola, as\u00ed como insumos, bienes, equipamiento, estanques de agua, u otros que se requieran para la subsistencia productiva agropecuaria de los afectados por la sequ\u00eda y d\u00e9ficit h\u00eddrico.<\/p>\n\n\n\n<p>Jaquelina Olivares obtuvo el incentivo, se dedica al rubro ap\u00edcola en el sector de Los Clonquis y coment\u00f3 que \u201clo invertir\u00e9 en vitaminas para mis abejas. Este apoyo es algo muy efectivo, por lo que agradezco a INDAP y a la municipalidad, por todas las gestiones que han hecho para que enfrentemos de mejor manera la sequ\u00eda\u201d.<\/p>\n\n\n\n<p>El Director Regional de INDAP, V\u00edctor Illanes, sostuvo que en el marco de la Emergencia&nbsp;Agropecuaria por evento de d\u00e9ficit h\u00eddrico y sequ\u00eda en la instituci\u00f3n \u201cestamos haciendo entrega de recursos a un importante n\u00famero de usuarios y usuarias de la provincia de Limar\u00ed, zona en que la falta de precipitaciones ha sido especialmente grave. De esta manera, logramos complementar el intenso trabajo que hacemos con los programas regulares, que tienen una mirada de mediano y largo plazo en apoyo de la Agricultura Familiar Campesina e Ind\u00edgena\u201d, y puntualiz\u00f3 que \u201ctal como ha sido el compromiso que ha manifestado el Presidente Gabriel Boric, en las diversas ocasiones que ha visitado la regi\u00f3n de Coquimbo, como Gobierno siempre estaremos acompa\u00f1ando al Mundo Rural, sobre todo ante estas situaciones como la sequ\u00eda que trae problemas no solamente a nivel productivo sino que tambi\u00e9n social\u201d.<\/p>\n\n\n\n<p>Por su parte, el Seremi de Agricultura, Christian \u00c1lvarez, expres\u00f3 que \u201ccon la coordinaci\u00f3n con la Municipalidad de Monte Patria y su equipo estamos haciendo esta nueva entrega a usuarios y usuarias de INDAP, pero que no fueron beneficiados anteriormente con el FOA (Fondo de Operaci\u00f3n Anual) a trav\u00e9s de los convenios de los programas PRODESAL y PADIS. Con estos dos apoyos estamos concretando un apoyo directo a la Agricultura Familiar Campesina e Ind\u00edgena de Monte Patria superior a las mil personas\u201d, y agreg\u00f3 que todo este trabajo se ve complementando con \u201clos instrumentos de Riego o cr\u00e9ditos, entre otras l\u00edneas de apoyo. Por lo tanto, el mensaje es que el Gobierno del Presidente Gabriel Boric est\u00e1 presente y los seguir\u00e1 estando junto a los usuarios y usuarias de INDAP, ya que m\u00e1s all\u00e1 de la buena cantidad de precipitaciones que hemos tenido la sequ\u00eda es un tema sist\u00e9mico y estructural\u201d.<\/p>\n\n\n\n<p>Cabe indicar que junto a Monte Patria, el INDAP ya hizo la mencionada entrega en las comunas de Ovalle, Punitaqui y R\u00edo Hurtado. Pr\u00f3ximamente ser\u00e1 el turno de Combarbal\u00e1.<\/p>\n\n\n\n<p>El Alcalde de Monte Patria, Cristian Herrera, destac\u00f3 este apoyo especialmente porque permitir\u00e1 que m\u00e1s de 580 usuarios o usuarias de INDAP de la comuna \u201ctengan recursos para la compra de semillas, para el pasto o alimento para las abejas, y que as\u00ed logren retomar la actividad agropecuaria que desarrollan. Estamos contentos con esta entrega, agradecidos con la Seremi de Agricultura y con el INDAP\u201d. \u201cSi bien han ca\u00eddo precipitaciones, lo que sin duda es un respiro, no hemos superado la situaci\u00f3n de escasez h\u00eddrica\u201d, recalc\u00f3.<\/p>\n\n\n\n<p>Para la Delegada Presidencial Provincial de Limar\u00ed, Marily Escobar, este apoyo que hace el Gobierno del Presidente Gabriel Boric para llegar con recursos a una importante cantidad de habitantes del Mundo Rural de la zona es de suma relevancia: \u201cDentro de los esfuerzos para mitigar las consecuencias de la crisis h\u00eddrica, la entrega de apoyos es fundamental para la comunidad. Como gobierno, continuaremos gestionando todas las ayudas posibles para mantener el desarrollo silvoagropecuario y que, en este caso, los usuarios de INDAP puedan recibir de manera oportuna los fondos requeridos para sus actividades. Ya hemos entregado estos beneficios en la mayor\u00eda de las comunas y pr\u00f3ximamente estaremos en Combarbal\u00e1\u201d.<\/p>\n\n\n\n<p>Los beneficiados y beneficiadas deben rendir el incentivo, y ante cualquier duda o consulta al respecto deben comunicarse con su ejecutivo integral, en este caso, de la Agencia de \u00c1rea Ovalle.<\/p>\n","protected":false},"excerpt":{"rendered":"<p>Corresponde a un despliegue que el servicio del agro est\u00e1 efectuando en la provincia de Limar\u00ed. M\u00e1s de 1.920 ser\u00e1n los usuarios o usuarias que el Instituto de Desarrollo Agropecuario (INDAP) beneficiar\u00e1 con un incentivo de $150 mil por persona. Esto se enmarca en el apoyo de Emergencia&nbsp;Agropecuaria por evento de d\u00e9ficit h\u00eddrico y sequ\u00eda &#8230;<\/p>\n","protected":false},"author":2,"featured_media":11512,"comment_status":"open","ping_status":"open","sticky":false,"template":"","format":"standard","meta":{"footnotes":""},"categories":[5],"tags":[],"class_list":["post-11511","post","type-post","status-publish","format-standard","has-post-thumbnail","hentry","category-actualidad-limarina"],"_links":{"self":[{"href":"https:\/\/www.radiolimari.cl\/index.php?rest_route=\/wp\/v2\/posts\/11511","targetHints":{"allow":["GET"]}}],"collection":[{"href":"https:\/\/www.radiolimari.cl\/index.php?rest_route=\/wp\/v2\/posts"}],"about":[{"href":"https:\/\/www.radiolimari.cl\/index.php?rest_route=\/wp\/v2\/types\/post"}],"author":[{"embeddable":true,"href":"https:\/\/www.radiolimari.cl\/index.php?rest_route=\/wp\/v2\/users\/2"}],"replies":[{"embeddable":true,"href":"https:\/\/www.radiolimari.cl\/index.php?rest_route=%2Fwp%2Fv2%2Fcomments&post=11511"}],"version-history":[{"count":1,"href":"https:\/\/www.radiolimari.cl\/index.php?rest_route=\/wp\/v2\/posts\/11511\/revisions"}],"predecessor-version":[{"id":11513,"href":"https:\/\/www.radiolimari.cl\/index.php?rest_route=\/wp\/v2\/posts\/11511\/revisions\/11513"}],"wp:featuredmedia":[{"embeddable":true,"href":"https:\/\/www.radiolimari.cl\/index.php?rest_route=\/wp\/v2\/media\/11512"}],"wp:attachment":[{"href":"https:\/\/www.radiolimari.cl\/index.php?rest_route=%2Fwp%2Fv2%2Fmedia&parent=11511"}],"wp:term":[{"taxonomy":"category","embeddable":true,"href":"https:\/\/www.radiolimari.cl\/index.php?rest_route=%2Fwp%2Fv2%2Fcategories&post=11511"},{"taxonomy":"post_tag","embeddable":true,"href":"https:\/\/www.radiolimari.cl\/index.php?rest_route=%2Fwp%2Fv2%2Ftags&post=11511"}],"curies":[{"name":"wp","href":"https:\/\/api.w.org\/{rel}","templated":true}]}}