{"id":11502,"date":"2024-06-29T14:39:27","date_gmt":"2024-06-29T14:39:27","guid":{"rendered":"https:\/\/www.radiolimari.cl\/?p=11502"},"modified":"2024-06-29T14:39:28","modified_gmt":"2024-06-29T14:39:28","slug":"ochenta-estudiantes-de-la-region-participaron-en-los-english-winter-camps-2024","status":"publish","type":"post","link":"https:\/\/www.radiolimari.cl\/?p=11502","title":{"rendered":"Ochenta estudiantes de la regi\u00f3n participaron en los English Winter Camps 2024"},"content":{"rendered":"\n<figure class=\"wp-block-image size-large\"><a href=\"https:\/\/www.radiolimari.cl\/wp-content\/uploads\/2024\/06\/2.-Cierre-Campamento-de-Ingles-Colegio-Japon.jpg\"><img fetchpriority=\"high\" decoding=\"async\" width=\"1024\" height=\"644\" src=\"https:\/\/www.radiolimari.cl\/wp-content\/uploads\/2024\/06\/2.-Cierre-Campamento-de-Ingles-Colegio-Japon-1024x644.jpg\" alt=\"\" class=\"wp-image-11503\" srcset=\"https:\/\/www.radiolimari.cl\/wp-content\/uploads\/2024\/06\/2.-Cierre-Campamento-de-Ingles-Colegio-Japon-1024x644.jpg 1024w, https:\/\/www.radiolimari.cl\/wp-content\/uploads\/2024\/06\/2.-Cierre-Campamento-de-Ingles-Colegio-Japon-300x189.jpg 300w, https:\/\/www.radiolimari.cl\/wp-content\/uploads\/2024\/06\/2.-Cierre-Campamento-de-Ingles-Colegio-Japon-768x483.jpg 768w, https:\/\/www.radiolimari.cl\/wp-content\/uploads\/2024\/06\/2.-Cierre-Campamento-de-Ingles-Colegio-Japon.jpg 1280w\" sizes=\"(max-width: 1024px) 100vw, 1024px\" \/><\/a><\/figure>\n\n\n\n<p><strong>\u2022 <\/strong><strong>Los Campamentos de Ingl\u00e9s en la Regi\u00f3n de Coquimbo se efectuaron entre este 24 y el 28 de junio.&nbsp; El de Ense\u00f1anza B\u00e1sica con 30 cupos se desarroll\u00f3 en el Colegio Jap\u00f3n, de La Serena. En tanto, el de Ense\u00f1anza Media, con 50 cupos se realiz\u00f3 en el Colegio Particular Gabriela Mistral de Coquimbo.<\/strong><\/p>\n\n\n\n<p>Con el lema \u201cThe future, your choices &#8211; Make em count!\u201d: El futuro, tus elecciones: \u00a1haz que cuenten!, explorando el poder de las decisiones para la construcci\u00f3n de nuestro futuro, 80 estudiantes de 5\u00b0 a\u00f1o b\u00e1sico a 4\u00b0 a\u00f1o medio de establecimientos educacionales p\u00fablicos, municipales y particulares subvencionados participaron durante una semana en los \u201cEnglish Winter Camps 2024\u201d del programa Ingl\u00e9s Abre Puertas del Ministerio de Educaci\u00f3n.<\/p>\n\n\n\n<p>Los Campamentos de Ingl\u00e9s en la Regi\u00f3n de Coquimbo se efectuaron entre este 24 y 28 de junio. El de Ense\u00f1anza B\u00e1sica con 30 cupos se desarroll\u00f3 en el Colegio Jap\u00f3n, de La Serena. En tanto, el de Ense\u00f1anza Media, con 50 cupos se realiz\u00f3 en el Colegio Particular Gabriela Mistral de Coquimbo donde las y los estudiantes pudieron sumergirse en el idioma ingl\u00e9s, a trav\u00e9s de juegos y din\u00e1micas y en un contexto de entretenci\u00f3n, en que se forman nuevas amigas y amigos.<\/p>\n\n\n\n<p>La Seremi de Educaci\u00f3n, Cecilia Ram\u00edrez Ch\u00e1vez manifest\u00f3 que \u201cdurante esta semana como Ministerio de Educaci\u00f3n en la Regi\u00f3n de Coquimbo estuvimos realizando el Winter Camps, el cual benefici\u00f3 a 80 estudiantes de las comunas de Coquimbo y La Serena de 5\u00b0 a 8\u00b0 b\u00e1sico y de I a IV a\u00f1o medio. Esta edici\u00f3n del Winter Camps se desarroll\u00f3 bajo el lema \u201cThe future, your choices: Make \u2018em count!\u201d y busca aumentar la exposici\u00f3n de los estudiantes al ingl\u00e9s, para el desarrollo y la pr\u00e1ctica de la comunicaci\u00f3n oral, y a su vez, promover visi\u00f3n de futuro desde distintas aristas relevantes y atingentes para las y los estudiantes que participan en estos campamentos de invierno y que est\u00e1 vinculado con el curr\u00edculum nacional\u201d.<\/p>\n\n\n\n<p>La estudiante Renata Vergara Gonz\u00e1lez de sexto b\u00e1sico del colegio Cordillera de La Serena particip\u00f3 por primera vez en un campamento de ingl\u00e9s relatando que \u201cme pareci\u00f3 muy bien, hacen actividades divertidas. Es una manera divertida de aprender. Me gusta el idioma ingl\u00e9s, aunque me cuesta.&nbsp; Me inscrib\u00ed para practicar m\u00e1s el ingl\u00e9s. Esta semana aprend\u00ed lo que no es saludable, c\u00f3mo se dice lo que a ti te gusta, tambi\u00e9n las cosas personales, de levantarse en las ma\u00f1anas y lavarse los dientes. Hice amigas y amigos. Volver\u00e9 el pr\u00f3ximo a\u00f1o al campamento de verano, asegur\u00f3\u201d.<\/p>\n\n\n\n<p>Otra de las asistentes fue Mar\u00eda Gil, estudiante de s\u00e9ptimo b\u00e1sico del colegio Jap\u00f3n de La Serena, quien tampoco hab\u00eda participado se\u00f1alando que \u201cme enter\u00e9 este invierno y quise postularme porque me pareci\u00f3 muy divertido para hacer amigos y socializar. Me cayeron muy bien todos. Lo mejor que me ha pasado en las vacaciones. Sobre la monitora y facilitador (a) dice que \u201cme cayeron muy bien, nos ense\u00f1aron muy bien. Las actividades fueron muy divertidas. Se los recomendar\u00eda a todos de 5\u00b0 a 8\u00b0 b\u00e1sico, es muy divertido y entretenido\u201d, afirm\u00f3.<\/p>\n\n\n\n<p>El estudiante de pedagog\u00eda en ingl\u00e9s de la Universidad de La Serena, Gabbs Contreras Z\u00e1rate tuvo su tercera experiencia como facilitador en este campamento 2024, expresando que \u00abesta es mi tercera vez participando en los campamentos. Anteriormente fue en los cursos que se hac\u00eda a los estudiantes de manera extraprogram\u00e1tica de manera online. Es una experiencia incre\u00edble. Como estudiante de pedagog\u00eda en ingl\u00e9s me sirve demasiado, adem\u00e1s de mis pr\u00e1cticas, porque puedo ense\u00f1arles y vivir el idioma de otra forma, que s\u00e9 que la universidad no me va a entregar a m\u00ed. Es incre\u00edble, los ni\u00f1os disfrutan mucho. Me encanta ver como el primer d\u00eda no se hablan y el \u00faltimo d\u00eda son amigos y se quieren. Es incre\u00edble\u201d, asever\u00f3.<\/p>\n\n\n\n<p>La monitora encargada en el colegio Jap\u00f3n, Elizabeth C\u00f3rdova ha participado en los campamentos de ingl\u00e9s, primero como estudiante de ense\u00f1anza media, luego como facilitadora y actualmente es monitora resaltando que \u201ceste programa me gusta bastante, porque es una forma en que los ni\u00f1os se acerquen al ingl\u00e9s. De repente ellos tienen esta barrera que sienten que es intimidante, que no lo entienden. Pero al pasar los d\u00edas se fueron dando cuenta que hay palabras que ellos conocen. Tambi\u00e9n con los gestos van entendiendo. Hay palabras que las interiorizan. Es s\u00faper bueno porque de repente los colegios no le toman todo el peso de lo que significa hablar ingl\u00e9s y de lo que sirve para el futuro\u201d, recalc\u00f3.<\/p>\n\n\n\n<p>La Divisi\u00f3n de Educaci\u00f3n General del Mineduc, a trav\u00e9s del Programa Ingl\u00e9s Abre Puertas (PIAP), cada periodo de vacaciones de invierno y verano desarrolla los English Camps (5\u00b0 a 8\u00b0 b\u00e1sico y 1\u00b0 a 4\u00b0 medio).&nbsp; En los Camps, las y los estudiantes tienen la oportunidad de vivir una semana de inmersi\u00f3n al ingl\u00e9s en formato presencial, durante 5 d\u00edas consecutivos. Estos son facilitados por docentes de ingl\u00e9s titulados (Monitores) y estudiantes de pedagog\u00eda en ingl\u00e9s en sus \u00faltimos a\u00f1os (Facilitadores Voluntarios), capacitados y monitoreados por la red de Coordinadores Regionales de Ingl\u00e9s del PIAP.<\/p>\n","protected":false},"excerpt":{"rendered":"<p>\u2022 Los Campamentos de Ingl\u00e9s en la Regi\u00f3n de Coquimbo se efectuaron entre este 24 y el 28 de junio.&nbsp; El de Ense\u00f1anza B\u00e1sica con 30 cupos se desarroll\u00f3 en el Colegio Jap\u00f3n, de La Serena. En tanto, el de Ense\u00f1anza Media, con 50 cupos se realiz\u00f3 en el Colegio Particular Gabriela Mistral de Coquimbo. &#8230;<\/p>\n","protected":false},"author":2,"featured_media":11503,"comment_status":"open","ping_status":"open","sticky":false,"template":"","format":"standard","meta":{"footnotes":""},"categories":[6],"tags":[],"class_list":["post-11502","post","type-post","status-publish","format-standard","has-post-thumbnail","hentry","category-regionales"],"_links":{"self":[{"href":"https:\/\/www.radiolimari.cl\/index.php?rest_route=\/wp\/v2\/posts\/11502","targetHints":{"allow":["GET"]}}],"collection":[{"href":"https:\/\/www.radiolimari.cl\/index.php?rest_route=\/wp\/v2\/posts"}],"about":[{"href":"https:\/\/www.radiolimari.cl\/index.php?rest_route=\/wp\/v2\/types\/post"}],"author":[{"embeddable":true,"href":"https:\/\/www.radiolimari.cl\/index.php?rest_route=\/wp\/v2\/users\/2"}],"replies":[{"embeddable":true,"href":"https:\/\/www.radiolimari.cl\/index.php?rest_route=%2Fwp%2Fv2%2Fcomments&post=11502"}],"version-history":[{"count":1,"href":"https:\/\/www.radiolimari.cl\/index.php?rest_route=\/wp\/v2\/posts\/11502\/revisions"}],"predecessor-version":[{"id":11504,"href":"https:\/\/www.radiolimari.cl\/index.php?rest_route=\/wp\/v2\/posts\/11502\/revisions\/11504"}],"wp:featuredmedia":[{"embeddable":true,"href":"https:\/\/www.radiolimari.cl\/index.php?rest_route=\/wp\/v2\/media\/11503"}],"wp:attachment":[{"href":"https:\/\/www.radiolimari.cl\/index.php?rest_route=%2Fwp%2Fv2%2Fmedia&parent=11502"}],"wp:term":[{"taxonomy":"category","embeddable":true,"href":"https:\/\/www.radiolimari.cl\/index.php?rest_route=%2Fwp%2Fv2%2Fcategories&post=11502"},{"taxonomy":"post_tag","embeddable":true,"href":"https:\/\/www.radiolimari.cl\/index.php?rest_route=%2Fwp%2Fv2%2Ftags&post=11502"}],"curies":[{"name":"wp","href":"https:\/\/api.w.org\/{rel}","templated":true}]}}