{"id":11486,"date":"2024-06-20T03:36:41","date_gmt":"2024-06-20T03:36:41","guid":{"rendered":"https:\/\/www.radiolimari.cl\/?p=11486"},"modified":"2024-06-20T03:36:42","modified_gmt":"2024-06-20T03:36:42","slug":"pdi-conmemora-91-anos-de-historia-en-la-investigacion-cientifico-tecnica-de-los-delitos","status":"publish","type":"post","link":"https:\/\/www.radiolimari.cl\/?p=11486","title":{"rendered":"PDI CONMEMORA 91 A\u00d1OS DE HISTORIA EN LA INVESTIGACI\u00d3N CIENT\u00cdFICO T\u00c9CNICA DE LOS DELITOS"},"content":{"rendered":"\n<figure class=\"wp-block-image size-large\"><a href=\"https:\/\/www.radiolimari.cl\/wp-content\/uploads\/2024\/06\/IMG_1691-scaled.jpg\"><img fetchpriority=\"high\" decoding=\"async\" width=\"1024\" height=\"683\" src=\"https:\/\/www.radiolimari.cl\/wp-content\/uploads\/2024\/06\/IMG_1691-1024x683.jpg\" alt=\"\" class=\"wp-image-11487\" srcset=\"https:\/\/www.radiolimari.cl\/wp-content\/uploads\/2024\/06\/IMG_1691-1024x683.jpg 1024w, https:\/\/www.radiolimari.cl\/wp-content\/uploads\/2024\/06\/IMG_1691-300x200.jpg 300w, https:\/\/www.radiolimari.cl\/wp-content\/uploads\/2024\/06\/IMG_1691-768x512.jpg 768w, https:\/\/www.radiolimari.cl\/wp-content\/uploads\/2024\/06\/IMG_1691-1536x1024.jpg 1536w, https:\/\/www.radiolimari.cl\/wp-content\/uploads\/2024\/06\/IMG_1691-2048x1365.jpg 2048w\" sizes=\"(max-width: 1024px) 100vw, 1024px\" \/><\/a><\/figure>\n\n\n\n<p><em>Los detectives, agentes policiales y funcionarios de la instituci\u00f3n, realizaron el tradicional acto de lista solemne en las unidades, izamiento de emblemas y la lectura del mensaje del Director General de la PDI.<\/em><\/p>\n\n\n\n<p>A las 08 en punto, se dio inicio a un breve acto, frente a la Prefectura Provincial Elqui, para conmemorar el aniversario 91 de la PDI, izando el Pabell\u00f3n Nacional e Institucional, ante la formaci\u00f3n de funcionarios activos y en situaci\u00f3n de Retiro, agentes policiales y detectives, encabezados por el prefecto inspector Ernesto Le\u00f3n B\u00f3rquez.<\/p>\n\n\n\n<p>Esta ceremonia se replic\u00f3 en las unidades territoriales de la regi\u00f3n y de Chile, que es una tradici\u00f3n del aniversario de la polic\u00eda civil, para dar lectura al mensaje del Director General Eduardo Cerna Lozano al personal institucional. Este a\u00f1o el discurso estuvo enfocado en la renovaci\u00f3n del compromiso con la comunidad, a trav\u00e9s de su labor identificada por la excelencia, rigor cient\u00edfico, con \u00e9nfasis en la \u00e9tica y probidad.<\/p>\n\n\n\n<p><strong>\u201cSon 91 a\u00f1os de historia, de sacrificio, de esfuerzo y dedicaci\u00f3n, de mejora y crecimiento constante de la PDI. El mensaje a la comunidad en este aniversario, es que conf\u00eden en su polic\u00eda civil, tenemos 91 a\u00f1os de experiencia en la b\u00fasqueda de la verdad. Somos una polic\u00eda profesional, cient\u00edfica t\u00e9cnica que est\u00e1 dise\u00f1ada para el objetivo com\u00fan que es la justicia y darle seguridad a la ciudadan\u00eda\u201d,<\/strong> expres\u00f3 el prefecto inspector Ernesto Le\u00f3n B\u00f3rquez, jefe de la Regi\u00f3n Policial de Coquimbo.<\/p>\n\n\n\n<p>Con el izamiento de los pabellones se representa el compromiso diario de los detectives hacia los habitantes de Chile y los valores institucionales, en las tres provincias, donde asistieron autoridades y representantes de la comunidad. El acto central, en La Serena, cont\u00f3 con la participaci\u00f3n especial de la Banda Instrumental del Regimiento Coquimbo N\u00b021 dirigida por el suboficial Sa\u00fal Conejeros Morales, a cargo del Himno Nacional e Institucional, que presentaron ante los asistentes de la ceremonia, en calle Larra\u00edn Alcalde con Anfi\u00f3n Mu\u00f1oz.<\/p>\n","protected":false},"excerpt":{"rendered":"<p>Los detectives, agentes policiales y funcionarios de la instituci\u00f3n, realizaron el tradicional acto de lista solemne en las unidades, izamiento de emblemas y la lectura del mensaje del Director General de la PDI. A las 08 en punto, se dio inicio a un breve acto, frente a la Prefectura Provincial Elqui, para conmemorar el aniversario &#8230;<\/p>\n","protected":false},"author":2,"featured_media":11487,"comment_status":"open","ping_status":"open","sticky":false,"template":"","format":"standard","meta":{"footnotes":""},"categories":[3],"tags":[],"class_list":["post-11486","post","type-post","status-publish","format-standard","has-post-thumbnail","hentry","category-actualidad"],"_links":{"self":[{"href":"https:\/\/www.radiolimari.cl\/index.php?rest_route=\/wp\/v2\/posts\/11486","targetHints":{"allow":["GET"]}}],"collection":[{"href":"https:\/\/www.radiolimari.cl\/index.php?rest_route=\/wp\/v2\/posts"}],"about":[{"href":"https:\/\/www.radiolimari.cl\/index.php?rest_route=\/wp\/v2\/types\/post"}],"author":[{"embeddable":true,"href":"https:\/\/www.radiolimari.cl\/index.php?rest_route=\/wp\/v2\/users\/2"}],"replies":[{"embeddable":true,"href":"https:\/\/www.radiolimari.cl\/index.php?rest_route=%2Fwp%2Fv2%2Fcomments&post=11486"}],"version-history":[{"count":1,"href":"https:\/\/www.radiolimari.cl\/index.php?rest_route=\/wp\/v2\/posts\/11486\/revisions"}],"predecessor-version":[{"id":11488,"href":"https:\/\/www.radiolimari.cl\/index.php?rest_route=\/wp\/v2\/posts\/11486\/revisions\/11488"}],"wp:featuredmedia":[{"embeddable":true,"href":"https:\/\/www.radiolimari.cl\/index.php?rest_route=\/wp\/v2\/media\/11487"}],"wp:attachment":[{"href":"https:\/\/www.radiolimari.cl\/index.php?rest_route=%2Fwp%2Fv2%2Fmedia&parent=11486"}],"wp:term":[{"taxonomy":"category","embeddable":true,"href":"https:\/\/www.radiolimari.cl\/index.php?rest_route=%2Fwp%2Fv2%2Fcategories&post=11486"},{"taxonomy":"post_tag","embeddable":true,"href":"https:\/\/www.radiolimari.cl\/index.php?rest_route=%2Fwp%2Fv2%2Ftags&post=11486"}],"curies":[{"name":"wp","href":"https:\/\/api.w.org\/{rel}","templated":true}]}}