{"id":11479,"date":"2024-06-20T02:05:13","date_gmt":"2024-06-20T02:05:13","guid":{"rendered":"https:\/\/www.radiolimari.cl\/?p=11479"},"modified":"2024-06-20T02:05:13","modified_gmt":"2024-06-20T02:05:13","slug":"establecimientos-educativos-conmemoran-dia-de-los-pueblos-originarios-con-actividades-de-sello-local-en-monte-patria","status":"publish","type":"post","link":"https:\/\/www.radiolimari.cl\/?p=11479","title":{"rendered":"Establecimientos educativos conmemoran \u201cD\u00eda de los Pueblos Originarios\u201d con actividades de sello local en Monte Patria"},"content":{"rendered":"\n<figure class=\"wp-block-image size-large\"><a href=\"https:\/\/www.radiolimari.cl\/wp-content\/uploads\/2024\/06\/WhatsApp-Image-2024-06-19-at-5.18.41-PM-3.jpeg\"><img fetchpriority=\"high\" decoding=\"async\" width=\"1024\" height=\"768\" src=\"https:\/\/www.radiolimari.cl\/wp-content\/uploads\/2024\/06\/WhatsApp-Image-2024-06-19-at-5.18.41-PM-3-1024x768.jpeg\" alt=\"\" class=\"wp-image-11480\" srcset=\"https:\/\/www.radiolimari.cl\/wp-content\/uploads\/2024\/06\/WhatsApp-Image-2024-06-19-at-5.18.41-PM-3-1024x768.jpeg 1024w, https:\/\/www.radiolimari.cl\/wp-content\/uploads\/2024\/06\/WhatsApp-Image-2024-06-19-at-5.18.41-PM-3-300x225.jpeg 300w, https:\/\/www.radiolimari.cl\/wp-content\/uploads\/2024\/06\/WhatsApp-Image-2024-06-19-at-5.18.41-PM-3-768x576.jpeg 768w, https:\/\/www.radiolimari.cl\/wp-content\/uploads\/2024\/06\/WhatsApp-Image-2024-06-19-at-5.18.41-PM-3-1536x1152.jpeg 1536w, https:\/\/www.radiolimari.cl\/wp-content\/uploads\/2024\/06\/WhatsApp-Image-2024-06-19-at-5.18.41-PM-3.jpeg 1600w\" sizes=\"(max-width: 1024px) 100vw, 1024px\" \/><\/a><\/figure>\n\n\n\n<p><strong><em>Las ra\u00edces ind\u00edgenas es una tem\u00e1tica que en Monte Patria se inculca desde NT1 a cuarto medio.<\/em><\/strong><\/p>\n\n\n\n<p>Una simb\u00f3lica jornada en contacto con la madre Tierra vivieron las comunidades educativas del microcentro La Alborada, compuesta por las escuelas multigrado Profesor Manuel Ortiz Quintana de Mialqui, Pablo Neruda de Semita, Carmela Prat de Cha\u00f1aral de Car\u00e9n y La Uni\u00f3n de El Coipo en coordinaci\u00f3n con la especialidad de gastronom\u00eda del Liceo Bicentenario Pdte. Eduardo Frei Montalva, realizaron una memorable actividad en la Hacienda Juntas la jornada del d\u00eda lunes 17 de junio.<\/p>\n\n\n\n<p>En la instancia, se rememor\u00f3 una ceremonia ancestral propia de las ra\u00edces aut\u00f3ctonas en el equinoccio de invierno, donde el fuego, el sol y la naturaleza en general son protagonistas del recambio de energ\u00edas junto a la llegada del nuevo a\u00f1o ind\u00edgena. <strong>\u00abHoy fue un encuentro de todos los alumnos tanto de la escuela Profesor Manuel Ortiz Quintana, como del liceo. Tambi<\/strong><strong>\u00e9<\/strong><strong>n participaron escuelas del microcentro. Celebramos las v\u00edsperas del a\u00f1o nuevo ind\u00edgena (Inti Raymi en quechua\/We tripantu en mapudung\u00fan) para dar agradecimiento por la abundancia, por la lluvia en torno a algo que es simb\u00f3lico como lo es la gastronom\u00ed<\/strong><strong>a patrimonial\u00bb.<\/strong><\/p>\n\n\n\n<p>El Inti Raymi (fiesta del sol en quechua) que se celebra en la zona norte del pa\u00eds, no difiere del todo de la festividad We Tripantu (salida del sol en mapudung\u00fan) que es celebrada por la cultura mapuche en el centro sur del pa\u00eds. Ambas festividades tienen una trascendencia cultural, y por lo mismo, un valor inmaterial que invita a los estudiantes y comunidad en general a una reflexi\u00f3n frente a las tradiciones y el legado de las ra\u00edces ind\u00edgenas en el sincretismo cultural actual. Es por ello que este d\u00eda se conmemora en los establecimientos educativos del pa\u00eds con el fin de mantener viva la memoria y tradiciones de los pueblos originarios.<\/p>\n\n\n\n<p>A la ceremonia no solo asistieron los estudiantes de las distintas comunidades multigrados convocadas, sino tambi\u00e9n estudiantes de la especialidad de gastronom\u00eda y padres y apoderados que, vivieron una especial conexi\u00f3n con la naturaleza. Al respecto, Elba Miranda, apoderada de la escuela Prof. Manuel Ortiz Quintana se\u00f1al\u00f3 <strong>\u00abesta es la primera vez que estoy en un encuentro as\u00ed; me encant\u00f3, muy lindo todo. Los ni\u00f1os hab\u00edan tenido oportunidad antes, pero esta es la primera vez que acompa\u00f1o, es emocionante\u00bb.<\/strong><\/p>\n\n\n\n<p><strong>Una tradici\u00f3n intercultural <\/strong><strong><\/strong><\/p>\n\n\n\n<p>Para Carol Martin, profesora encargada de la escuela multigrado Profesor Manuel Ortiz Quintana de la localidad de Mialqui, esta actividad se realiza hace casi una d\u00e9cada, la que busca conectar y concienciar a los estudiantes con las culturas ancestrales de la zona <strong>\u00abesta actividad viene desarroll\u00e1ndose desde hace 8-9 a\u00f1os, tenemos una alianza con la carrera de gastronom\u00eda del Liceo Presidente Eduardo Frei Montalva, donde ellos nos acompa\u00f1an. Tenemos dos profesores y nuestra educadora tradicional, Liliana Rodr\u00edguez, que se encarga de hacer la rogativa. Nosotros tenemos que hacer un cambio en nuestro planeta y esto parte por valorar la cultura de nuestros pueblos ancestrales\u00bb.<\/strong><\/p>\n\n\n\n<p>En tanto, la asesora pedag\u00f3gica del DEM Monte Patria, Marcela Rojas Flores, precis\u00f3 <strong>\u00abComo Departamento de Educaci\u00f3n, estamos muy contentos de participar en la celebraci\u00f3n del Inti Raymi, que es una actividad que da la bienvenida al equinoccio de invierno, reviviendo una tradici\u00f3n muy ancestral y que gracias a la gesti\u00f3n de las comunidades educativas del microcentro La Alborada de R\u00edo Grande y el Liceo Bicentenario Presidente Eduardo Frei Montalva, se ha celebrado en un entorno maravilloso como lo es la Hacienda Juntas, lo que hace que esto se transforme en un espacio de aprendizaje significativo y motivador para todos los estudiantes\u201d.<\/strong><\/p>\n\n\n\n<p>Al igual que la escuela Profesor Manuel Ortiz Quintana de Mialqui, la escuela Chilecito tuvo la jornada denominada <em>Feice Mawn K\u00fcpam Ma\u00f1umn<\/em> (ven a agradecer la lluvia) el d\u00eda martes 18 de junio. La actividad const\u00f3 de una muestra cultural y gastron\u00f3mica en agradecimiento por la lluvia recibida en el sector, la que convoc\u00f3 a la comunidad en pleno y donde particip\u00f3 la alcaldesa (s) Olga Barraza Cort\u00e9s.<\/p>\n\n\n\n<p><strong>\u201cEsta fue una linda jornada que tuvimos hoy, sobre todo, porque hoy la tem\u00e1tica era agradecer las lluvias que recibimos el \u00faltimo tiempo; agradecer este respiro que nos dio la naturaleza con esta lluvia tan bendecida para toda la comuna de Monte Patria y tan necesitada. Adem\u00e1s, tambi\u00e9n destacar los pueblos originarios con una muestra gastron\u00f3mica, tambi\u00e9n nos presentaron unos n\u00fameros art\u00edsticos realizados por ellos, estaban la comunidad educativa, los padres y apoderados que estaban muy contentos por la actividad desarrollada en la escuela Chilecito\u201d<\/strong>, indic\u00f3 la alcaldesa (S) Olga Barraza Cort\u00e9s.<\/p>\n\n\n\n<p>En la comuna de los valles generosos, los programas y sellos educativos son variados. De esta forma, son al menos 11 establecimientos que trabajan con el sello intercultural, que incorpora metodolog\u00edas de ense\u00f1anza-aprendizaje de los pueblos ind\u00edgenas en distintas asignaturas.<\/p>\n","protected":false},"excerpt":{"rendered":"<p>Las ra\u00edces ind\u00edgenas es una tem\u00e1tica que en Monte Patria se inculca desde NT1 a cuarto medio. Una simb\u00f3lica jornada en contacto con la madre Tierra vivieron las comunidades educativas del microcentro La Alborada, compuesta por las escuelas multigrado Profesor Manuel Ortiz Quintana de Mialqui, Pablo Neruda de Semita, Carmela Prat de Cha\u00f1aral de Car\u00e9n &#8230;<\/p>\n","protected":false},"author":2,"featured_media":11480,"comment_status":"open","ping_status":"open","sticky":false,"template":"","format":"standard","meta":{"footnotes":""},"categories":[5],"tags":[],"class_list":["post-11479","post","type-post","status-publish","format-standard","has-post-thumbnail","hentry","category-actualidad-limarina"],"_links":{"self":[{"href":"https:\/\/www.radiolimari.cl\/index.php?rest_route=\/wp\/v2\/posts\/11479","targetHints":{"allow":["GET"]}}],"collection":[{"href":"https:\/\/www.radiolimari.cl\/index.php?rest_route=\/wp\/v2\/posts"}],"about":[{"href":"https:\/\/www.radiolimari.cl\/index.php?rest_route=\/wp\/v2\/types\/post"}],"author":[{"embeddable":true,"href":"https:\/\/www.radiolimari.cl\/index.php?rest_route=\/wp\/v2\/users\/2"}],"replies":[{"embeddable":true,"href":"https:\/\/www.radiolimari.cl\/index.php?rest_route=%2Fwp%2Fv2%2Fcomments&post=11479"}],"version-history":[{"count":1,"href":"https:\/\/www.radiolimari.cl\/index.php?rest_route=\/wp\/v2\/posts\/11479\/revisions"}],"predecessor-version":[{"id":11481,"href":"https:\/\/www.radiolimari.cl\/index.php?rest_route=\/wp\/v2\/posts\/11479\/revisions\/11481"}],"wp:featuredmedia":[{"embeddable":true,"href":"https:\/\/www.radiolimari.cl\/index.php?rest_route=\/wp\/v2\/media\/11480"}],"wp:attachment":[{"href":"https:\/\/www.radiolimari.cl\/index.php?rest_route=%2Fwp%2Fv2%2Fmedia&parent=11479"}],"wp:term":[{"taxonomy":"category","embeddable":true,"href":"https:\/\/www.radiolimari.cl\/index.php?rest_route=%2Fwp%2Fv2%2Fcategories&post=11479"},{"taxonomy":"post_tag","embeddable":true,"href":"https:\/\/www.radiolimari.cl\/index.php?rest_route=%2Fwp%2Fv2%2Ftags&post=11479"}],"curies":[{"name":"wp","href":"https:\/\/api.w.org\/{rel}","templated":true}]}}