{"id":11476,"date":"2024-06-20T01:59:23","date_gmt":"2024-06-20T01:59:23","guid":{"rendered":"https:\/\/www.radiolimari.cl\/?p=11476"},"modified":"2024-06-20T01:59:24","modified_gmt":"2024-06-20T01:59:24","slug":"seremi-de-educacion-de-coquimbo-implementara-programa-de-buenas-practicas-laborales-con-equidad-de-genero","status":"publish","type":"post","link":"https:\/\/www.radiolimari.cl\/?p=11476","title":{"rendered":"Seremi de Educaci\u00f3n de Coquimbo implementar\u00e1 Programa de Buenas Pr\u00e1cticas Laborales con Equidad de G\u00e9nero"},"content":{"rendered":"\n<figure class=\"wp-block-image size-large\"><a href=\"https:\/\/www.radiolimari.cl\/wp-content\/uploads\/2024\/06\/5.-Buenas-Practicas-Laborales-Seremi-de-Educacion.jpg\"><img fetchpriority=\"high\" decoding=\"async\" width=\"1024\" height=\"768\" src=\"https:\/\/www.radiolimari.cl\/wp-content\/uploads\/2024\/06\/5.-Buenas-Practicas-Laborales-Seremi-de-Educacion-1024x768.jpg\" alt=\"\" class=\"wp-image-11477\" srcset=\"https:\/\/www.radiolimari.cl\/wp-content\/uploads\/2024\/06\/5.-Buenas-Practicas-Laborales-Seremi-de-Educacion-1024x768.jpg 1024w, https:\/\/www.radiolimari.cl\/wp-content\/uploads\/2024\/06\/5.-Buenas-Practicas-Laborales-Seremi-de-Educacion-300x225.jpg 300w, https:\/\/www.radiolimari.cl\/wp-content\/uploads\/2024\/06\/5.-Buenas-Practicas-Laborales-Seremi-de-Educacion-768x576.jpg 768w, https:\/\/www.radiolimari.cl\/wp-content\/uploads\/2024\/06\/5.-Buenas-Practicas-Laborales-Seremi-de-Educacion.jpg 1280w\" sizes=\"(max-width: 1024px) 100vw, 1024px\" \/><\/a><\/figure>\n\n\n\n<p><strong>\u2022 <\/strong><strong>La Secretar\u00eda Regional Ministerial de Educaci\u00f3n, mediante su asociaci\u00f3n gremial Andime Secreduc, manifest\u00f3 su inter\u00e9s de participar en el programa Buenas Pr\u00e1cticas Laborales con equidad de g\u00e9nero, siendo una de las tres organizaciones laborales a nivel regional, que ingresan al programa (BPLEG) de SernamEG, durante este a\u00f1o 2024.<\/strong><\/p>\n\n\n\n<p>Con la firma de una carta compromiso y la constituci\u00f3n del Comit\u00e9 de G\u00e9nero funcionarias y funcionarios de la Secretar\u00eda Regional Ministerial de Educaci\u00f3n de Coquimbo dieron inicio a la implementaci\u00f3n del programa de Buenas Pr\u00e1cticas Laborales con Equidad de G\u00e9nero (BPLEG), actividad que cont\u00f3 con la presencia de la Seremi de Educaci\u00f3n, Cecilia Ram\u00edrez Ch\u00e1vez y la Directora Regional del Servicio Nacional de la Mujer y la Equidad de G\u00e9nero (SernamEG), Priscilla Olivares Verasay, ambas instituciones comprometidas con el Programa BPLEG.<\/p>\n\n\n\n<p>La instancia fue organizada por la Asociaci\u00f3n Nacional de Funcionarios\/as del Ministerio de Educaci\u00f3n, en la Regi\u00f3n de Coquimbo (Andime Secreduc), gremio que constituy\u00f3 una Comisi\u00f3n de G\u00e9nero, la que firm\u00f3 junto a las autoridades regionales del Mineduc y SernamEG, el compromiso de implementaci\u00f3n del modelo de intervenci\u00f3n de Buenas Pr\u00e1cticas Laborales con Equidad de G\u00e9nero (BPLEG).<\/p>\n\n\n\n<p>La Seremi de Educaci\u00f3n, Cecilia Ram\u00edrez Ch\u00e1vez destac\u00f3 que \u201ces muy importante para el Ministerio de Educaci\u00f3n en la Regi\u00f3n de Coquimbo acompa\u00f1ar, apoyar y seguir avanzando en esta iniciativa levantada por las y los trabajadores, a trav\u00e9s de su representaci\u00f3n gremial que es Andime Secreduc. Hemos hecho el hito comunicacional de firma de la carta compromiso. Este es un trabajo que lleva la Comisi\u00f3n de G\u00e9nero de Andime hace dos meses. Pretendemos que se instalen pr\u00e1cticas buenas del ambiente laboral que tengan perspectiva de g\u00e9nero, que aseguren la equidad de g\u00e9nero y que se institucionalicen para poder seguir avanzando en acortar estas brechas, que nos han afectado hist\u00f3ricamente no solo a las mujeres, sino a la sociedad en su conjunto cuando afectamos a las mujeres\u201d, relev\u00f3.<\/p>\n\n\n\n<p>La Seremi enfatiz\u00f3 que \u201ces importante reforzar que como gobierno del Presidente Gabriel Boric hemos ido avanzando en materia de g\u00e9nero y equidad. Pero tambi\u00e9n tenemos claro los nudos cr\u00edticos que tenemos como instituci\u00f3n. Con este acompa\u00f1amiento que vamos a tener de SernamEG, por lo cual agradezco a su directora, que hayan privilegiado a Secreduc en esta selecci\u00f3n de tres instituciones para ser parte del programa, para iniciar este camino de mejoras laborales con equidad de g\u00e9nero\u201d, asever\u00f3.<\/p>\n\n\n\n<p>La Directora Regional del Servicio Nacional de la Mujer y la Equidad de G\u00e9nero (SernamEG), Priscilla Olivares Verasay manifest\u00f3 que \u201cel programa de Buenas Pr\u00e1cticas Laborales con Equidad de G\u00e9nero busca influir en la gesti\u00f3n de las organizaciones, ya sean p\u00fablicas o privadas. En el caso de la Seremi de Educaci\u00f3n se suma como de las pocas instituciones p\u00fablicas que a nivel pa\u00eds est\u00e1n trabajando en la equidad de g\u00e9nero. Es un desaf\u00edo tremendo para la organizaci\u00f3n porque tienen que cambiar varias estructuras, tiene que haber diferencias en c\u00f3mo se gestiona el personal por ejemplo, cu\u00e1les son los mecanismos de acci\u00f3n ante situaciones de violencia. Es todo un cambio paradigm\u00e1tico de c\u00f3mo se trabaja. Estamos muy contentos, que la Seremi de Educaci\u00f3n se haya sumado, sobre todo porque fueron sus trabajadoras y trabajadores de Andime, quienes impulsaron esta iniciativa. Felicito que el gremio se est\u00e9 sumando de manera tan profunda y responsable en este desaf\u00edo\u201d, valor\u00f3.<\/p>\n\n\n\n<p>La implementaci\u00f3n del programa de Buenas Pr\u00e1cticas Laborales con Equidad de G\u00e9nero surge del trabajo que ha desarrollado el directorio de Andime Secreduc 2023 -2025 se\u00f1al\u00f3 su Presidenta Soledad Castillo Bouey detallando que \u201cse han formado comisiones de trabajo por tem\u00e1ticas. Se conform\u00f3 una Comisi\u00f3n de G\u00e9nero que ha liderado esta iniciativa. El incorporarnos a este programa de BPLEG surge desde los socios y socios, y que, pueda provocar un cambio cultural, con la implementaci\u00f3n de nuevas pr\u00e1cticas en el servicio con enfoque y equidad de g\u00e9nero\u201d. Agreg\u00f3 que \u201ctenemos que hacer un levantamiento para ver las brechas que tenemos. Se conform\u00f3 un comit\u00e9 representando por distintas entidades dentro del servicio, la jefatura, comit\u00e9s paritarios, ambientes laborales, el gremio, gesti\u00f3n de personas, y entre todos, detectar las brechas y generar un plan de trabajo\u201d, indic\u00f3.<\/p>\n\n\n\n<p>El Servicio Nacional de la Mujer y la Equidad de G\u00e9nero (SernamEG), impulsa el Programa Buenas Pr\u00e1cticas Laborales con Equidad de G\u00e9nero (BPLEG) con el objetivo de aportar a la disminuci\u00f3n de las desigualdades y brechas de g\u00e9nero, apoyando la incorporaci\u00f3n de medidas que permitan conciliar la vida personal, laboral y familiar, con la misi\u00f3n de lograr cambios culturales sustantivos en el quehacer de las organizaciones laborales, mediante la entrega de herramientas de sensibilizaci\u00f3n y capacitaci\u00f3n en distintos niveles de intervenci\u00f3n.<\/p>\n\n\n\n<p>La Secretar\u00eda Regional Ministerial de Educaci\u00f3n, mediante su asociaci\u00f3n gremial Andime Secreduc, manifest\u00f3 su inter\u00e9s de participar en el programa Buenas Pr\u00e1cticas Laborales con equidad de g\u00e9nero, siendo una de las tres organizaciones laborales a nivel regional que ingresan al programa durante este a\u00f1o 2024. &nbsp;A trav\u00e9s del Comit\u00e9 de G\u00e9nero deber\u00e1 generar un autodiagn\u00f3stico organizacional de g\u00e9nero, mediante la plataforma (PAS) y un plan de acci\u00f3n propuesto por la organizaci\u00f3n, para la detecci\u00f3n de barreras, brechas o posibles discriminaciones de g\u00e9nero, las cuales se abordar\u00e1n durante el a\u00f1o 2025.<\/p>\n\n\n\n<p>El Programa de Buenas Pr\u00e1cticas Laborales con Equidad de G\u00e9nero (BPLEG) promueve un cambio cultural al interior de organizaciones p\u00fablicas y privadas para favorecer el ingreso, permanencia y desarrollo de las mujeres en espacios laborales de calidad, impulsando medidas para erradicar brechas y barreras de g\u00e9nero en el empleo, e incentiva la instalaci\u00f3n de herramientas como la Norma Chilena 3262 sobre Igualdad de G\u00e9nero y Conciliaci\u00f3n de la Vida Laboral, Familiar y Personal.<\/p>\n","protected":false},"excerpt":{"rendered":"<p>\u2022 La Secretar\u00eda Regional Ministerial de Educaci\u00f3n, mediante su asociaci\u00f3n gremial Andime Secreduc, manifest\u00f3 su inter\u00e9s de participar en el programa Buenas Pr\u00e1cticas Laborales con equidad de g\u00e9nero, siendo una de las tres organizaciones laborales a nivel regional, que ingresan al programa (BPLEG) de SernamEG, durante este a\u00f1o 2024. Con la firma de una carta &#8230;<\/p>\n","protected":false},"author":2,"featured_media":11477,"comment_status":"open","ping_status":"open","sticky":false,"template":"","format":"standard","meta":{"footnotes":""},"categories":[6],"tags":[],"class_list":["post-11476","post","type-post","status-publish","format-standard","has-post-thumbnail","hentry","category-regionales"],"_links":{"self":[{"href":"https:\/\/www.radiolimari.cl\/index.php?rest_route=\/wp\/v2\/posts\/11476","targetHints":{"allow":["GET"]}}],"collection":[{"href":"https:\/\/www.radiolimari.cl\/index.php?rest_route=\/wp\/v2\/posts"}],"about":[{"href":"https:\/\/www.radiolimari.cl\/index.php?rest_route=\/wp\/v2\/types\/post"}],"author":[{"embeddable":true,"href":"https:\/\/www.radiolimari.cl\/index.php?rest_route=\/wp\/v2\/users\/2"}],"replies":[{"embeddable":true,"href":"https:\/\/www.radiolimari.cl\/index.php?rest_route=%2Fwp%2Fv2%2Fcomments&post=11476"}],"version-history":[{"count":1,"href":"https:\/\/www.radiolimari.cl\/index.php?rest_route=\/wp\/v2\/posts\/11476\/revisions"}],"predecessor-version":[{"id":11478,"href":"https:\/\/www.radiolimari.cl\/index.php?rest_route=\/wp\/v2\/posts\/11476\/revisions\/11478"}],"wp:featuredmedia":[{"embeddable":true,"href":"https:\/\/www.radiolimari.cl\/index.php?rest_route=\/wp\/v2\/media\/11477"}],"wp:attachment":[{"href":"https:\/\/www.radiolimari.cl\/index.php?rest_route=%2Fwp%2Fv2%2Fmedia&parent=11476"}],"wp:term":[{"taxonomy":"category","embeddable":true,"href":"https:\/\/www.radiolimari.cl\/index.php?rest_route=%2Fwp%2Fv2%2Fcategories&post=11476"},{"taxonomy":"post_tag","embeddable":true,"href":"https:\/\/www.radiolimari.cl\/index.php?rest_route=%2Fwp%2Fv2%2Ftags&post=11476"}],"curies":[{"name":"wp","href":"https:\/\/api.w.org\/{rel}","templated":true}]}}