{"id":11467,"date":"2024-06-17T23:25:40","date_gmt":"2024-06-17T23:25:40","guid":{"rendered":"https:\/\/www.radiolimari.cl\/?p=11467"},"modified":"2024-06-17T23:25:40","modified_gmt":"2024-06-17T23:25:40","slug":"gobierno-y-municipios-se-coordinan-para-retomar-la-conectividad-tras-el-sistema-frontal","status":"publish","type":"post","link":"https:\/\/www.radiolimari.cl\/?p=11467","title":{"rendered":"Gobierno y municipios se coordinan para retomar la conectividad tras el sistema frontal."},"content":{"rendered":"\n<figure class=\"wp-block-image size-large\"><a href=\"https:\/\/www.radiolimari.cl\/wp-content\/uploads\/2024\/06\/REUNION-ALCALDES-img_1706-4-scaled.jpeg\"><img fetchpriority=\"high\" decoding=\"async\" width=\"1024\" height=\"683\" src=\"https:\/\/www.radiolimari.cl\/wp-content\/uploads\/2024\/06\/REUNION-ALCALDES-img_1706-4-1024x683.jpeg\" alt=\"\" class=\"wp-image-11468\" srcset=\"https:\/\/www.radiolimari.cl\/wp-content\/uploads\/2024\/06\/REUNION-ALCALDES-img_1706-4-1024x683.jpeg 1024w, https:\/\/www.radiolimari.cl\/wp-content\/uploads\/2024\/06\/REUNION-ALCALDES-img_1706-4-300x200.jpeg 300w, https:\/\/www.radiolimari.cl\/wp-content\/uploads\/2024\/06\/REUNION-ALCALDES-img_1706-4-768x512.jpeg 768w, https:\/\/www.radiolimari.cl\/wp-content\/uploads\/2024\/06\/REUNION-ALCALDES-img_1706-4-1536x1024.jpeg 1536w, https:\/\/www.radiolimari.cl\/wp-content\/uploads\/2024\/06\/REUNION-ALCALDES-img_1706-4-2048x1365.jpeg 2048w\" sizes=\"(max-width: 1024px) 100vw, 1024px\" \/><\/a><\/figure>\n\n\n\n<p><strong><em>Alcaldes destacaron la convocatoria e hicieron hincapi\u00e9 en continuar reforzando la preparaci\u00f3n comunicaci\u00f3n, ante nuevos episodios de precipitaciones.<\/em><\/strong><\/p>\n\n\n\n<p>La Regi\u00f3n de Coquimbo resisti\u00f3 el paso de uno de los sistemas frontales m\u00e1s intensos de las \u00faltimas d\u00e9cadas, gracias a la coordinaci\u00f3n previa entre el Gobierno, los municipios y los equipos de emergencia, orden p\u00fablico y seguridad.<\/p>\n\n\n\n<p>Sin embargo, y pese a que no se reportaron mayores incidencias, la zona report\u00f3 afectaciones puntuales que fueron abordadas este lunes en una reuni\u00f3n entre el Delegado Presidencial Regional Galo Luna Penna y los 15 jefes comunales.<\/p>\n\n\n\n<p>Al respecto, el Delegado Luna indic\u00f3 que <strong>\u201canalizamos el panorama post sistema frontal y felicitamos a todos los municipios que trabajaron arduamente, por lo que podemos decir que la lluvia fue positiva. Hoy queda la recuperaci\u00f3n. Nosotros sabemos que nuestra regi\u00f3n tiene como caracter\u00edstica muchos caminos interiores, que en su mayor\u00eda son de tierra, son caminos que no est\u00e1n bajo la tuici\u00f3n de Vialidad, por lo tanto est\u00e1bamos coordinando justamente c\u00f3mo vamos a intervenir esos caminos\u201d<\/strong>.<\/p>\n\n\n\n<p>Con presencia tambi\u00e9n de las Delegadas Presidenciales de Limar\u00ed y Choapa, se levantar\u00e1 una instancia de trabajo para retomar la conectividad. Para ello se gestionar\u00e1n recursos desde el Ministerio del Interior.<\/p>\n\n\n\n<p>Asimismo, se pondr\u00e1 acento en la recuperaci\u00f3n de canales de regad\u00edo. Los alcaldes ya est\u00e1n levantando la informaci\u00f3n. <strong>\u201cVamos a comenzar a prepararnos porque se esperan nuevas precipitaciones. Con la cantidad de agua que cay\u00f3 vamos a tener los cerros saturados, por lo tanto, esto no se va a detener. Vamos a seguir en estas coordinaciones\u201d<\/strong>, acot\u00f3 el Delegado Galo Luna Penna.<\/p>\n\n\n\n<p>Para la Alcaldesa de R\u00edo Hurtado, Juana Olivares, las \u00faltimas precipitaciones si bien les brindan certeza en cuanto a riego y disponibilidad de agua para consumo humano, s\u00ed pone en relieve la necesidad de fortalecer las coordinaciones para hacer frente a nuevos sistemas frontales.<\/p>\n\n\n\n<p><strong>\u201cNosotros destacamos el trabajo que se hizo previo junto a las delegaciones para poder tomar todas las medidas necesarias y los llamados tambi\u00e9n a la comunidad para que tomaran las precauciones dentro de sus hogares. Pero como en toda lluvia, no estuvimos exentos de los problemas normales, como son los cortes de camino y las bajadas de quebrada\u201d<\/strong>, manifest\u00f3 la alcaldesa de la comuna limarina.<\/p>\n\n\n\n<p>Valoraci\u00f3n que tambi\u00e9n tuvo el Alcalde de Illapel, Denis Cort\u00e9s, quien sostuvo que <strong>\u201cagradezco la disposici\u00f3n del Delegado Presidencial quien, desde antes del frente clim\u00e1tico, nos reunimos v\u00eda telem\u00e1tica junto con el Ministro de Agricultura para coordinar acciones y eso permiti\u00f3 que muchas emergencias respecto a la lluvia pudieran ser controladas\u201d<\/strong>.<\/p>\n\n\n\n<p>El edil a\u00f1adi\u00f3 la solidaridad tras el incendio que afect\u00f3 al Mercado de Abastos de su comuna y la ayuda que se comenzar\u00e1 a gestionar para las y los afectados, con el apoyo del Gobierno, a trav\u00e9s de la Seremi de Econom\u00eda.<\/p>\n\n\n\n<p>De la misma forma, el Alcalde de Los Vilos, Christian Gross, apreci\u00f3 el llamado para exponer las situaciones que se reportaron en cada una de las comunas y dijo que <strong>\u201cestamos en proceso de levantamiento de informaci\u00f3n, sobre todo en la afectaci\u00f3n de caminos, los no enrolados, y tambi\u00e9n en la solicitud de poder agilizar y acelerar lo m\u00e1s que se pueda la mejora de los caminos desde Vialidad. Creemos que hoy d\u00eda es una oportunidad para atender algunas situaciones espec\u00edficas\u201d<\/strong>.<\/p>\n\n\n\n<p>En la misma l\u00ednea, puntualiz\u00f3 que buscar\u00e1n fortalecer ciertos puntos de su comuna que reportan inconvenientes, entre ellas la localidad de Tilama.<\/p>\n","protected":false},"excerpt":{"rendered":"<p>Alcaldes destacaron la convocatoria e hicieron hincapi\u00e9 en continuar reforzando la preparaci\u00f3n comunicaci\u00f3n, ante nuevos episodios de precipitaciones. La Regi\u00f3n de Coquimbo resisti\u00f3 el paso de uno de los sistemas frontales m\u00e1s intensos de las \u00faltimas d\u00e9cadas, gracias a la coordinaci\u00f3n previa entre el Gobierno, los municipios y los equipos de emergencia, orden p\u00fablico y &#8230;<\/p>\n","protected":false},"author":2,"featured_media":11468,"comment_status":"open","ping_status":"open","sticky":false,"template":"","format":"standard","meta":{"footnotes":""},"categories":[3],"tags":[],"class_list":["post-11467","post","type-post","status-publish","format-standard","has-post-thumbnail","hentry","category-actualidad"],"_links":{"self":[{"href":"https:\/\/www.radiolimari.cl\/index.php?rest_route=\/wp\/v2\/posts\/11467","targetHints":{"allow":["GET"]}}],"collection":[{"href":"https:\/\/www.radiolimari.cl\/index.php?rest_route=\/wp\/v2\/posts"}],"about":[{"href":"https:\/\/www.radiolimari.cl\/index.php?rest_route=\/wp\/v2\/types\/post"}],"author":[{"embeddable":true,"href":"https:\/\/www.radiolimari.cl\/index.php?rest_route=\/wp\/v2\/users\/2"}],"replies":[{"embeddable":true,"href":"https:\/\/www.radiolimari.cl\/index.php?rest_route=%2Fwp%2Fv2%2Fcomments&post=11467"}],"version-history":[{"count":1,"href":"https:\/\/www.radiolimari.cl\/index.php?rest_route=\/wp\/v2\/posts\/11467\/revisions"}],"predecessor-version":[{"id":11469,"href":"https:\/\/www.radiolimari.cl\/index.php?rest_route=\/wp\/v2\/posts\/11467\/revisions\/11469"}],"wp:featuredmedia":[{"embeddable":true,"href":"https:\/\/www.radiolimari.cl\/index.php?rest_route=\/wp\/v2\/media\/11468"}],"wp:attachment":[{"href":"https:\/\/www.radiolimari.cl\/index.php?rest_route=%2Fwp%2Fv2%2Fmedia&parent=11467"}],"wp:term":[{"taxonomy":"category","embeddable":true,"href":"https:\/\/www.radiolimari.cl\/index.php?rest_route=%2Fwp%2Fv2%2Fcategories&post=11467"},{"taxonomy":"post_tag","embeddable":true,"href":"https:\/\/www.radiolimari.cl\/index.php?rest_route=%2Fwp%2Fv2%2Ftags&post=11467"}],"curies":[{"name":"wp","href":"https:\/\/api.w.org\/{rel}","templated":true}]}}