{"id":11454,"date":"2024-06-16T16:00:12","date_gmt":"2024-06-16T16:00:12","guid":{"rendered":"https:\/\/www.radiolimari.cl\/?p=11454"},"modified":"2024-06-16T16:00:13","modified_gmt":"2024-06-16T16:00:13","slug":"municipio-de-ovalle-extiende-plazo-de-entrega-de-proyectos-para-acceder-al-fondeve-en-la-comuna","status":"publish","type":"post","link":"https:\/\/www.radiolimari.cl\/?p=11454","title":{"rendered":"Municipio de Ovalle extiende plazo de entrega de proyectos para acceder al Fondeve en la comuna."},"content":{"rendered":"\n<figure class=\"wp-block-image size-large\"><a href=\"https:\/\/www.radiolimari.cl\/wp-content\/uploads\/2024\/06\/FONDEVE-2024-2--scaled.jpg\"><img fetchpriority=\"high\" decoding=\"async\" width=\"1024\" height=\"683\" src=\"https:\/\/www.radiolimari.cl\/wp-content\/uploads\/2024\/06\/FONDEVE-2024-2--1024x683.jpg\" alt=\"\" class=\"wp-image-11455\" srcset=\"https:\/\/www.radiolimari.cl\/wp-content\/uploads\/2024\/06\/FONDEVE-2024-2--1024x683.jpg 1024w, https:\/\/www.radiolimari.cl\/wp-content\/uploads\/2024\/06\/FONDEVE-2024-2--300x200.jpg 300w, https:\/\/www.radiolimari.cl\/wp-content\/uploads\/2024\/06\/FONDEVE-2024-2--768x512.jpg 768w, https:\/\/www.radiolimari.cl\/wp-content\/uploads\/2024\/06\/FONDEVE-2024-2--1536x1024.jpg 1536w, https:\/\/www.radiolimari.cl\/wp-content\/uploads\/2024\/06\/FONDEVE-2024-2--2048x1365.jpg 2048w\" sizes=\"(max-width: 1024px) 100vw, 1024px\" \/><\/a><\/figure>\n\n\n\n<p><strong><em>Desde el municipio de Ovalle informaron que se extendi\u00f3 el plazo para la entrega de proyectos, por parte de las organizaciones sociales de la comuna, que postular\u00e1n al financiamiento del Fondo de Desarrollo Vecinal, que en un comienzo estaba fijado para este viernes 14 de junio.&nbsp;<\/em><\/strong><\/p>\n\n\n\n<p>Unos d\u00edas m\u00e1s tendr\u00e1n las organizaciones de la comuna de Ovalle, que buscan postular a recursos del Fondo de Desarrollo Vecinal (FONDEVE), puesto que el municipio de Ovalle extendi\u00f3 el plazo, que concluir\u00eda este viernes 14 de junio, para el pr\u00f3ximo mi\u00e9rcoles 19 de junio. De esta forma, las instituciones sociales podr\u00e1n acceder al financiamiento que tiene un monto m\u00e1ximo de 1 mill\u00f3n de pesos.&nbsp;<\/p>\n\n\n\n<p>Los representantes de las organizaciones, territoriales y funcionales, tienen que presentar los antecedentes en un sobre cerrado en el cual tendr\u00e1n que indicar el nombre y RUT de la instituci\u00f3n, adem\u00e1s del nombre de la iniciativa que se someter\u00e1 a evaluaci\u00f3n de la comisi\u00f3n municipal. Le entrega debe realizarse en la Oficina de Partes del municipio de Ovalle, hasta las 14 horas del mi\u00e9rcoles 19 de junio.&nbsp;<\/p>\n\n\n\n<p>El alcalde de Ovalle, Jonathan Acu\u00f1a Rojas sostuvo que \u201cextenderemos el plazo, porque queremos que la mayor cantidad de organizaciones sociales de la comuna opten a esta alternativa de financiamiento para que puedan concretar sus proyectos m\u00e1s inmediatos, como peque\u00f1os arreglos, compra de implementaci\u00f3n, mobiliario y artefactos el\u00e9ctricos para sus actividades\u201d.&nbsp;<\/p>\n\n\n\n<p>Recordemos, que las l\u00edneas de financiamiento son Fondo de Desarrollo Vecinal para las juntas de vecinos de la comuna, el Fondo de Organizaciones Funcionales y Asociaciones de Inter\u00e9s P\u00fablico, que incluye organizaciones de adultos mayores e instituciones de discapacidad y juveniles, adem\u00e1s de organizaciones de mujeres y centros de madres y otras organizaciones funcionales y asociaciones de inter\u00e9s p\u00fablico. La \u00faltima l\u00ednea apunta al financiamiento de iniciativas espec\u00edficamente de instituciones deportivas.&nbsp;<\/p>\n\n\n\n<p>Los proyectos postulados ser\u00e1n evaluados para lograr la admisibilidad y luego ser\u00e1n analizados por una comisi\u00f3n compuesta por dos profesionales de la Secretar\u00eda de Planificaci\u00f3n Comunal (SECPLAN), dos de la Direcci\u00f3n de Desarrollo Comunitario (DIDECO) y dos integrantes de la Direcci\u00f3n de Seguridad P\u00fablica. Esta comitiva asignar\u00e1 un puntaje y las que obtengan mayor calificaci\u00f3n recibir\u00e1n el financiamiento, que, posteriormente, ser\u00e1n entregados por el alcalde Jonathan Acu\u00f1a Rojas y los integrantes del Concejo Municipal de Ovalle.<\/p>\n","protected":false},"excerpt":{"rendered":"<p>Desde el municipio de Ovalle informaron que se extendi\u00f3 el plazo para la entrega de proyectos, por parte de las organizaciones sociales de la comuna, que postular\u00e1n al financiamiento del Fondo de Desarrollo Vecinal, que en un comienzo estaba fijado para este viernes 14 de junio.&nbsp; Unos d\u00edas m\u00e1s tendr\u00e1n las organizaciones de la comuna &#8230;<\/p>\n","protected":false},"author":2,"featured_media":11455,"comment_status":"open","ping_status":"open","sticky":false,"template":"","format":"standard","meta":{"footnotes":""},"categories":[5],"tags":[],"class_list":["post-11454","post","type-post","status-publish","format-standard","has-post-thumbnail","hentry","category-actualidad-limarina"],"_links":{"self":[{"href":"https:\/\/www.radiolimari.cl\/index.php?rest_route=\/wp\/v2\/posts\/11454","targetHints":{"allow":["GET"]}}],"collection":[{"href":"https:\/\/www.radiolimari.cl\/index.php?rest_route=\/wp\/v2\/posts"}],"about":[{"href":"https:\/\/www.radiolimari.cl\/index.php?rest_route=\/wp\/v2\/types\/post"}],"author":[{"embeddable":true,"href":"https:\/\/www.radiolimari.cl\/index.php?rest_route=\/wp\/v2\/users\/2"}],"replies":[{"embeddable":true,"href":"https:\/\/www.radiolimari.cl\/index.php?rest_route=%2Fwp%2Fv2%2Fcomments&post=11454"}],"version-history":[{"count":1,"href":"https:\/\/www.radiolimari.cl\/index.php?rest_route=\/wp\/v2\/posts\/11454\/revisions"}],"predecessor-version":[{"id":11456,"href":"https:\/\/www.radiolimari.cl\/index.php?rest_route=\/wp\/v2\/posts\/11454\/revisions\/11456"}],"wp:featuredmedia":[{"embeddable":true,"href":"https:\/\/www.radiolimari.cl\/index.php?rest_route=\/wp\/v2\/media\/11455"}],"wp:attachment":[{"href":"https:\/\/www.radiolimari.cl\/index.php?rest_route=%2Fwp%2Fv2%2Fmedia&parent=11454"}],"wp:term":[{"taxonomy":"category","embeddable":true,"href":"https:\/\/www.radiolimari.cl\/index.php?rest_route=%2Fwp%2Fv2%2Fcategories&post=11454"},{"taxonomy":"post_tag","embeddable":true,"href":"https:\/\/www.radiolimari.cl\/index.php?rest_route=%2Fwp%2Fv2%2Ftags&post=11454"}],"curies":[{"name":"wp","href":"https:\/\/api.w.org\/{rel}","templated":true}]}}