{"id":11451,"date":"2024-06-16T01:41:23","date_gmt":"2024-06-16T01:41:23","guid":{"rendered":"https:\/\/www.radiolimari.cl\/?p=11451"},"modified":"2024-06-16T01:41:24","modified_gmt":"2024-06-16T01:41:24","slug":"en-la-region-de-coquimbo-1-406-personas-rendiran-la-paes-de-invierno","status":"publish","type":"post","link":"https:\/\/www.radiolimari.cl\/?p=11451","title":{"rendered":"En la Regi\u00f3n de Coquimbo 1.406 personas rendir\u00e1n la PAES de invierno."},"content":{"rendered":"\n<figure class=\"wp-block-image size-full\"><a href=\"https:\/\/www.radiolimari.cl\/wp-content\/uploads\/2024\/06\/2.-Foto-archivo-PAES.jpeg\"><img fetchpriority=\"high\" decoding=\"async\" width=\"1024\" height=\"684\" src=\"https:\/\/www.radiolimari.cl\/wp-content\/uploads\/2024\/06\/2.-Foto-archivo-PAES.jpeg\" alt=\"\" class=\"wp-image-11452\" srcset=\"https:\/\/www.radiolimari.cl\/wp-content\/uploads\/2024\/06\/2.-Foto-archivo-PAES.jpeg 1024w, https:\/\/www.radiolimari.cl\/wp-content\/uploads\/2024\/06\/2.-Foto-archivo-PAES-300x200.jpeg 300w, https:\/\/www.radiolimari.cl\/wp-content\/uploads\/2024\/06\/2.-Foto-archivo-PAES-768x513.jpeg 768w\" sizes=\"(max-width: 1024px) 100vw, 1024px\" \/><\/a><\/figure>\n\n\n\n<p>Este lunes 17, martes 18 y mi\u00e9rcoles 19 de junio, 1.406 personas egresadas de ense\u00f1anza media de la Regi\u00f3n de Coquimbo rendir\u00e1n la Prueba de Acceso a la Educaci\u00f3n Superior (PAES) de Invierno, siendo el segundo a\u00f1o que se rinde, con m\u00e1s de 31 mil inscritos (31.067) a nivel nacional, instancia en que no hay Distinciones a las Trayectorias Educativas (DTE), las que son solo para la aplicaci\u00f3n regular.<\/p>\n\n\n\n<p>La PAES de Invierno es una instancia que tiene como prop\u00f3sito brindarle, a las y los postulantes, mayor flexibilidad y autonom\u00eda para gestionar su proceso de admisi\u00f3n a las universidades del a\u00f1o 2024, dado que son dos ocasiones de rendici\u00f3n de la Prueba de Acceso a la Educaci\u00f3n Superior (PAES), una denominada Aplicaci\u00f3n de Invierno y otra Aplicaci\u00f3n Regular.<\/p>\n\n\n\n<p>La PAES de Invierno se rendir\u00e1 en 45 sedes y 85 locales en todo el pa\u00eds. <strong>En la Regi\u00f3n de Coquimbo se rendir\u00e1 en 4 locales. <\/strong>En cada local se se\u00f1ala los n\u00fameros de identificaci\u00f3n de las personas inscritas asignadas, con c\u00e9dula nacional chilena de identidad, pasaporte o DNI de su pa\u00eds de origen, seg\u00fan corresponda.<\/p>\n\n\n\n<p>La seremi de Educaci\u00f3n, Cecilia Ram\u00edrez Ch\u00e1vez indic\u00f3 que \u201ctanto la PAES regular, como la PAES de invierno son herramientas que ha desarrollado la Subsecretar\u00eda de Educaci\u00f3n Superior en conjunto con el DEMRE para contar con un sistema de acceso m\u00e1s equitativo y justo, que pone en el centro a las y los postulantes para reconocer la diversidad de sus talentos\u201d.<\/p>\n\n\n\n<p>La seremi enfatiz\u00f3 que \u201cnuestro gobierno del Presidente Gabriel Boric Font espera que cada estudiante pueda ser evaluado por sus m\u00e9ritos y habilidades, acad\u00e9micas, pero tambi\u00e9n personales y culturales, para tener un sistema de acceso a la educaci\u00f3n superior que busca mayor justicia y pertinencia a las necesidades actuales, y de mayor calidad, al enfocarse en las competencias de las y los postulantes y estar en mayor sinton\u00eda con el curr\u00edculum escolar\u201d, asever\u00f3.<\/p>\n\n\n\n<p>La autoridad agreg\u00f3 que \u201cla recomendaci\u00f3n es que las y los inscritos rindan las pruebas con tranquilidad, que lleguen 15 minutos antes del inicio de la aplicaci\u00f3n\u201d.<\/p>\n\n\n\n<p>Este lunes 17 de junio de 12:00 a 13.00 horas es el reconocimiento de salas. Se ha estipulado que el reconocimiento de salas ser\u00e1, exclusivamente, para las personas en situaci\u00f3n de discapacidad y con necesidades educativas especiales, a los cuales se les otorgar\u00e1 ajustes para la rendici\u00f3n de la PAES.<\/p>\n\n\n\n<p>El mismo lunes 17 de junio a las 15.00 horas es la rendici\u00f3n de la prueba competencia de matem\u00e1tica 2. El martes 18 de junio, a las 09.00 horas se rinde la prueba de competencia lectora y a las 15:00 horas la prueba electiva de ciencias. En tanto, el mi\u00e9rcoles 19 de junio, a las 09.00 horas se ha fijado la prueba de competencias matem\u00e1tica 1 y a las 15:00 horas la prueba electiva de historia y ciencias sociales.<\/p>\n\n\n\n<p>La entrega de resultados de la PAES de Invierno ser\u00e1 el 19 de julio, a las 09:00 horas<\/p>\n\n\n\n<p>Las y los estudiantes y personas inscritas pueden conocer su local de rendici\u00f3n en <a href=\"http:\/\/www.demre.cl\">www.demre.cl<\/a> &nbsp;y en <a href=\"https:\/\/acceso.mineduc.cl\/\">https:\/\/acceso.mineduc.cl\/<\/a><\/p>\n","protected":false},"excerpt":{"rendered":"<p>Este lunes 17, martes 18 y mi\u00e9rcoles 19 de junio, 1.406 personas egresadas de ense\u00f1anza media de la Regi\u00f3n de Coquimbo rendir\u00e1n la Prueba de Acceso a la Educaci\u00f3n Superior (PAES) de Invierno, siendo el segundo a\u00f1o que se rinde, con m\u00e1s de 31 mil inscritos (31.067) a nivel nacional, instancia en que no hay &#8230;<\/p>\n","protected":false},"author":2,"featured_media":11452,"comment_status":"open","ping_status":"open","sticky":false,"template":"","format":"standard","meta":{"footnotes":""},"categories":[6],"tags":[],"class_list":["post-11451","post","type-post","status-publish","format-standard","has-post-thumbnail","hentry","category-regionales"],"_links":{"self":[{"href":"https:\/\/www.radiolimari.cl\/index.php?rest_route=\/wp\/v2\/posts\/11451","targetHints":{"allow":["GET"]}}],"collection":[{"href":"https:\/\/www.radiolimari.cl\/index.php?rest_route=\/wp\/v2\/posts"}],"about":[{"href":"https:\/\/www.radiolimari.cl\/index.php?rest_route=\/wp\/v2\/types\/post"}],"author":[{"embeddable":true,"href":"https:\/\/www.radiolimari.cl\/index.php?rest_route=\/wp\/v2\/users\/2"}],"replies":[{"embeddable":true,"href":"https:\/\/www.radiolimari.cl\/index.php?rest_route=%2Fwp%2Fv2%2Fcomments&post=11451"}],"version-history":[{"count":1,"href":"https:\/\/www.radiolimari.cl\/index.php?rest_route=\/wp\/v2\/posts\/11451\/revisions"}],"predecessor-version":[{"id":11453,"href":"https:\/\/www.radiolimari.cl\/index.php?rest_route=\/wp\/v2\/posts\/11451\/revisions\/11453"}],"wp:featuredmedia":[{"embeddable":true,"href":"https:\/\/www.radiolimari.cl\/index.php?rest_route=\/wp\/v2\/media\/11452"}],"wp:attachment":[{"href":"https:\/\/www.radiolimari.cl\/index.php?rest_route=%2Fwp%2Fv2%2Fmedia&parent=11451"}],"wp:term":[{"taxonomy":"category","embeddable":true,"href":"https:\/\/www.radiolimari.cl\/index.php?rest_route=%2Fwp%2Fv2%2Fcategories&post=11451"},{"taxonomy":"post_tag","embeddable":true,"href":"https:\/\/www.radiolimari.cl\/index.php?rest_route=%2Fwp%2Fv2%2Ftags&post=11451"}],"curies":[{"name":"wp","href":"https:\/\/api.w.org\/{rel}","templated":true}]}}