{"id":11448,"date":"2024-06-16T01:28:03","date_gmt":"2024-06-16T01:28:03","guid":{"rendered":"https:\/\/www.radiolimari.cl\/?p=11448"},"modified":"2024-06-16T01:28:04","modified_gmt":"2024-06-16T01:28:04","slug":"con-alegria-y-esperanza-se-vivio-en-el-templo-catedral-la-ordenacion-episcopal-del-obispo-auxiliar-mons-enrique-balzan-caruana","status":"publish","type":"post","link":"https:\/\/www.radiolimari.cl\/?p=11448","title":{"rendered":"Con alegr\u00eda y esperanza se vivi\u00f3 en el templo Catedral la Ordenaci\u00f3n Episcopal del Obispo Auxiliar, Mons. Enrique Balz\u00e1n Caruana."},"content":{"rendered":"\n<figure class=\"wp-block-image size-large\"><a href=\"https:\/\/www.radiolimari.cl\/wp-content\/uploads\/2024\/06\/448473999_858550179642767_8173568308385440347_n.jpg\"><img fetchpriority=\"high\" decoding=\"async\" width=\"1024\" height=\"683\" src=\"https:\/\/www.radiolimari.cl\/wp-content\/uploads\/2024\/06\/448473999_858550179642767_8173568308385440347_n-1024x683.jpg\" alt=\"\" class=\"wp-image-11449\" srcset=\"https:\/\/www.radiolimari.cl\/wp-content\/uploads\/2024\/06\/448473999_858550179642767_8173568308385440347_n-1024x683.jpg 1024w, https:\/\/www.radiolimari.cl\/wp-content\/uploads\/2024\/06\/448473999_858550179642767_8173568308385440347_n-300x200.jpg 300w, https:\/\/www.radiolimari.cl\/wp-content\/uploads\/2024\/06\/448473999_858550179642767_8173568308385440347_n-768x512.jpg 768w, https:\/\/www.radiolimari.cl\/wp-content\/uploads\/2024\/06\/448473999_858550179642767_8173568308385440347_n-1536x1024.jpg 1536w, https:\/\/www.radiolimari.cl\/wp-content\/uploads\/2024\/06\/448473999_858550179642767_8173568308385440347_n.jpg 2048w\" sizes=\"(max-width: 1024px) 100vw, 1024px\" \/><\/a><\/figure>\n\n\n\n<p><em>Agradecidos del Se\u00f1or por el don de la lluvia y la nieve, que cayeron abundante en estos d\u00edas en la zona, los fieles peregrinaron desde tempranas horas de este s\u00e1bado 15 de junio, para vivir la Ordenaci\u00f3n Episcopal del reciente nombrado por el Papa Francisco, Obispo Auxiliar de la Arquidi\u00f3cesis Metropolitana de La Serena, acontecimiento hist\u00f3rico, pues desde hace 27 a\u00f1os no hab\u00eda ordenaci\u00f3n episcopal en esta Circunscripci\u00f3n eclesi\u00e1stica.<\/em><\/p>\n\n\n\n<p>Presidi\u00f3 la Ordenaci\u00f3n el arzobispo Ren\u00e9 Rebolledo Salinas, presente el se\u00f1or Nuncio Apost\u00f3lico de su Santidad, Mons. Alberto Ortega Mart\u00edn, gran parte de los Obispos de la Conferencia Episcopal de nuestro pa\u00eds, numerosos sacerdotes y di\u00e1conos, religiosas y religiosos, como fieles representantes de la Arquidi\u00f3cesis, de la Di\u00f3cesis de Copiap\u00f3 y de otras comunidades.<\/p>\n\n\n\n<p>Desde la lejana Malta, el Obispo Auxiliar Mons. Joseph Galea Curmi y los sacerdotes Gordon Refalo y Pablo Buttigieg acompa\u00f1aron al Electo Obispo Auxiliar en este momento trascendental para su vida y la evangelizaci\u00f3n en esta Arquidi\u00f3cesis.<\/p>\n\n\n\n<p>Obispos co-consagrantes, Mons. Ricardo Basilio Morales Galindo, de la Di\u00f3cesis de Copiap\u00f3, y Mons. Joseph Galea Curmi, Obispo Auxiliar de Malta. Y los presb\u00edteros asistentes, Cristian Montenegro D\u00edaz, Vicario General de la Arquidi\u00f3cesis, y Mark Mallia Pawley, sacerdote malt\u00e9s sirviendo pastoralmente en Copiap\u00f3.<\/p>\n\n\n\n<p>Impresionante el rito de la ordenaci\u00f3n, que se inicia con la invocaci\u00f3n al Esp\u00edritu Santo, despu\u00e9s de la proclamaci\u00f3n de la Palabra del Se\u00f1or. Los sacerdotes asistentes solicitaron al Arzobispo la Ordenaci\u00f3n Episcopal. Para ello, se dio lectura a la Bula Apost\u00f3lica, prosiguiendo prosiguiendo con las Promesas del Elegido.<\/p>\n\n\n\n<p>Despu\u00e9s de las letan\u00edas de los Santos, la parte central con la Imposici\u00f3n de Manos y la Plegaria de Ordenaci\u00f3n, junto tambi\u00e9n a la unci\u00f3n con el Santo Crisma, entrega del Libro de los Evangelios y de las insignias episcopales -el anillo, la mitra y el b\u00e1culo-. Con gran alegr\u00eda y regocijo los fieles aplaudieron al ordenado Obispo, cuando fue invitado a tomar el puesto principal, a la derecha del Arzobispo.<\/p>\n\n\n\n<p>Finalmente, la bendici\u00f3n del nuevo Obispo a la comunidad y su emotivo primer mensaje, como el saludo muy sentido del se\u00f1or Nuncio Apost\u00f3lico, Mons. Alberto Ortega Mart\u00edn. Lo esperaban a la salida del templo, numerosos fieles quienes procuraron saludarlo, desearle todo bien, entre aplausos y la presentaci\u00f3n de un bello \u201cesquinazo\u201d de cueca.<\/p>\n\n\n\n<p>En su homil\u00eda Mons. Rebolledo Salinas, puso gran acento en la <em>ant\u00edfona <\/em>del<em> Salmo <\/em>89 (88): \u201cCantar\u00e9 eternamente el amor del Se\u00f1or, anunciar\u00e9 su fidelidad por todas las edades\u201d.<\/p>\n\n\n\n<p>Manifest\u00f3: \u201cNuestro Se\u00f1or es el primero en recibir el abrazo del Padre Dios, en un acto pleno de amor y fidelidad, que nosotros no alcanzaremos a dimensionar totalmente. Tambi\u00e9n con la Iglesia\u2026, Dios se ha demostrado grande, especialmente en su amor, fidelidad y misericordia. Esto a pesar de que la Iglesia, no siempre haya correspondido a un amor tan puro y pleno\u201d.<\/p>\n\n\n\n<p>Junto con agradecer al Se\u00f1or, el Arzobispo manifest\u00f3 su gratitud al Santo Padre Francisco, al se\u00f1or Nuncio Apost\u00f3lico, a los Obispos, sacerdotes, di\u00e1conos, religiosas y religiosos, seminaristas, integrantes de los bailes religiosos, movimientos apost\u00f3licos y nuevas comunidades, j\u00f3venes que se disponen con alegr\u00eda y esperanza a vivir la Jornada Nacional de la Juventud 2025: \u201ca ustedes la bendici\u00f3n de este d\u00eda y el desaf\u00edo de un servicio corresponsable ante los numerosos retos que provienen de los cambios culturales que experimentamos cotidianamente\u201d.<\/p>\n\n\n\n<p>Sobre el evangelio (<em>Lucas<\/em> 17, 1-10) \u2013escogido por Mons. Balz\u00e1n Caruana- manifest\u00f3 el Arzobispo que es un llamado a la humildad y a la disposici\u00f3n al servicio, expresando: \u201cEl acento l\u00facido que Mons. Enrique ha querido imprimir a su episcopado, lo acogemos como una moci\u00f3n del Esp\u00edritu que nos llama a interpelarnos continuamente sobre lo m\u00e1s genuino de nuestra vocaci\u00f3n cristiana. Como nos hace presente el proceso sinodal de la Iglesia en curso, es necesario volver a la fuente de la vocaci\u00f3n diaconal de los disc\u00edpulos misioneros del Se\u00f1or, tan di\u00e1fanamente ilustrada en el testimonio de la primera comunidad cristiana: fe y caridad compartida en el servicio\u201d.<\/p>\n\n\n\n<p>Finaliz\u00f3 su homil\u00eda, despu\u00e9s de recordar acontecimientos de la vida de Mons. Balz\u00e1n Caruana, salud\u00e1ndolo y felicit\u00e1ndolo en nombre de la Arquidi\u00f3cesis: \u201cLe deseo lo mejor. Lo mejor es y ser\u00e1 siempre la bendici\u00f3n del Se\u00f1or, del supremo Pastor, que entreg\u00f3 su vida por amor a su reba\u00f1o\u201d.<\/p>\n\n\n\n<p>Un d\u00eda radiante de sol, despu\u00e9s de la lluvia y la nieve que descendiera copiosamente sobre la regi\u00f3n, jornada memorable, pues la Arquidi\u00f3cesis acogi\u00f3 un gran don del Se\u00f1or: un pastor que servir\u00e1 al Se\u00f1or y a la Iglesia, en los valles Elqui y Limar\u00ed, las cuatro Vicar\u00edas que componen la Arquidi\u00f3cesis Metropolitana de La Serena.<\/p>\n","protected":false},"excerpt":{"rendered":"<p>Agradecidos del Se\u00f1or por el don de la lluvia y la nieve, que cayeron abundante en estos d\u00edas en la zona, los fieles peregrinaron desde tempranas horas de este s\u00e1bado 15 de junio, para vivir la Ordenaci\u00f3n Episcopal del reciente nombrado por el Papa Francisco, Obispo Auxiliar de la Arquidi\u00f3cesis Metropolitana de La Serena, acontecimiento &#8230;<\/p>\n","protected":false},"author":2,"featured_media":11449,"comment_status":"open","ping_status":"open","sticky":false,"template":"","format":"standard","meta":{"footnotes":""},"categories":[3],"tags":[],"class_list":["post-11448","post","type-post","status-publish","format-standard","has-post-thumbnail","hentry","category-actualidad"],"_links":{"self":[{"href":"https:\/\/www.radiolimari.cl\/index.php?rest_route=\/wp\/v2\/posts\/11448","targetHints":{"allow":["GET"]}}],"collection":[{"href":"https:\/\/www.radiolimari.cl\/index.php?rest_route=\/wp\/v2\/posts"}],"about":[{"href":"https:\/\/www.radiolimari.cl\/index.php?rest_route=\/wp\/v2\/types\/post"}],"author":[{"embeddable":true,"href":"https:\/\/www.radiolimari.cl\/index.php?rest_route=\/wp\/v2\/users\/2"}],"replies":[{"embeddable":true,"href":"https:\/\/www.radiolimari.cl\/index.php?rest_route=%2Fwp%2Fv2%2Fcomments&post=11448"}],"version-history":[{"count":1,"href":"https:\/\/www.radiolimari.cl\/index.php?rest_route=\/wp\/v2\/posts\/11448\/revisions"}],"predecessor-version":[{"id":11450,"href":"https:\/\/www.radiolimari.cl\/index.php?rest_route=\/wp\/v2\/posts\/11448\/revisions\/11450"}],"wp:featuredmedia":[{"embeddable":true,"href":"https:\/\/www.radiolimari.cl\/index.php?rest_route=\/wp\/v2\/media\/11449"}],"wp:attachment":[{"href":"https:\/\/www.radiolimari.cl\/index.php?rest_route=%2Fwp%2Fv2%2Fmedia&parent=11448"}],"wp:term":[{"taxonomy":"category","embeddable":true,"href":"https:\/\/www.radiolimari.cl\/index.php?rest_route=%2Fwp%2Fv2%2Fcategories&post=11448"},{"taxonomy":"post_tag","embeddable":true,"href":"https:\/\/www.radiolimari.cl\/index.php?rest_route=%2Fwp%2Fv2%2Ftags&post=11448"}],"curies":[{"name":"wp","href":"https:\/\/api.w.org\/{rel}","templated":true}]}}