{"id":11445,"date":"2024-06-16T01:19:52","date_gmt":"2024-06-16T01:19:52","guid":{"rendered":"https:\/\/www.radiolimari.cl\/?p=11445"},"modified":"2024-06-16T01:19:53","modified_gmt":"2024-06-16T01:19:53","slug":"con-sobrevuelo-monitorean-estado-de-rutas-y-caminos-en-limari","status":"publish","type":"post","link":"https:\/\/www.radiolimari.cl\/?p=11445","title":{"rendered":"Con sobrevuelo monitorean estado de rutas y caminos en Limar\u00ed."},"content":{"rendered":"\n<figure class=\"wp-block-image size-large\"><a href=\"https:\/\/www.radiolimari.cl\/wp-content\/uploads\/2024\/06\/SOBREVUELO-LIMARI-8.jpeg\"><img fetchpriority=\"high\" decoding=\"async\" width=\"1024\" height=\"768\" src=\"https:\/\/www.radiolimari.cl\/wp-content\/uploads\/2024\/06\/SOBREVUELO-LIMARI-8-1024x768.jpeg\" alt=\"\" class=\"wp-image-11446\" srcset=\"https:\/\/www.radiolimari.cl\/wp-content\/uploads\/2024\/06\/SOBREVUELO-LIMARI-8-1024x768.jpeg 1024w, https:\/\/www.radiolimari.cl\/wp-content\/uploads\/2024\/06\/SOBREVUELO-LIMARI-8-300x225.jpeg 300w, https:\/\/www.radiolimari.cl\/wp-content\/uploads\/2024\/06\/SOBREVUELO-LIMARI-8-768x576.jpeg 768w, https:\/\/www.radiolimari.cl\/wp-content\/uploads\/2024\/06\/SOBREVUELO-LIMARI-8-1536x1152.jpeg 1536w, https:\/\/www.radiolimari.cl\/wp-content\/uploads\/2024\/06\/SOBREVUELO-LIMARI-8.jpeg 1600w\" sizes=\"(max-width: 1024px) 100vw, 1024px\" \/><\/a><\/figure>\n\n\n\n<p><strong><em>Precipitaciones fueron bien recibidas en Limar\u00ed y se trabaja en reponer caminos afectados.<\/em><\/strong><\/p>\n\n\n\n<p>La Delegada Presidencial Provincial de Limar\u00ed, Marily Escobar Oviedo, realiz\u00f3 un sobrevuelo por la provincia de Limar\u00ed para corroborar la afectaci\u00f3n de rutas y caminos; tras el paso del sistema frontal que trajo precipitaciones a la provincia de Limar\u00ed. Junto al Jefe provincial de Vialidad, Cristian Rojas, se pudo corroborar el correcto funcionamiento de todos de los troncales principales y afectaci\u00f3n en caminos interiores que est\u00e1n siendo trabajados por maquinarias del Ministerio de Obras P\u00fablicas. Este recorrido a\u00e9reo fue posible gracias a la colaboraci\u00f3n y disposici\u00f3n del Club A\u00e9reo de Ovalle.<\/p>\n\n\n\n<p>\u201cEstuvimos desde temprano con vialidad y el club a\u00e9reo de Ovalle, para realizar esta ruta a\u00e9rea y tener un diagn\u00f3stico r\u00e1pido de toda la provincia especialmente en cuanto a crecida de quebradas y afectaci\u00f3n de caminos y poder llegar de forma oportuna. Agradecemos la colaboraci\u00f3n del Club A\u00e9reo de Ovalle por esta colaboraci\u00f3n muy importante. Por supuesto, destacar tambi\u00e9n el agua ca\u00edda y la recarga de acu\u00edferos y embalses que significa un gran alivio para nuestro mundo rural\u201d, se\u00f1al\u00f3 la delegada presidencial provincial de Limar\u00ed, Marily Escobar Oviedo.<\/p>\n\n\n\n<p>El Vicepresidente del Club A\u00e9reo, Roberto Dabed, se\u00f1al\u00f3 respecto del vuelo que \u201crealizamos una ruta de vuelo de una hora, abarcando cerca de 350 kil\u00f3metros, visitando puntos clave como Ajial de quiles, embales Cogot\u00ed y Valle Hermoso, rutas de Combarbal\u00e1, quebrada de Pichasca, Pe\u00f1ablanca y las caletas de Ovalle. Nosotros como Club A\u00e9reo estamos siempre dispuestos a contribuir ante emergencias, colaboramos con el Estado de Chile y participamos de los COGRID Provinciales y Regionales para ponernos a disposici\u00f3n cuando se requiera\u201d<\/p>\n\n\n\n<p>En cuanto a la afectaci\u00f3n de caminos y trabajos en terreno, el Jefe Provincial de Vialidad, Cristian Rojas, indic\u00f3\u201cfue un vuelo muy importante para evaluar varias rutas recorriendo&nbsp; la provincia completa y revisando los troncales que est\u00e1n todos operativos. Asimismo tenemos rutas interiores cortadas en estos momentos, pero con nuestros equipos en terreno trabajando en su intervenci\u00f3n y darles transitabilidad\u201d.<\/p>\n\n\n\n<p>Durante esta jornada equipos del MOP trabajan&nbsp; en Divisadero, Altar Alto, La Laja, Chalinga, Los Canelos, Ajial, Altos de pechen, ruta D-605, Alcones, Pe\u00f1ablanca, isla de Cogot\u00ed, La Isla, La Cuadra, Car\u00e9n, Pedregal, El Mait\u00e9n, Rapel, La Cisterna y otros.<\/p>\n","protected":false},"excerpt":{"rendered":"<p>Precipitaciones fueron bien recibidas en Limar\u00ed y se trabaja en reponer caminos afectados. La Delegada Presidencial Provincial de Limar\u00ed, Marily Escobar Oviedo, realiz\u00f3 un sobrevuelo por la provincia de Limar\u00ed para corroborar la afectaci\u00f3n de rutas y caminos; tras el paso del sistema frontal que trajo precipitaciones a la provincia de Limar\u00ed. Junto al Jefe &#8230;<\/p>\n","protected":false},"author":2,"featured_media":11446,"comment_status":"open","ping_status":"open","sticky":false,"template":"","format":"standard","meta":{"footnotes":""},"categories":[5],"tags":[],"class_list":["post-11445","post","type-post","status-publish","format-standard","has-post-thumbnail","hentry","category-actualidad-limarina"],"_links":{"self":[{"href":"https:\/\/www.radiolimari.cl\/index.php?rest_route=\/wp\/v2\/posts\/11445","targetHints":{"allow":["GET"]}}],"collection":[{"href":"https:\/\/www.radiolimari.cl\/index.php?rest_route=\/wp\/v2\/posts"}],"about":[{"href":"https:\/\/www.radiolimari.cl\/index.php?rest_route=\/wp\/v2\/types\/post"}],"author":[{"embeddable":true,"href":"https:\/\/www.radiolimari.cl\/index.php?rest_route=\/wp\/v2\/users\/2"}],"replies":[{"embeddable":true,"href":"https:\/\/www.radiolimari.cl\/index.php?rest_route=%2Fwp%2Fv2%2Fcomments&post=11445"}],"version-history":[{"count":1,"href":"https:\/\/www.radiolimari.cl\/index.php?rest_route=\/wp\/v2\/posts\/11445\/revisions"}],"predecessor-version":[{"id":11447,"href":"https:\/\/www.radiolimari.cl\/index.php?rest_route=\/wp\/v2\/posts\/11445\/revisions\/11447"}],"wp:featuredmedia":[{"embeddable":true,"href":"https:\/\/www.radiolimari.cl\/index.php?rest_route=\/wp\/v2\/media\/11446"}],"wp:attachment":[{"href":"https:\/\/www.radiolimari.cl\/index.php?rest_route=%2Fwp%2Fv2%2Fmedia&parent=11445"}],"wp:term":[{"taxonomy":"category","embeddable":true,"href":"https:\/\/www.radiolimari.cl\/index.php?rest_route=%2Fwp%2Fv2%2Fcategories&post=11445"},{"taxonomy":"post_tag","embeddable":true,"href":"https:\/\/www.radiolimari.cl\/index.php?rest_route=%2Fwp%2Fv2%2Ftags&post=11445"}],"curies":[{"name":"wp","href":"https:\/\/api.w.org\/{rel}","templated":true}]}}