{"id":11442,"date":"2024-06-15T19:32:58","date_gmt":"2024-06-15T19:32:58","guid":{"rendered":"https:\/\/www.radiolimari.cl\/?p=11442"},"modified":"2024-06-15T19:32:59","modified_gmt":"2024-06-15T19:32:59","slug":"alejandra-vera-barahona-jura-como-jueza-titular-del-juzgado-de-familia-de-ovalle","status":"publish","type":"post","link":"https:\/\/www.radiolimari.cl\/?p=11442","title":{"rendered":"ALEJANDRA VERA BARAHONA JURA COMO JUEZA TITULAR DEL JUZGADO DE FAMILIA DE OVALLE"},"content":{"rendered":"\n<figure class=\"wp-block-image size-large\"><a href=\"https:\/\/www.radiolimari.cl\/wp-content\/uploads\/2024\/06\/juramento-mag-Alejandra-Vera-.png\"><img fetchpriority=\"high\" decoding=\"async\" width=\"1024\" height=\"617\" src=\"https:\/\/www.radiolimari.cl\/wp-content\/uploads\/2024\/06\/juramento-mag-Alejandra-Vera--1024x617.png\" alt=\"\" class=\"wp-image-11443\" srcset=\"https:\/\/www.radiolimari.cl\/wp-content\/uploads\/2024\/06\/juramento-mag-Alejandra-Vera--1024x617.png 1024w, https:\/\/www.radiolimari.cl\/wp-content\/uploads\/2024\/06\/juramento-mag-Alejandra-Vera--300x181.png 300w, https:\/\/www.radiolimari.cl\/wp-content\/uploads\/2024\/06\/juramento-mag-Alejandra-Vera--768x462.png 768w, https:\/\/www.radiolimari.cl\/wp-content\/uploads\/2024\/06\/juramento-mag-Alejandra-Vera-.png 1380w\" sizes=\"(max-width: 1024px) 100vw, 1024px\" \/><\/a><\/figure>\n\n\n\n<p>El presidente de la Corte de Apelaciones de La Serena, ministro Iv\u00e1n Corona Albornoz, tom\u00f3 juramento a Alejandra Vera Barahona, como jueza titular del Juzgado de Familia de Ovalle.<\/p>\n\n\n\n<p>La abogada de la Universidad Cat\u00f3lica del Norte, ingres\u00f3 al Poder Judicial como interino externo en diciembre de 2005 en el cargo de oficial 4\u00b0 en el Segundo Juzgado de Menores de Rancagua, desempe\u00f1\u00e1ndose a continuaci\u00f3n en diferentes cargos de oficial, secretaria y juez, en diversas jurisdicciones como Santiago, Antofagasta y La Serena, en tribunales civiles, laborales, de familia, garant\u00eda y Cortes de Apelaciones.&nbsp;<\/p>\n\n\n\n<p>En 2016 jur\u00f3 como secretaria titular del Juzgado de Letras de Vicu\u00f1a, cargo que ejerci\u00f3 hasta su nombramiento como jueza del Juzgado de Letras y Garant\u00eda de Andacollo en 2019, donde permaneci\u00f3 hasta la fecha.&nbsp;<\/p>\n\n\n\n<p>En lo acad\u00e9mico la magistrada cuenta con un diplomado de Derecho Administrativo Aplicado de la Universidad Cat\u00f3lica Silva Henr\u00edquez y un diplomado sobre los Derechos de ni\u00f1os, ni\u00f1as o adolescentes, v\u00edctimas de delitos sexuales y el sistema judicial, realizado en la Pontificia Universidad Cat\u00f3lica de Chile con la Fundaci\u00f3n Amparo y Justicia.<\/p>\n\n\n\n<p>Cuenta adem\u00e1s con cursos en violencia contra la mujer, responsabilidad penal adolescente y m\u00e9todos de entrevistas en ni\u00f1os, ni\u00f1as, adolescentes y v\u00edctimas de violencia intrafamiliar de la Academia Judicial.<\/p>\n\n\n\n<p>\u201cEstoy muy feliz y tranquila por el desaf\u00edo que enfrento, creo que cuento con las herramientas y las capacidades necesarias para desempe\u00f1ar este cargo. Quiero agradecer a mi familia por el apoyo y a todos los funcionarios que han trabajado conmigo, tanto en Vicu\u00f1a como en Andacollo, porque todo eso fue un aprendizaje para poder llegar a esta instancia y sentirme preparada para enfrentar este momento\u201d, manifest\u00f3 la magistrada.<\/p>\n\n\n\n<p>Vera Barahona agreg\u00f3 que \u201cSignifica un gran avance en mis funciones, creo que estar en un juzgado especializado permite desarrollar de mejor manera el estudio de ciertas materias m\u00e1s espec\u00edficas. La competencia de Familia me ha interesado desde el inicio de mi carrera en el Poder Judicial, implica ponerme en el lugar, como dijo el se\u00f1or presidente, de los ni\u00f1os, ni\u00f1as y adolescentes que lo requieren y tambi\u00e9n poder trabajar con el tema de la violencia de g\u00e9nero, entonces hay muchos aspectos del \u00e1rea de familia que creo que cuento con las herramientas necesarias para ponerlos a disposici\u00f3n de este juzgado\u201d, enfatiz\u00f3 la jueza.<\/p>\n\n\n\n<p>Por su parte el presidente felicit\u00f3 a la magistrada y le deseo \u00e9xito en su gesti\u00f3n: \u201cSabemos de sus condiciones y de sus cualidades como jueza y estamos seguros de que se desempe\u00f1ar\u00e1 de manera eficiente y con mucha dedicaci\u00f3n es esta jurisdicci\u00f3n de familia que es bastante compleja ya que tiene que ver con lo m\u00e1s profundo de la humanidad y con los derechos de los m\u00e1s vulnerables como son los ni\u00f1os, los adolescentes y las mujeres y en t\u00e9rminos generales la familia\u201d, concluy\u00f3.<\/p>\n","protected":false},"excerpt":{"rendered":"<p>El presidente de la Corte de Apelaciones de La Serena, ministro Iv\u00e1n Corona Albornoz, tom\u00f3 juramento a Alejandra Vera Barahona, como jueza titular del Juzgado de Familia de Ovalle. La abogada de la Universidad Cat\u00f3lica del Norte, ingres\u00f3 al Poder Judicial como interino externo en diciembre de 2005 en el cargo de oficial 4\u00b0 en &#8230;<\/p>\n","protected":false},"author":2,"featured_media":11443,"comment_status":"open","ping_status":"open","sticky":false,"template":"","format":"standard","meta":{"footnotes":""},"categories":[6],"tags":[],"class_list":["post-11442","post","type-post","status-publish","format-standard","has-post-thumbnail","hentry","category-regionales"],"_links":{"self":[{"href":"https:\/\/www.radiolimari.cl\/index.php?rest_route=\/wp\/v2\/posts\/11442","targetHints":{"allow":["GET"]}}],"collection":[{"href":"https:\/\/www.radiolimari.cl\/index.php?rest_route=\/wp\/v2\/posts"}],"about":[{"href":"https:\/\/www.radiolimari.cl\/index.php?rest_route=\/wp\/v2\/types\/post"}],"author":[{"embeddable":true,"href":"https:\/\/www.radiolimari.cl\/index.php?rest_route=\/wp\/v2\/users\/2"}],"replies":[{"embeddable":true,"href":"https:\/\/www.radiolimari.cl\/index.php?rest_route=%2Fwp%2Fv2%2Fcomments&post=11442"}],"version-history":[{"count":1,"href":"https:\/\/www.radiolimari.cl\/index.php?rest_route=\/wp\/v2\/posts\/11442\/revisions"}],"predecessor-version":[{"id":11444,"href":"https:\/\/www.radiolimari.cl\/index.php?rest_route=\/wp\/v2\/posts\/11442\/revisions\/11444"}],"wp:featuredmedia":[{"embeddable":true,"href":"https:\/\/www.radiolimari.cl\/index.php?rest_route=\/wp\/v2\/media\/11443"}],"wp:attachment":[{"href":"https:\/\/www.radiolimari.cl\/index.php?rest_route=%2Fwp%2Fv2%2Fmedia&parent=11442"}],"wp:term":[{"taxonomy":"category","embeddable":true,"href":"https:\/\/www.radiolimari.cl\/index.php?rest_route=%2Fwp%2Fv2%2Fcategories&post=11442"},{"taxonomy":"post_tag","embeddable":true,"href":"https:\/\/www.radiolimari.cl\/index.php?rest_route=%2Fwp%2Fv2%2Ftags&post=11442"}],"curies":[{"name":"wp","href":"https:\/\/api.w.org\/{rel}","templated":true}]}}