{"id":11439,"date":"2024-06-15T19:25:56","date_gmt":"2024-06-15T19:25:56","guid":{"rendered":"https:\/\/www.radiolimari.cl\/?p=11439"},"modified":"2024-06-15T19:25:57","modified_gmt":"2024-06-15T19:25:57","slug":"cuentas-alegres-en-la-comuna-de-monte-patria-mas-de-110-mm-de-agua-caida-y-una-buena-proyeccion-para-los-sectores-productivos","status":"publish","type":"post","link":"https:\/\/www.radiolimari.cl\/?p=11439","title":{"rendered":"Cuentas alegres en la comuna de Monte Patria: M\u00e1s de 110 mm de agua ca\u00edda y una buena proyecci\u00f3n para los sectores productivos"},"content":{"rendered":"\n<figure class=\"wp-block-image size-large\"><a href=\"https:\/\/www.radiolimari.cl\/wp-content\/uploads\/2024\/06\/WhatsApp-Image-2024-06-14-at-7.01.07-PM-7.jpeg\"><img fetchpriority=\"high\" decoding=\"async\" width=\"1024\" height=\"682\" src=\"https:\/\/www.radiolimari.cl\/wp-content\/uploads\/2024\/06\/WhatsApp-Image-2024-06-14-at-7.01.07-PM-7-1024x682.jpeg\" alt=\"\" class=\"wp-image-11440\" srcset=\"https:\/\/www.radiolimari.cl\/wp-content\/uploads\/2024\/06\/WhatsApp-Image-2024-06-14-at-7.01.07-PM-7-1024x682.jpeg 1024w, https:\/\/www.radiolimari.cl\/wp-content\/uploads\/2024\/06\/WhatsApp-Image-2024-06-14-at-7.01.07-PM-7-300x200.jpeg 300w, https:\/\/www.radiolimari.cl\/wp-content\/uploads\/2024\/06\/WhatsApp-Image-2024-06-14-at-7.01.07-PM-7-768x512.jpeg 768w, https:\/\/www.radiolimari.cl\/wp-content\/uploads\/2024\/06\/WhatsApp-Image-2024-06-14-at-7.01.07-PM-7-1536x1023.jpeg 1536w, https:\/\/www.radiolimari.cl\/wp-content\/uploads\/2024\/06\/WhatsApp-Image-2024-06-14-at-7.01.07-PM-7.jpeg 1600w\" sizes=\"(max-width: 1024px) 100vw, 1024px\" \/><\/a><\/figure>\n\n\n\n<p><strong><em>El evento meteorol\u00f3gico comenz\u00f3 a eso de las 9.00 de la ma\u00f1ana del jueves 13 y culmin\u00f3 a las 15.00 horas del viernes 14 de junio, situaci\u00f3n presente en toda la regi\u00f3n de Coquimbo.<\/em><\/strong><\/p>\n\n\n\n<p>Segunda jornada de precipitaciones en la comuna de Monte Patria, a primera vista el escenario es complejo, activaciones de quebradas con cortes de caminos, rodados en la mayor\u00eda de las rutas interiores y lugares p\u00fablicos y privados anegados por la cantidad de agua. Los reportes generales hablan de 110mm para Rapel, 85mm para El Palqui, 80mm promedio en Cha\u00f1aral Alto y Tulahu\u00e9n, finalmente 60mm para Monte Patria y alrededores.<\/p>\n\n\n\n<p>El balance de la jornada comenz\u00f3 con el Comit\u00e9 de Emergencia Comunal, donde en conjunto con las polic\u00edas locales, profesionales de rescate y servicios municipales analizaron las labores del d\u00eda. Los equipos se desplegaron durante la ma\u00f1ana con despeje de caminos, atenciones sociales y extracci\u00f3n de agua en casa anegadas, principalmente en sector como El Palqui, Cha\u00f1aral Alto, Tulahu\u00e9n, Pejerreyes, El Mait\u00e9n, entre otros territorios.<\/p>\n\n\n\n<p>Durante la jornada se verific\u00f3 la calidad de las quebradas que hab\u00edan reportado activaci\u00f3n durante la noche del jueves y madrugada del viernes; para este caso C\u00e1rcamo y Laguna Verde quedaron totalmente aislados, es m\u00e1s, el agua realiz\u00f3 socavones que afectaron al propio bad\u00e9n, lo que significar\u00e1 aislamiento de algunos d\u00edas e inversiones mayores de recuperaci\u00f3n.<\/p>\n\n\n\n<p>Al respecto del balance, el alcalde Cristian Herrera Pe\u00f1a hizo destac\u00f3 los diversos escenarios posteriores, por un lado, las buenas noticias por estas lluvias para los productores, mientras que por otro lado detall\u00f3 todo el proceso de atenci\u00f3n de emergencia y preparativos. <strong>\u201ccuando ya termin\u00f3 este sistema frontal, ya demostramos nuestra alegr\u00eda, conversamos con los vecinos, ellos muy emocionados por el evento. Esta es una comuna que necesitaba del recurso h\u00eddrico para su desarrollo, productores, familias, todos en general; esta lluvia en el mejor momento y y bueno, sabemos que esta lluvia no nos aleja la sequ\u00eda. Tenemos situaciones que resolver, ya nosotros empezamos a pensar en el post evento, tenemos dificultades con familias sin electricidad, caminos que est\u00e1n complejos y algunos vecinos que est\u00e1n incomunicados. Vamos a iniciar este s\u00e1bado con un plan de operaciones, seguiremos trabajando, aplicaremos a cerca de medio centenar de vivienda las fichas sociales, rehabilitaremos algunos caminos que no est\u00e1n enrolados, los de Vialidad corresponden a ellos, pero ya les notificamos. Tambi\u00e9n estaremos atendiendo a el alumbrado p\u00fablico, revisaremos la comuna y atenderemos a los requerimientos de la comunidad\u201d.<\/strong><\/p>\n\n\n\n<p>Tras el evento, equipos municipales convocaron a un COE de cierre para analizar los pasos pr\u00f3ximos, las prioridades son el restablecimiento de caminos, para recuperar la conectividad con los pueblos; tambi\u00e9n desde la gesti\u00f3n municipal est\u00e1n planificadas intervenciones sociales, adem\u00e1s de operaci\u00f3n de maquinaria pesada, para mejorar y despejar los caminos.<\/p>\n","protected":false},"excerpt":{"rendered":"<p>El evento meteorol\u00f3gico comenz\u00f3 a eso de las 9.00 de la ma\u00f1ana del jueves 13 y culmin\u00f3 a las 15.00 horas del viernes 14 de junio, situaci\u00f3n presente en toda la regi\u00f3n de Coquimbo. Segunda jornada de precipitaciones en la comuna de Monte Patria, a primera vista el escenario es complejo, activaciones de quebradas con &#8230;<\/p>\n","protected":false},"author":2,"featured_media":11440,"comment_status":"open","ping_status":"open","sticky":false,"template":"","format":"standard","meta":{"footnotes":""},"categories":[6],"tags":[],"class_list":["post-11439","post","type-post","status-publish","format-standard","has-post-thumbnail","hentry","category-regionales"],"_links":{"self":[{"href":"https:\/\/www.radiolimari.cl\/index.php?rest_route=\/wp\/v2\/posts\/11439","targetHints":{"allow":["GET"]}}],"collection":[{"href":"https:\/\/www.radiolimari.cl\/index.php?rest_route=\/wp\/v2\/posts"}],"about":[{"href":"https:\/\/www.radiolimari.cl\/index.php?rest_route=\/wp\/v2\/types\/post"}],"author":[{"embeddable":true,"href":"https:\/\/www.radiolimari.cl\/index.php?rest_route=\/wp\/v2\/users\/2"}],"replies":[{"embeddable":true,"href":"https:\/\/www.radiolimari.cl\/index.php?rest_route=%2Fwp%2Fv2%2Fcomments&post=11439"}],"version-history":[{"count":1,"href":"https:\/\/www.radiolimari.cl\/index.php?rest_route=\/wp\/v2\/posts\/11439\/revisions"}],"predecessor-version":[{"id":11441,"href":"https:\/\/www.radiolimari.cl\/index.php?rest_route=\/wp\/v2\/posts\/11439\/revisions\/11441"}],"wp:featuredmedia":[{"embeddable":true,"href":"https:\/\/www.radiolimari.cl\/index.php?rest_route=\/wp\/v2\/media\/11440"}],"wp:attachment":[{"href":"https:\/\/www.radiolimari.cl\/index.php?rest_route=%2Fwp%2Fv2%2Fmedia&parent=11439"}],"wp:term":[{"taxonomy":"category","embeddable":true,"href":"https:\/\/www.radiolimari.cl\/index.php?rest_route=%2Fwp%2Fv2%2Fcategories&post=11439"},{"taxonomy":"post_tag","embeddable":true,"href":"https:\/\/www.radiolimari.cl\/index.php?rest_route=%2Fwp%2Fv2%2Ftags&post=11439"}],"curies":[{"name":"wp","href":"https:\/\/api.w.org\/{rel}","templated":true}]}}