{"id":11436,"date":"2024-06-15T19:17:26","date_gmt":"2024-06-15T19:17:26","guid":{"rendered":"https:\/\/www.radiolimari.cl\/?p=11436"},"modified":"2024-06-15T19:17:27","modified_gmt":"2024-06-15T19:17:27","slug":"los-beneficios-de-la-paternidad-activa-en-la-crianza-que-mejoran-la-calidad-de-vida-de-la-familia","status":"publish","type":"post","link":"https:\/\/www.radiolimari.cl\/?p=11436","title":{"rendered":"Los beneficios de la paternidad activa en la crianza que mejoran la calidad de vida de la familia"},"content":{"rendered":"\n<figure class=\"wp-block-image size-large\"><a href=\"https:\/\/www.radiolimari.cl\/wp-content\/uploads\/2024\/06\/Paternidad-Activa-Hospita-de-Ovalle-3.jpg\"><img fetchpriority=\"high\" decoding=\"async\" width=\"1024\" height=\"741\" src=\"https:\/\/www.radiolimari.cl\/wp-content\/uploads\/2024\/06\/Paternidad-Activa-Hospita-de-Ovalle-3-1024x741.jpg\" alt=\"\" class=\"wp-image-11437\" srcset=\"https:\/\/www.radiolimari.cl\/wp-content\/uploads\/2024\/06\/Paternidad-Activa-Hospita-de-Ovalle-3-1024x741.jpg 1024w, https:\/\/www.radiolimari.cl\/wp-content\/uploads\/2024\/06\/Paternidad-Activa-Hospita-de-Ovalle-3-300x217.jpg 300w, https:\/\/www.radiolimari.cl\/wp-content\/uploads\/2024\/06\/Paternidad-Activa-Hospita-de-Ovalle-3-768x555.jpg 768w, https:\/\/www.radiolimari.cl\/wp-content\/uploads\/2024\/06\/Paternidad-Activa-Hospita-de-Ovalle-3.jpg 1156w\" sizes=\"(max-width: 1024px) 100vw, 1024px\" \/><\/a><\/figure>\n\n\n\n<p>Las actuales generaciones de padres desaf\u00edan los roles tradicionales, dejando atr\u00e1s el estereotipo de hombre proveedor y hoy comparten los cuidados y tareas del hogar. Durante los \u00faltimos a\u00f1os, el Programa Chile Crece Contigo del Hospital de Ovalle ha observado un cambio significativo en las nuevas paternidades que se caracterizan por ser involucradas, compartidas y respetuosas con los hijos e hijas.<\/p>\n\n\n\n<p>Las actividades como visitas guiadas, charlas y talleres realizadas por el nosocomio ovallino se ha observado una mayor participaci\u00f3n masculina. Adem\u00e1s, las nuevas garant\u00edas en salud, les permiten asistir a controles prenatales y acompa\u00f1amiento durante el parto. Al respecto, la psic\u00f3loga del principal centro de salud de Limar\u00ed, Carol Vigorena, se\u00f1al\u00f3 que \u00abla experiencia ha mostrado un proceso lento pero constante en la inclusi\u00f3n de los padres desde las primeras etapas de la infancia\u201d.<\/p>\n\n\n\n<p>Por su parte, a trav\u00e9s del trabajo realizado con las familias locales, la trabajadora social del Hospital Provincial, Natalia Barrios, destac\u00f3 que \u00ablos padres j\u00f3venes muestran un inter\u00e9s creciente en estos procesos, aunque a\u00fan enfrentamos barreras culturales en generaciones mayores\u00bb.<\/p>\n\n\n\n<p>Barrios a\u00f1adi\u00f3 que \u201cla paternidad activa contribuye a un entorno familiar m\u00e1s armonioso y equitativo. Al compartir responsabilidades, las cargas se distribuyen de manera m\u00e1s justa, lo que reduce el estr\u00e9s y fortalece la relaci\u00f3n de pareja\u201d.<\/p>\n\n\n\n<p>Sin embargo, ambas especialistas coinciden en que esta transici\u00f3n no est\u00e1 exenta de desaf\u00edos porque \u201cel cambio no es s\u00f3lo conductual tambi\u00e9n es necesario fortalecer las pol\u00edticas p\u00fablicas que favorezcan la participaci\u00f3n de los pap\u00e1s en los cuidados de la infancia, hasta ahora en Chile existe el permiso laboral por nacimiento y permiso posnatal\u201d, manifest\u00f3 la psic\u00f3loga.<\/p>\n\n\n\n<p><strong>La corresponsabilidad en la crianza<\/strong><\/p>\n\n\n\n<p>Un aspecto clave en el Programa Chile Crece Contigo es fortalecer las responsabilidades de mam\u00e1s, pap\u00e1s y cuidadores con el fin de crear un entorno familiar m\u00e1s equilibrado. Esto, independientemente del estado de la relaci\u00f3n entre los adultos.&nbsp;<\/p>\n\n\n\n<p>\u00abDesde Chile Crece Contigo, fomentamos que los padres se involucren activamente, ofreciendo apoyo y destacando la importancia de su participaci\u00f3n\u00bb, coment\u00f3 la psic\u00f3loga Vigorena.<\/p>\n\n\n\n<p><strong>Los valores fundamentales en una paternidad activa<\/strong><\/p>\n\n\n\n<p>Un pap\u00e1 comprometido y afectuoso, influye en el crecimiento saludable de los ni\u00f1os y las ni\u00f1as. Los cuidados impactan a nivel emocional traduci\u00e9ndose en el desarrollo de relaciones sanas con su entorno, una mejor autoestima al sentirse protegidos y van adquiriendo conductas por medio de la observaci\u00f3n que replicar\u00e1n en el futuro.<\/p>\n\n\n\n<p>Estas acciones de cuidado, amor y tiempos de calidad, contribuyen a una sociedad m\u00e1s justa y equilibrada.<\/p>\n","protected":false},"excerpt":{"rendered":"<p>Las actuales generaciones de padres desaf\u00edan los roles tradicionales, dejando atr\u00e1s el estereotipo de hombre proveedor y hoy comparten los cuidados y tareas del hogar. Durante los \u00faltimos a\u00f1os, el Programa Chile Crece Contigo del Hospital de Ovalle ha observado un cambio significativo en las nuevas paternidades que se caracterizan por ser involucradas, compartidas y &#8230;<\/p>\n","protected":false},"author":2,"featured_media":11437,"comment_status":"open","ping_status":"open","sticky":false,"template":"","format":"standard","meta":{"footnotes":""},"categories":[5],"tags":[],"class_list":["post-11436","post","type-post","status-publish","format-standard","has-post-thumbnail","hentry","category-actualidad-limarina"],"_links":{"self":[{"href":"https:\/\/www.radiolimari.cl\/index.php?rest_route=\/wp\/v2\/posts\/11436","targetHints":{"allow":["GET"]}}],"collection":[{"href":"https:\/\/www.radiolimari.cl\/index.php?rest_route=\/wp\/v2\/posts"}],"about":[{"href":"https:\/\/www.radiolimari.cl\/index.php?rest_route=\/wp\/v2\/types\/post"}],"author":[{"embeddable":true,"href":"https:\/\/www.radiolimari.cl\/index.php?rest_route=\/wp\/v2\/users\/2"}],"replies":[{"embeddable":true,"href":"https:\/\/www.radiolimari.cl\/index.php?rest_route=%2Fwp%2Fv2%2Fcomments&post=11436"}],"version-history":[{"count":1,"href":"https:\/\/www.radiolimari.cl\/index.php?rest_route=\/wp\/v2\/posts\/11436\/revisions"}],"predecessor-version":[{"id":11438,"href":"https:\/\/www.radiolimari.cl\/index.php?rest_route=\/wp\/v2\/posts\/11436\/revisions\/11438"}],"wp:featuredmedia":[{"embeddable":true,"href":"https:\/\/www.radiolimari.cl\/index.php?rest_route=\/wp\/v2\/media\/11437"}],"wp:attachment":[{"href":"https:\/\/www.radiolimari.cl\/index.php?rest_route=%2Fwp%2Fv2%2Fmedia&parent=11436"}],"wp:term":[{"taxonomy":"category","embeddable":true,"href":"https:\/\/www.radiolimari.cl\/index.php?rest_route=%2Fwp%2Fv2%2Fcategories&post=11436"},{"taxonomy":"post_tag","embeddable":true,"href":"https:\/\/www.radiolimari.cl\/index.php?rest_route=%2Fwp%2Fv2%2Ftags&post=11436"}],"curies":[{"name":"wp","href":"https:\/\/api.w.org\/{rel}","templated":true}]}}