{"id":11410,"date":"2024-06-01T23:10:37","date_gmt":"2024-06-01T23:10:37","guid":{"rendered":"https:\/\/www.radiolimari.cl\/?p=11410"},"modified":"2024-06-01T23:10:38","modified_gmt":"2024-06-01T23:10:38","slug":"avanzan-gestiones-del-comite-de-la-reserva-de-la-biosfera-fray-jorge","status":"publish","type":"post","link":"https:\/\/www.radiolimari.cl\/?p=11410","title":{"rendered":"Avanzan gestiones del comit\u00e9 de la reserva de la bi\u00f3sfera Fray Jorge."},"content":{"rendered":"\n<figure class=\"wp-block-image size-large\"><a href=\"https:\/\/www.radiolimari.cl\/wp-content\/uploads\/2024\/06\/WhatsApp-Image-2024-05-29-at-13.59.50.jpeg\"><img fetchpriority=\"high\" decoding=\"async\" width=\"1024\" height=\"768\" src=\"https:\/\/www.radiolimari.cl\/wp-content\/uploads\/2024\/06\/WhatsApp-Image-2024-05-29-at-13.59.50-1024x768.jpeg\" alt=\"\" class=\"wp-image-11411\" srcset=\"https:\/\/www.radiolimari.cl\/wp-content\/uploads\/2024\/06\/WhatsApp-Image-2024-05-29-at-13.59.50-1024x768.jpeg 1024w, https:\/\/www.radiolimari.cl\/wp-content\/uploads\/2024\/06\/WhatsApp-Image-2024-05-29-at-13.59.50-300x225.jpeg 300w, https:\/\/www.radiolimari.cl\/wp-content\/uploads\/2024\/06\/WhatsApp-Image-2024-05-29-at-13.59.50-768x576.jpeg 768w, https:\/\/www.radiolimari.cl\/wp-content\/uploads\/2024\/06\/WhatsApp-Image-2024-05-29-at-13.59.50.jpeg 1280w\" sizes=\"(max-width: 1024px) 100vw, 1024px\" \/><\/a><\/figure>\n\n\n\n<p><strong><em>Instancia de trabajo busca un desarrollo sostenible de localidades aleda\u00f1as en el \u00e1mbito productivo, tur\u00edstico y social.<\/em><\/strong><\/p>\n\n\n\n<p>Con una visita en terreno la Delegada Presidencial Provincial de Limar\u00ed, Marily Escobar Oviedo, en conjunto a la SEREMI&nbsp; de Econom\u00eda P\u00eda Castillo y equipos t\u00e9cnicos de CONAF, se realiz\u00f3 una nueva sesi\u00f3n del Comit\u00e9 de la reserva de la Bi\u00f3sfera Fray Jorge.&nbsp; Esta instancia de trabajo busca fortalecer las gestiones que permitan un mejor desarrollo del entorno social y productivo de este lugar \u00fanico en el mundo, ubicado en la comuna de Ovalle.<\/p>\n\n\n\n<p>En este comit\u00e9 que retom\u00f3 sus funciones en 2023, sesionan cinco mesas: desarrollo productivo, investigaciones cient\u00edficas, educaci\u00f3n ambiental, plan de gesti\u00f3n y gobernanza. En la sesi\u00f3n que se informa en la presente nota, los coordinadores de cada mesa presentaron su programa de trabajo a corto plazo, identificando iniciativas a implementar para que sean aprobadas por el Comit\u00e9 de gesti\u00f3n.<\/p>\n\n\n\n<p>Respecto de este trabajo la Delegada Presidencial Provincial de Limar\u00ed, Marily Escobar Oviedo, indic\u00f3 que \u00abestamos trabajando constantemente con las comunidades aleda\u00f1as al bosque Fray Jorge para seguir d\u00e1ndole valor a esta reserva de la bi\u00f3sfera \u00fanica en el mundo. Queremos apuntar a un desarrollo sostenible de este territorio y creemos que deben ser las mismas comunidades de las localidades cercanas, quienes tienen que tener voz en el desarrollo de las propuestas. Valoramos la motivaci\u00f3n y la organizaci\u00f3n que han demostrado y seguiremos avanzando junto a ellos\u00bb.<\/p>\n\n\n\n<p>Por su parte, Aroldo Galleguillos presidente de la comunidad Valdivia de Punilla, indic\u00f3 que \u00abla reuni\u00f3n de hoy fue bien&nbsp; positiva, pudimos escuchar las propuestas que nos han entregado desde el Gobierno y estamos muy felices de ver c\u00f3mo avanzan las gestiones. Hemos visto muy motivados a nuestros vecinos, a la gente de las caletas y su gremios productivos, tambi\u00e9n como la gente que viven cercanos al parque Fray Jorge que siempre est\u00e1n ayudando y cooperando con una gran disposici\u00f3n\u00bb.<\/p>\n\n\n\n<p>Adem\u00e1s, la Seremi de Econom\u00eda, P\u00eda Castillo, indic\u00f3 que \u00abeste comit\u00e9 va a permitir generar pertinencia territorial, adem\u00e1s de dejar las condiciones a trav\u00e9s de dise\u00f1o pre asociativo que les permita a los vecinos hacer comercializaci\u00f3n de sus productos, con identidad territorial que es uno de los sellos que se quieren dejar a trav\u00e9s de nuestro gobierno, que se enfoca en pymes y cooperativas\u00bb.<\/p>\n\n\n\n<p>Jorge Barraza, Presidente del Comit\u00e9 Vecinal de Caleta Talcaruca, se\u00f1al\u00f3 que \u00abnuestra idea es seguir con este trabajo y estamos felices de poder colaborar con la reserva de la biosfera. Tambi\u00e9n valoramos que las reuniones se realicen en distintos puntos como en nuestra caleta, descentralizando esta gesti\u00f3n. Ahora se ve la motivaci\u00f3n de la gente y hay buena convocatoria para seguir trabajando\u00bb.<\/p>\n\n\n\n<p>Cabe recordar que una Reserva de la Bi\u00f3sfera (RB) es un lugar \u00fanico, declarado por la Organizaci\u00f3n de las Naciones Unidas para la Educaci\u00f3n la Ciencia y la Cultura (UNESCO) a trav\u00e9s de su programa El Hombre y la Bi\u00f3sfera (MaB), que contribuye al desarrollo sostenible de un territorio mediante la integraci\u00f3n del patrimonio natural y cultural-social.&nbsp; Actualmente en nuestro pa\u00eds existen 10 RB, y la RB Fray Jorge tiene una superficie de aproximadamente 134.000 hect\u00e1reas, circunscritas a la provincia del Limar\u00ed en la Comuna de Ovalle.<\/p>\n","protected":false},"excerpt":{"rendered":"<p>Instancia de trabajo busca un desarrollo sostenible de localidades aleda\u00f1as en el \u00e1mbito productivo, tur\u00edstico y social. Con una visita en terreno la Delegada Presidencial Provincial de Limar\u00ed, Marily Escobar Oviedo, en conjunto a la SEREMI&nbsp; de Econom\u00eda P\u00eda Castillo y equipos t\u00e9cnicos de CONAF, se realiz\u00f3 una nueva sesi\u00f3n del Comit\u00e9 de la reserva &#8230;<\/p>\n","protected":false},"author":2,"featured_media":11411,"comment_status":"open","ping_status":"open","sticky":false,"template":"","format":"standard","meta":{"footnotes":""},"categories":[5],"tags":[],"class_list":["post-11410","post","type-post","status-publish","format-standard","has-post-thumbnail","hentry","category-actualidad-limarina"],"_links":{"self":[{"href":"https:\/\/www.radiolimari.cl\/index.php?rest_route=\/wp\/v2\/posts\/11410","targetHints":{"allow":["GET"]}}],"collection":[{"href":"https:\/\/www.radiolimari.cl\/index.php?rest_route=\/wp\/v2\/posts"}],"about":[{"href":"https:\/\/www.radiolimari.cl\/index.php?rest_route=\/wp\/v2\/types\/post"}],"author":[{"embeddable":true,"href":"https:\/\/www.radiolimari.cl\/index.php?rest_route=\/wp\/v2\/users\/2"}],"replies":[{"embeddable":true,"href":"https:\/\/www.radiolimari.cl\/index.php?rest_route=%2Fwp%2Fv2%2Fcomments&post=11410"}],"version-history":[{"count":1,"href":"https:\/\/www.radiolimari.cl\/index.php?rest_route=\/wp\/v2\/posts\/11410\/revisions"}],"predecessor-version":[{"id":11412,"href":"https:\/\/www.radiolimari.cl\/index.php?rest_route=\/wp\/v2\/posts\/11410\/revisions\/11412"}],"wp:featuredmedia":[{"embeddable":true,"href":"https:\/\/www.radiolimari.cl\/index.php?rest_route=\/wp\/v2\/media\/11411"}],"wp:attachment":[{"href":"https:\/\/www.radiolimari.cl\/index.php?rest_route=%2Fwp%2Fv2%2Fmedia&parent=11410"}],"wp:term":[{"taxonomy":"category","embeddable":true,"href":"https:\/\/www.radiolimari.cl\/index.php?rest_route=%2Fwp%2Fv2%2Fcategories&post=11410"},{"taxonomy":"post_tag","embeddable":true,"href":"https:\/\/www.radiolimari.cl\/index.php?rest_route=%2Fwp%2Fv2%2Ftags&post=11410"}],"curies":[{"name":"wp","href":"https:\/\/api.w.org\/{rel}","templated":true}]}}