{"id":11396,"date":"2024-05-29T00:58:31","date_gmt":"2024-05-29T00:58:31","guid":{"rendered":"https:\/\/www.radiolimari.cl\/?p=11396"},"modified":"2024-05-29T00:58:32","modified_gmt":"2024-05-29T00:58:32","slug":"region-de-coquimbo-cuenta-con-nuevo-centro-integral-de-atencion-especializada-en-violencia-de-genero","status":"publish","type":"post","link":"https:\/\/www.radiolimari.cl\/?p=11396","title":{"rendered":"Regi\u00f3n de Coquimbo cuenta con nuevo Centro Integral de Atenci\u00f3n Especializada en Violencia de G\u00e9nero"},"content":{"rendered":"\n<figure class=\"wp-block-image size-full\"><a href=\"https:\/\/www.radiolimari.cl\/wp-content\/uploads\/2024\/05\/IMG-20240528-WA0031.jpg\"><img fetchpriority=\"high\" decoding=\"async\" width=\"1024\" height=\"682\" src=\"https:\/\/www.radiolimari.cl\/wp-content\/uploads\/2024\/05\/IMG-20240528-WA0031.jpg\" alt=\"\" class=\"wp-image-11397\" srcset=\"https:\/\/www.radiolimari.cl\/wp-content\/uploads\/2024\/05\/IMG-20240528-WA0031.jpg 1024w, https:\/\/www.radiolimari.cl\/wp-content\/uploads\/2024\/05\/IMG-20240528-WA0031-300x200.jpg 300w, https:\/\/www.radiolimari.cl\/wp-content\/uploads\/2024\/05\/IMG-20240528-WA0031-768x512.jpg 768w\" sizes=\"(max-width: 1024px) 100vw, 1024px\" \/><\/a><\/figure>\n\n\n\n<p><em>La ministra de la Mujer y la Equidad de G\u00e9nero, Antonia Orellana, visit\u00f3 la Regi\u00f3n de Coquimbo para inaugurar este nuevo centro que desarrollar\u00e1 un modelo de atenci\u00f3n integral para las mujeres de la zona, incluyendo prestaciones psicol\u00f3gicas y jur\u00eddicas. Esta medida es parte del compromiso presidencial de contar con centros de este tipo en todas las regiones del pa\u00eds.<\/em><\/p>\n\n\n\n<p>Hasta la Regi\u00f3n de Coquimbo lleg\u00f3 la ministra de la Mujer y la Equidad de G\u00e9nero, Antonia Orellana Guarello, para inaugurar un nuevo Centro de Atenci\u00f3n Especializada en Violencia de G\u00e9nero del Servicio Nacional de la Mujer y la EG (SernamEG), como parte del compromiso presidencial anunciado por el Presidente Gabriel Boric y que hoy se hace realidad en la Regi\u00f3n de Coquimbo.<\/p>\n\n\n\n<p>La ceremonia fue encabezada por la <strong>ministra de la Mujer y la Equidad de G\u00e9nero, Antonia Orellana Guarell<\/strong>o, quien destac\u00f3 el aporte del municipio de La Serena a este centro \u201cque va a irradiar a toda la regi\u00f3n, porque van a derivarse casos desde los otros centros comunales, oficinas de la mujer, desde el Ministerio P\u00fablico y desde las polic\u00edas, porque este es un centro para casos graves de violencia de g\u00e9nero, que entregar\u00e1 una atenci\u00f3n m\u00e1s especializada a trav\u00e9s de profesionales como psiquiatras y abogados que atender\u00e1n casos espec\u00edficos como femicidios frustrados, lesiones graves, exposici\u00f3n a la violencia por largo tiempo o tambi\u00e9n delitos sexuales. Eso nos permite centrar las intervenciones menos complejas en los territorios y por supuesto, aumentar as\u00ed nuestra capacidad de atender mujeres\u201d, se\u00f1al\u00f3 la autoridad.<\/p>\n\n\n\n<p>La ministra Orellana a\u00f1adi\u00f3 que \u201cel equipo de este centro, que va a poder atender hasta 130 mujeres este a\u00f1o, ha sido seleccionado por la directora regional de SernamEG con mucho ah\u00ednco para tener el nivel que las mujeres esperan de nuestro servicio y va acompa\u00f1ado de las acciones que estamos realizando como Ministerio de la Mujer, con un a\u00f1o de vigencia de la Ley de Responsabilidad Parental y Pago Efectivo de Pensiones de Alimentos, con la Ley de Reparaci\u00f3n Integral a v\u00edctimas de femicidio y sus familias, y tambi\u00e9n con la reciente aprobaci\u00f3n de la Ley Integral\u201d. &nbsp;<\/p>\n\n\n\n<p>Este centro -que tendr\u00e1 una inversi\u00f3n anual de m\u00e1s de 130 millones de pesos y ser\u00e1 ejecutado por la Municipalidad de La Serena- contar\u00e1 con atenci\u00f3n psicol\u00f3gica, psiqui\u00e1trica, jur\u00eddica y social para las mujeres de la regi\u00f3n. Para acceder a estos servicios, no es requisito haber interpuesto denuncia, pues el objetivo es orientar y apoyar a las mujeres en la b\u00fasqueda de justicia y reparaci\u00f3n.<\/p>\n\n\n\n<p>Esta medida se enmarca en el redise\u00f1o de la oferta de programas para mujeres que han vivido violencia que se encuentra implementando desde este a\u00f1o el SernamEG, como resultado de un extenso proceso evaluativo con el prop\u00f3sito de fortalecer la l\u00ednea preventiva y la atenci\u00f3n especializada reparatoria, de modo de hacer estos programas m\u00e1s eficaces respecto a su objetivo principal, que es prevenir la violencia de g\u00e9nero y restituir los derechos y la autonom\u00eda de las mujeres que han vivido violencia.<\/p>\n\n\n\n<p>\u201cSabemos que siempre es dif\u00edcil denunciar, que muchas veces es dif\u00edcil acceder a un tratamiento sicol\u00f3gico, por ejemplo, y nuestro servicio se va a encargar de acompa\u00f1ar a las mujeres d\u00e1ndoles atenci\u00f3n sicosocial, pero tambi\u00e9n jur\u00eddica\u201d, se\u00f1al\u00f3 la <strong>directora regional de SernamEG Coquimbo, Priscilla Olivares Verasay.<\/strong><\/p>\n\n\n\n<p>Con este nuevo centro, emplazado en Huanhual\u00ed #805, La Serena, el SernamEG contar\u00e1 con 5 dispositivos de atenci\u00f3n en la regi\u00f3n, los cuales est\u00e1n desplegados en las tres provincias, cubriendo todo el territorio. Adem\u00e1s de la Residencia Transitoria, de cobertura regional, que entrega atenci\u00f3n residencial a mujeres derivadas que se encuentren en riesgo grave\/vital por violencia de g\u00e9nero.<\/p>\n\n\n\n<p>El <strong>delegado Presidencial Regional, Galo Luna Penna<\/strong>, se\u00f1al\u00f3 que \u201cen nuestra realidad, en la ruralidad y tambi\u00e9n en los centros urbanos, hay una incidencia importante de la violencia intrafamiliar, tema que tambi\u00e9n ha sido priorizado, por ejemplo, en nuestro Plan Regional de Seguridad P\u00fablica. Y hoy estamos contentos de poder cumplir con un compromiso del Presidente de la Rep\u00fablica, en este caso, con la regi\u00f3n de Coquimbo\u201d.<\/p>\n\n\n\n<p>La <strong>Diputada por la zona, Carolina Tello<\/strong>, tambi\u00e9n valor\u00f3 la creaci\u00f3n de este nuevo centro de atenci\u00f3n integral a v\u00edctimas de violencia de g\u00e9nero, as\u00ed como otras iniciativas que se han llevado adelante en este periodo, como \u201cleyes importantes que se han tramitado en la Comisi\u00f3n de Mujeres y Equidad de G\u00e9nero de la C\u00e1mara de Diputados, en la cual participo y la cual tambi\u00e9n tuve el honor de presidir, como la Ley de Pago Efectivo de Pensiones de Alimentos, la ley que otorga una reparaci\u00f3n a los hijos e hijas menores de 18 a\u00f1os de v\u00edctimas de femicidio y su familia y, por supuesto, lo que se viene tambi\u00e9n con la Ley Integral contra la Violencia. Con mucho cari\u00f1o y mucha seriedad, vamos a seguir trabajando, impulsando estas iniciativas para poder seguir dando respuesta a las mujeres\u201d.<\/p>\n\n\n\n<p>Finalmente, el <strong>director de Desarrollo Comunitario del Municipio de La Serena, Flavio Escobar<\/strong>, remarc\u00f3 el compromiso municipal como entidad ejecutora, \u201choy se hace real este centro, el que nos ayudar\u00e1 a llegar en tiempo y forma para ayudar a las mujeres de la comuna\u201d.<\/p>\n","protected":false},"excerpt":{"rendered":"<p>La ministra de la Mujer y la Equidad de G\u00e9nero, Antonia Orellana, visit\u00f3 la Regi\u00f3n de Coquimbo para inaugurar este nuevo centro que desarrollar\u00e1 un modelo de atenci\u00f3n integral para las mujeres de la zona, incluyendo prestaciones psicol\u00f3gicas y jur\u00eddicas. Esta medida es parte del compromiso presidencial de contar con centros de este tipo en &#8230;<\/p>\n","protected":false},"author":2,"featured_media":11397,"comment_status":"open","ping_status":"open","sticky":false,"template":"","format":"standard","meta":{"footnotes":""},"categories":[6],"tags":[],"class_list":["post-11396","post","type-post","status-publish","format-standard","has-post-thumbnail","hentry","category-regionales"],"_links":{"self":[{"href":"https:\/\/www.radiolimari.cl\/index.php?rest_route=\/wp\/v2\/posts\/11396","targetHints":{"allow":["GET"]}}],"collection":[{"href":"https:\/\/www.radiolimari.cl\/index.php?rest_route=\/wp\/v2\/posts"}],"about":[{"href":"https:\/\/www.radiolimari.cl\/index.php?rest_route=\/wp\/v2\/types\/post"}],"author":[{"embeddable":true,"href":"https:\/\/www.radiolimari.cl\/index.php?rest_route=\/wp\/v2\/users\/2"}],"replies":[{"embeddable":true,"href":"https:\/\/www.radiolimari.cl\/index.php?rest_route=%2Fwp%2Fv2%2Fcomments&post=11396"}],"version-history":[{"count":1,"href":"https:\/\/www.radiolimari.cl\/index.php?rest_route=\/wp\/v2\/posts\/11396\/revisions"}],"predecessor-version":[{"id":11398,"href":"https:\/\/www.radiolimari.cl\/index.php?rest_route=\/wp\/v2\/posts\/11396\/revisions\/11398"}],"wp:featuredmedia":[{"embeddable":true,"href":"https:\/\/www.radiolimari.cl\/index.php?rest_route=\/wp\/v2\/media\/11397"}],"wp:attachment":[{"href":"https:\/\/www.radiolimari.cl\/index.php?rest_route=%2Fwp%2Fv2%2Fmedia&parent=11396"}],"wp:term":[{"taxonomy":"category","embeddable":true,"href":"https:\/\/www.radiolimari.cl\/index.php?rest_route=%2Fwp%2Fv2%2Fcategories&post=11396"},{"taxonomy":"post_tag","embeddable":true,"href":"https:\/\/www.radiolimari.cl\/index.php?rest_route=%2Fwp%2Fv2%2Ftags&post=11396"}],"curies":[{"name":"wp","href":"https:\/\/api.w.org\/{rel}","templated":true}]}}