{"id":11390,"date":"2024-05-28T23:42:57","date_gmt":"2024-05-28T23:42:57","guid":{"rendered":"https:\/\/www.radiolimari.cl\/?p=11390"},"modified":"2024-05-28T23:42:57","modified_gmt":"2024-05-28T23:42:57","slug":"ciudadanos-dialogaron-en-mesas-de-trabajo-sobre-principales-necesidades-de-la-provincia-de-limari","status":"publish","type":"post","link":"https:\/\/www.radiolimari.cl\/?p=11390","title":{"rendered":"Ciudadanos dialogaron en mesas de trabajo sobre principales necesidades de la provincia de Limar\u00ed."},"content":{"rendered":"\n<figure class=\"wp-block-image size-large\"><a href=\"https:\/\/www.radiolimari.cl\/wp-content\/uploads\/2024\/05\/DPP-LIMARI-DIALOGO-PARTICIPATIVO-II.jpeg\"><img fetchpriority=\"high\" decoding=\"async\" width=\"1024\" height=\"768\" src=\"https:\/\/www.radiolimari.cl\/wp-content\/uploads\/2024\/05\/DPP-LIMARI-DIALOGO-PARTICIPATIVO-II-1024x768.jpeg\" alt=\"\" class=\"wp-image-11391\" srcset=\"https:\/\/www.radiolimari.cl\/wp-content\/uploads\/2024\/05\/DPP-LIMARI-DIALOGO-PARTICIPATIVO-II-1024x768.jpeg 1024w, https:\/\/www.radiolimari.cl\/wp-content\/uploads\/2024\/05\/DPP-LIMARI-DIALOGO-PARTICIPATIVO-II-300x225.jpeg 300w, https:\/\/www.radiolimari.cl\/wp-content\/uploads\/2024\/05\/DPP-LIMARI-DIALOGO-PARTICIPATIVO-II-768x576.jpeg 768w, https:\/\/www.radiolimari.cl\/wp-content\/uploads\/2024\/05\/DPP-LIMARI-DIALOGO-PARTICIPATIVO-II.jpeg 1280w\" sizes=\"(max-width: 1024px) 100vw, 1024px\" \/><\/a><\/figure>\n\n\n\n<p><strong><em>Di\u00e1logo participativo reuni\u00f3 principales observaciones de la comunidad para entregarlas a la Delegada Presidencial Provincial y as\u00ed seguir generando pol\u00edticas p\u00fablicas para el territorio.<\/em><\/strong><\/p>\n\n\n\n<p>Con dirigentes sociales de distintas comunas de la provincia de Limar\u00ed, se realiz\u00f3 una jornada de mesas de trabajo y di\u00e1logo participativo entre actores sociales y el equipo de la Delegaci\u00f3n Presidencial Provincial de Limar\u00ed, encabezado por la Delegada Marily Escobar Oviedo.<\/p>\n\n\n\n<p>En esta instancia se realizaron mesas de trabajo con los ejes fundamentales de la provincia de Limar\u00ed: D\u00e9ficit H\u00eddrico, Reactivaci\u00f3n Econ\u00f3mica y Seguridad P\u00fablica. Esta actividad consisti\u00f3 en una conversaci\u00f3n mediada, donde posteriormente se expusieron las conclusiones tomadas de cada mesa, expuestas a la audiencia y recopiladas para ser enviadas a nivel central.<\/p>\n\n\n\n<p>Respecto de esta actividad, la Delegada presidencial Provincial de Limar\u00ed, Marily Escobar Oviedo, indic\u00f3 que \u201cha sido el sello de nuestro Gobierno trabajar de cara a la ciudadan\u00eda y esta actividad es una muestra de ello. Estuve presente en cada mesa dialogando y recibiendo las observaciones de dirigentes de toda la provincia. Instancias como estas son enriquecedoras y valoramos enormemente el compromiso de cada participante. Nos quedamos con la misi\u00f3n de transmitir estas inquietudes y continuar nuestro trabajo territorial tomando en cuenta la visi\u00f3n de nuestros dirigentes\u201d.<\/p>\n\n\n\n<p>Uno de los miembros activos de esta actividad fue Manuel Venegas Oyanadel, dirigente de la Junta de vecinos Manuel Olivares de Punitaqui y miembro del COSOC quien se refiri\u00f3 a esta actividad indicando que \u201cno hab\u00eda tenido la oportunidad de dialogar de manera tan directa con una autoridad como lo hicimos en esta ocasi\u00f3n. Conversamos de Seguridad, Econom\u00eda y Agua que son temas muy relevantes y quedo muy contento por esta actividad\u201d.<\/p>\n\n\n\n<p>Otro de los asistente fue Sergio Tello Hernandez, Presidente Junta de Vecinos El Toro de Punitaqui, quien valor\u00f3 poder llevar las inquietudes de su organizaci\u00f3n a la Delegada Presidencial \u201csomos quienes transportamos la voz de los sin voz. Ese es nuestro rol como como dirigentes sociales de cada territorio, de cada junta de vecinos y creo haber manifestado de buena manera aquello que necesita mi gente y estoy muy contento de poder haber compartido esta vivencia con las autoridades\u201d.<\/p>\n\n\n\n<p>Esta actividad se enmarca en el contexto de la cuenta p\u00fablica realizada por la Delegaci\u00f3n Presidencial Regional, donde las delegaciones presidencial provinciales recogieron localmente las impresiones de los ciudadanos en cada territorio.<\/p>\n\n\n\n<p>Dentro del di\u00e1logo ciudadano, les compartimos algunas de las prioridades de gesti\u00f3n establecidas por la propia ciudadan\u00eda:<\/p>\n\n\n\n<p>Por ejemplo, en <strong>Reactivaci\u00f3n Econ\u00f3mica<\/strong> los participantes del di\u00e1logo ciudadano indicaron la necesidad de seguir aumentando proyectos de largo plazo en caletas, seguir capacitando a trabajadores de localidades rurales, seguir generando \u00e9nfasis en la difusi\u00f3n tur\u00edstica.<\/p>\n\n\n\n<p>En <strong>Seguridad P\u00fablica<\/strong> las prioridades son seguir reforzando el combate a los narcocultivos en los valles interiores, seguir invirtiendo en recuperaci\u00f3n de espacios p\u00fablicos, facilitar el acceso a proyectos, generar m\u00e1s actividades que permitan retomar espacios familiares en barrios.<\/p>\n\n\n\n<p>En cuanto al <strong>D\u00e9ficit H\u00eddrico<\/strong> se valor\u00f3 la implementaci\u00f3n de la desaladora anunciada por el Presidente Gabriel Boric, se sugiri\u00f3 seguir aumentando las fiscalizaciones en pozos, puntos de captaci\u00f3n y seguir fortaleciendo la agricultura familiar campesina.<\/p>\n\n\n\n<p>Todos estos temas ya est\u00e1n siendo abordados por el Gobierno a nivel provincial y por ello, estas inquietudes de la ciudadan\u00eda refuerzan el trabajo que se realiza continuamente.<\/p>\n","protected":false},"excerpt":{"rendered":"<p>Di\u00e1logo participativo reuni\u00f3 principales observaciones de la comunidad para entregarlas a la Delegada Presidencial Provincial y as\u00ed seguir generando pol\u00edticas p\u00fablicas para el territorio. Con dirigentes sociales de distintas comunas de la provincia de Limar\u00ed, se realiz\u00f3 una jornada de mesas de trabajo y di\u00e1logo participativo entre actores sociales y el equipo de la Delegaci\u00f3n &#8230;<\/p>\n","protected":false},"author":2,"featured_media":11391,"comment_status":"open","ping_status":"open","sticky":false,"template":"","format":"standard","meta":{"footnotes":""},"categories":[5],"tags":[],"class_list":["post-11390","post","type-post","status-publish","format-standard","has-post-thumbnail","hentry","category-actualidad-limarina"],"_links":{"self":[{"href":"https:\/\/www.radiolimari.cl\/index.php?rest_route=\/wp\/v2\/posts\/11390","targetHints":{"allow":["GET"]}}],"collection":[{"href":"https:\/\/www.radiolimari.cl\/index.php?rest_route=\/wp\/v2\/posts"}],"about":[{"href":"https:\/\/www.radiolimari.cl\/index.php?rest_route=\/wp\/v2\/types\/post"}],"author":[{"embeddable":true,"href":"https:\/\/www.radiolimari.cl\/index.php?rest_route=\/wp\/v2\/users\/2"}],"replies":[{"embeddable":true,"href":"https:\/\/www.radiolimari.cl\/index.php?rest_route=%2Fwp%2Fv2%2Fcomments&post=11390"}],"version-history":[{"count":1,"href":"https:\/\/www.radiolimari.cl\/index.php?rest_route=\/wp\/v2\/posts\/11390\/revisions"}],"predecessor-version":[{"id":11392,"href":"https:\/\/www.radiolimari.cl\/index.php?rest_route=\/wp\/v2\/posts\/11390\/revisions\/11392"}],"wp:featuredmedia":[{"embeddable":true,"href":"https:\/\/www.radiolimari.cl\/index.php?rest_route=\/wp\/v2\/media\/11391"}],"wp:attachment":[{"href":"https:\/\/www.radiolimari.cl\/index.php?rest_route=%2Fwp%2Fv2%2Fmedia&parent=11390"}],"wp:term":[{"taxonomy":"category","embeddable":true,"href":"https:\/\/www.radiolimari.cl\/index.php?rest_route=%2Fwp%2Fv2%2Fcategories&post=11390"},{"taxonomy":"post_tag","embeddable":true,"href":"https:\/\/www.radiolimari.cl\/index.php?rest_route=%2Fwp%2Fv2%2Ftags&post=11390"}],"curies":[{"name":"wp","href":"https:\/\/api.w.org\/{rel}","templated":true}]}}