{"id":11386,"date":"2024-05-28T14:27:29","date_gmt":"2024-05-28T14:27:29","guid":{"rendered":"https:\/\/www.radiolimari.cl\/?p=11386"},"modified":"2024-05-28T14:28:16","modified_gmt":"2024-05-28T14:28:16","slug":"renovacion-nacional-define-sus-candidatos-con-miras-a-elecciones-de-alcalde-y-gobernador-en-la-region-de-coquimbo","status":"publish","type":"post","link":"https:\/\/www.radiolimari.cl\/?p=11386","title":{"rendered":"Renovaci\u00f3n Nacional define sus candidatos con miras a elecciones de Alcalde y Gobernador en la regi\u00f3n de Coquimbo."},"content":{"rendered":"\n<figure class=\"wp-block-image size-large\"><a href=\"https:\/\/www.radiolimari.cl\/wp-content\/uploads\/2024\/05\/RN-1.jpeg\"><img fetchpriority=\"high\" decoding=\"async\" width=\"768\" height=\"1024\" src=\"https:\/\/www.radiolimari.cl\/wp-content\/uploads\/2024\/05\/RN-1-768x1024.jpeg\" alt=\"\" class=\"wp-image-11387\" srcset=\"https:\/\/www.radiolimari.cl\/wp-content\/uploads\/2024\/05\/RN-1-768x1024.jpeg 768w, https:\/\/www.radiolimari.cl\/wp-content\/uploads\/2024\/05\/RN-1-225x300.jpeg 225w, https:\/\/www.radiolimari.cl\/wp-content\/uploads\/2024\/05\/RN-1-1152x1536.jpeg 1152w, https:\/\/www.radiolimari.cl\/wp-content\/uploads\/2024\/05\/RN-1.jpeg 1200w\" sizes=\"(max-width: 768px) 100vw, 768px\" \/><\/a><\/figure>\n\n\n\n<p><strong><em>Claudio D\u00edaz ser\u00e1 el candidato en Combarbal\u00e1, en tanto que Hern\u00e1n Ahumada ir\u00e1 por su tercer per\u00edodo en Paihuano.<\/em><\/strong><\/p>\n\n\n\n<p>En el marco de la celebraci\u00f3n de un nuevo aniversario de Renovaci\u00f3n Nacional en la regi\u00f3n, fueron proclamados los candidatos a Alcalde y Gobernador Regional.<\/p>\n\n\n\n<p>En el caso de los ediles, destacan Hern\u00e1n Ahumada, quien nuevamente ir\u00e1 por el sill\u00f3n edilicio de Paihuano; en tanto, Claudio D\u00edaz har\u00e1 lo propio en Combarbal\u00e1, en una clara de muestra del apoyo entregado por sus pares; en el caso de La Serena, Daniela Norambuena ser\u00e1 la candidata, mientras que en Salamanca ser\u00e1 Vinka Pusic, actual presidenta regional del partido.<\/p>\n\n\n\n<p>En la otra comuna del Valle de Elqui- Vicu\u00f1a- el candidato ser\u00e1 Erick Grohs y el elegido para disputar el cargo de Gobernador es el ex Seremi de Miner\u00eda, Roberto Vega.<\/p>\n","protected":false},"excerpt":{"rendered":"<p>Claudio D\u00edaz ser\u00e1 el candidato en Combarbal\u00e1, en tanto que Hern\u00e1n Ahumada ir\u00e1 por su tercer per\u00edodo en Paihuano. En el marco de la celebraci\u00f3n de un nuevo aniversario de Renovaci\u00f3n Nacional en la regi\u00f3n, fueron proclamados los candidatos a Alcalde y Gobernador Regional. En el caso de los ediles, destacan Hern\u00e1n Ahumada, quien nuevamente &#8230;<\/p>\n","protected":false},"author":2,"featured_media":11387,"comment_status":"open","ping_status":"open","sticky":false,"template":"","format":"standard","meta":{"footnotes":""},"categories":[6],"tags":[],"class_list":["post-11386","post","type-post","status-publish","format-standard","has-post-thumbnail","hentry","category-regionales"],"_links":{"self":[{"href":"https:\/\/www.radiolimari.cl\/index.php?rest_route=\/wp\/v2\/posts\/11386","targetHints":{"allow":["GET"]}}],"collection":[{"href":"https:\/\/www.radiolimari.cl\/index.php?rest_route=\/wp\/v2\/posts"}],"about":[{"href":"https:\/\/www.radiolimari.cl\/index.php?rest_route=\/wp\/v2\/types\/post"}],"author":[{"embeddable":true,"href":"https:\/\/www.radiolimari.cl\/index.php?rest_route=\/wp\/v2\/users\/2"}],"replies":[{"embeddable":true,"href":"https:\/\/www.radiolimari.cl\/index.php?rest_route=%2Fwp%2Fv2%2Fcomments&post=11386"}],"version-history":[{"count":2,"href":"https:\/\/www.radiolimari.cl\/index.php?rest_route=\/wp\/v2\/posts\/11386\/revisions"}],"predecessor-version":[{"id":11389,"href":"https:\/\/www.radiolimari.cl\/index.php?rest_route=\/wp\/v2\/posts\/11386\/revisions\/11389"}],"wp:featuredmedia":[{"embeddable":true,"href":"https:\/\/www.radiolimari.cl\/index.php?rest_route=\/wp\/v2\/media\/11387"}],"wp:attachment":[{"href":"https:\/\/www.radiolimari.cl\/index.php?rest_route=%2Fwp%2Fv2%2Fmedia&parent=11386"}],"wp:term":[{"taxonomy":"category","embeddable":true,"href":"https:\/\/www.radiolimari.cl\/index.php?rest_route=%2Fwp%2Fv2%2Fcategories&post=11386"},{"taxonomy":"post_tag","embeddable":true,"href":"https:\/\/www.radiolimari.cl\/index.php?rest_route=%2Fwp%2Fv2%2Ftags&post=11386"}],"curies":[{"name":"wp","href":"https:\/\/api.w.org\/{rel}","templated":true}]}}