{"id":11377,"date":"2024-05-25T19:59:58","date_gmt":"2024-05-25T19:59:58","guid":{"rendered":"https:\/\/www.radiolimari.cl\/?p=11377"},"modified":"2024-05-25T19:59:59","modified_gmt":"2024-05-25T19:59:59","slug":"corte-de-la-serena-ordena-a-colegio-administrar-medicamento-a-alumna-con-diabetes","status":"publish","type":"post","link":"https:\/\/www.radiolimari.cl\/?p=11377","title":{"rendered":"CORTE DE LA SERENA ORDENA A COLEGIO ADMINISTRAR MEDICAMENTO A ALUMNA CON DIABETES."},"content":{"rendered":"\n<figure class=\"wp-block-image size-large\"><a href=\"https:\/\/www.radiolimari.cl\/wp-content\/uploads\/2024\/05\/CALS-1Sala11-scaled.jpg\"><img fetchpriority=\"high\" decoding=\"async\" width=\"1024\" height=\"684\" src=\"https:\/\/www.radiolimari.cl\/wp-content\/uploads\/2024\/05\/CALS-1Sala11-1024x684.jpg\" alt=\"\" class=\"wp-image-11378\" srcset=\"https:\/\/www.radiolimari.cl\/wp-content\/uploads\/2024\/05\/CALS-1Sala11-1024x684.jpg 1024w, https:\/\/www.radiolimari.cl\/wp-content\/uploads\/2024\/05\/CALS-1Sala11-300x201.jpg 300w, https:\/\/www.radiolimari.cl\/wp-content\/uploads\/2024\/05\/CALS-1Sala11-768x513.jpg 768w, https:\/\/www.radiolimari.cl\/wp-content\/uploads\/2024\/05\/CALS-1Sala11-1536x1027.jpg 1536w, https:\/\/www.radiolimari.cl\/wp-content\/uploads\/2024\/05\/CALS-1Sala11-2048x1369.jpg 2048w\" sizes=\"(max-width: 1024px) 100vw, 1024px\" \/><\/a><\/figure>\n\n\n\n<p>La Corte de Apelaciones de La Serena acogi\u00f3 el recurso de protecci\u00f3n interpuesto en contra de la Fundaci\u00f3n Educacional Pucar\u00e1 y el Colegio Tamelcura de Ovalle, y le orden\u00f3 retomar el tratamiento, durante la jornada escolar, que requiera alumna de ense\u00f1anza b\u00e1sica con diabetes mellitus, el que suspendi\u00f3 unilateralmente.<\/p>\n\n\n\n<p>En fallo un\u00e1nime, la Primera Sala del tribunal de alzada \u2013integrada por los ministros Felipe Pulgar Bravo, Sergio Troncoso Espinoza y el abogado (i) Jorge Fonseca Dittus\u2013 acogi\u00f3 la acci\u00f3n constitucional, tras establecer el actuar arbitrario e ilegal del establecimiento educacional que, bajo el argumento de cambio de protocolo, dej\u00f3 de inyectar el medicamento a la menor de 8 a\u00f1os de edad, inoculaci\u00f3n que realiz\u00f3 por dos a\u00f1os la t\u00e9cnica en enfermer\u00eda que se desempe\u00f1a en el colegio.<\/p>\n\n\n\n<p>\u201cPara la resoluci\u00f3n del asunto se debe tener presente lo dispuesto en la Ley N\u00b021.430 Sobre Garant\u00edas y Protecci\u00f3n Integral de los Derechos de la Ni\u00f1ez y Adolescencia, en particular, lo prescrito en el art\u00edculo 2\u00b0, inciso 4\u00b0 en cuanto se\u00f1ala que \u2018Toda persona, instituci\u00f3n o grupo debe respetar y facilitar el ejercicio de los derechos de los ni\u00f1os, ni\u00f1as y adolescentes. Especialmente, las organizaciones de la sociedad civil que lleven a cabo funciones relacionadas con el desarrollo de los ni\u00f1os, ni\u00f1as y adolescentes deben respetar, promover y velar activamente por sus derechos, reciban o no financiamiento del Estado, debiendo respetar siempre el inter\u00e9s superior del ni\u00f1o, ni\u00f1a o adolescente\u2019\u201d, sostiene el fallo.<\/p>\n\n\n\n<p>Para el tribunal de alzada: \u201c(\u2026) de lo que se ha venido razonando queda en evidencia que la exigencia planteada por la recurrida en el nuevo protocolo de medicaci\u00f3n (\u2026) se erige como una decisi\u00f3n arbitraria, desprovista de razonabilidad, teniendo especialmente presente que la demora o retraso en este procedimiento influye decisivamente en la salud de la ni\u00f1a y que incluso puede generar consecuencias fatales, y que de no dar cumplimiento al requerimiento del establecimiento, se afecta directamente el derecho de la ni\u00f1a a recibir educaci\u00f3n, pues no podr\u00eda incorporarse en el sistema educativo formal, por cuanto su grupo familiar no est\u00e1 en condiciones de cumplir con tal exigencia ni de costear el pago de un servicio suministrado para tales fines, especialmente teniendo en consideraci\u00f3n que el colegio notific\u00f3 el cambio en el protocolo a los recurrentes a inicios del presente a\u00f1o escolar y que ha cumplido de manera satisfactoria con los requerimientos que la enfermedad exigen durante los dos \u00faltimos a\u00f1os\u201d.<\/p>\n\n\n\n<p>\u201cPor \u00faltimo -ahonda-, no deja de llamar la atenci\u00f3n que se cuestione una forma de atenci\u00f3n que se ha demostrado viable y segura en los \u00faltimos dos a\u00f1os, respecto de una acci\u00f3n terap\u00e9utica de escasa o nula complejidad, al punto que la propia ni\u00f1a podr\u00e1 asumirla de manera aut\u00f3noma cuando cumpla diez a\u00f1os de edad\u201d.<\/p>\n\n\n\n<p>Por tanto, se resuelve que: \u201cSe acoge, sin costas, el recurso de protecci\u00f3n interpuesto en contra de Fundaci\u00f3n Educacional Pucar\u00e1 representada por su sostenedora do\u00f1a Patricia del Pilar Sanzana y del Colegio Tamelcura, dependiente de la mencionada fundaci\u00f3n, representado por su directora do\u00f1a Esmeralda del Pilar Polo N\u00fa\u00f1ez, y en consecuencia se ordena que el establecimiento educacional, en la implementaci\u00f3n del nuevo reglamento de medicaci\u00f3n, acepte que la persona designada para la atenci\u00f3n de la alumna por parte de sus progenitores, sea la funcionaria Tens del establecimiento y\/o cualquier otro integrante del personal docente o paradocente del mismo, asumiendo en su caso la capacitaci\u00f3n respectiva, manteniendo de este modo el status quo existente hasta antes de la dictaci\u00f3n del respectivo protocolo\u201d.<\/p>\n\n\n\n<p>Al respecto, el ministro Pulgar Bravo, explic\u00f3 que \u201cLa Corte lo que hizo fue pararse, de manera muy novedosa, desde la Convenci\u00f3n de Derechos del Ni\u00f1o y desde la Ley de Garant\u00edas 21.430. En ese contexto, sostuvimos los ministros de esta Corte, que la interpretaci\u00f3n que hace el colegio es una interpretaci\u00f3n que restringe los derechos de la ni\u00f1a pues contaba con el apoyo de un profesional del \u00e1rea de la salud, sin embargo, esto se interrumpe.<\/p>\n\n\n\n<p>Si nosotros leemos el documento del colegio en el que se basa esta interpretaci\u00f3n errada o restrictiva&nbsp; de derechos, podemos advertir que el protocolo lo \u00fanico que hace es ampliar la posibilidad que los apoderados tambi\u00e9n puedan designar a un tercero que pueda realizar esta gesti\u00f3n, sin impedir que ese tercero sea el propio funcionario TENS&nbsp; de ese establecimiento educacional.<\/p>\n\n\n\n<p>De esta forma, consideramos que el principio de efectivizaci\u00f3n que contempla la ley de garant\u00edas debe ponerse por sobre los intereses del establecimiento educacional y, por lo tanto, se orden\u00f3 que la interpretaci\u00f3n que hace el colegio queda sin efecto, transmitiendo que la misma profesional del \u00e1rea de la salud pueda ser la que realice las gestiones que ya ven\u00eda haciendo del a\u00f1o 2022 a la fecha\u201d, concluy\u00f3.<\/p>\n","protected":false},"excerpt":{"rendered":"<p>La Corte de Apelaciones de La Serena acogi\u00f3 el recurso de protecci\u00f3n interpuesto en contra de la Fundaci\u00f3n Educacional Pucar\u00e1 y el Colegio Tamelcura de Ovalle, y le orden\u00f3 retomar el tratamiento, durante la jornada escolar, que requiera alumna de ense\u00f1anza b\u00e1sica con diabetes mellitus, el que suspendi\u00f3 unilateralmente. En fallo un\u00e1nime, la Primera Sala &#8230;<\/p>\n","protected":false},"author":2,"featured_media":11378,"comment_status":"open","ping_status":"open","sticky":false,"template":"","format":"standard","meta":{"footnotes":""},"categories":[3],"tags":[],"class_list":["post-11377","post","type-post","status-publish","format-standard","has-post-thumbnail","hentry","category-actualidad"],"_links":{"self":[{"href":"https:\/\/www.radiolimari.cl\/index.php?rest_route=\/wp\/v2\/posts\/11377","targetHints":{"allow":["GET"]}}],"collection":[{"href":"https:\/\/www.radiolimari.cl\/index.php?rest_route=\/wp\/v2\/posts"}],"about":[{"href":"https:\/\/www.radiolimari.cl\/index.php?rest_route=\/wp\/v2\/types\/post"}],"author":[{"embeddable":true,"href":"https:\/\/www.radiolimari.cl\/index.php?rest_route=\/wp\/v2\/users\/2"}],"replies":[{"embeddable":true,"href":"https:\/\/www.radiolimari.cl\/index.php?rest_route=%2Fwp%2Fv2%2Fcomments&post=11377"}],"version-history":[{"count":1,"href":"https:\/\/www.radiolimari.cl\/index.php?rest_route=\/wp\/v2\/posts\/11377\/revisions"}],"predecessor-version":[{"id":11379,"href":"https:\/\/www.radiolimari.cl\/index.php?rest_route=\/wp\/v2\/posts\/11377\/revisions\/11379"}],"wp:featuredmedia":[{"embeddable":true,"href":"https:\/\/www.radiolimari.cl\/index.php?rest_route=\/wp\/v2\/media\/11378"}],"wp:attachment":[{"href":"https:\/\/www.radiolimari.cl\/index.php?rest_route=%2Fwp%2Fv2%2Fmedia&parent=11377"}],"wp:term":[{"taxonomy":"category","embeddable":true,"href":"https:\/\/www.radiolimari.cl\/index.php?rest_route=%2Fwp%2Fv2%2Fcategories&post=11377"},{"taxonomy":"post_tag","embeddable":true,"href":"https:\/\/www.radiolimari.cl\/index.php?rest_route=%2Fwp%2Fv2%2Ftags&post=11377"}],"curies":[{"name":"wp","href":"https:\/\/api.w.org\/{rel}","templated":true}]}}