{"id":11359,"date":"2024-05-23T21:22:37","date_gmt":"2024-05-23T21:22:37","guid":{"rendered":"https:\/\/www.radiolimari.cl\/?p=11359"},"modified":"2024-05-23T21:22:38","modified_gmt":"2024-05-23T21:22:38","slug":"delegado-presidencial-galo-luna-pone-acento-en-la-seguridad-y-escasez-hidrica-durante-su-cuenta-publica","status":"publish","type":"post","link":"https:\/\/www.radiolimari.cl\/?p=11359","title":{"rendered":"Delegado Presidencial Galo Luna pone acento en la seguridad y escasez h\u00eddrica durante su Cuenta P\u00fablica."},"content":{"rendered":"\n<figure class=\"wp-block-image size-full\"><a href=\"https:\/\/www.radiolimari.cl\/wp-content\/uploads\/2024\/05\/IMG-20240523-WA0046.jpg\"><img fetchpriority=\"high\" decoding=\"async\" width=\"1024\" height=\"683\" src=\"https:\/\/www.radiolimari.cl\/wp-content\/uploads\/2024\/05\/IMG-20240523-WA0046.jpg\" alt=\"\" class=\"wp-image-11360\" srcset=\"https:\/\/www.radiolimari.cl\/wp-content\/uploads\/2024\/05\/IMG-20240523-WA0046.jpg 1024w, https:\/\/www.radiolimari.cl\/wp-content\/uploads\/2024\/05\/IMG-20240523-WA0046-300x200.jpg 300w, https:\/\/www.radiolimari.cl\/wp-content\/uploads\/2024\/05\/IMG-20240523-WA0046-768x512.jpg 768w\" sizes=\"(max-width: 1024px) 100vw, 1024px\" \/><\/a><\/figure>\n\n\n\n<p><strong><em>La autoridad regional dio cuenta de la gesti\u00f3n correspondiente al a\u00f1o 2023, en la que destac\u00f3, por ejemplo, la renovaci\u00f3n del parque vehicular de Carabineros, la instalaci\u00f3n del OS7 para Limar\u00ed y Choapa, adem\u00e1s de las medidas de alivio tributario, la extensi\u00f3n del Plan Caprino Lechero y el anuncio de Plantas Desaladoras multiprop\u00f3sito, entre otros hitos.<\/em><\/strong><\/p>\n\n\n\n<p>Ante cerca de 200 personas, en el Centro Cultural Palace de Coquimbo, el Delegado Presidencial Regional, Galo Luna, expuso los diversos avances del Gobierno del Presidente Gabriel Boric en la zona.<\/p>\n\n\n\n<p>Rendici\u00f3n que tuvo tres ejes de desarrollo: Seguridad P\u00fablica, Crisis H\u00eddrica, y Reactivaci\u00f3n &nbsp;Econ\u00f3mica y Avances Sectoriales.<\/p>\n\n\n\n<p><strong>\u201cSin duda estamos enfrentando un contexto bien dif\u00edcil en la regi\u00f3n, tanto en materia de escasez h\u00eddrica y sobre todo tambi\u00e9n en seguridad. Esta cuenta se ha hecho cargo de esos dos temas que se han venido trabajando desde el a\u00f1o 2023 y que, por supuesto, seguimos proyectando para este 2024 sin descansar en todos los otros asuntos que hay que atender y tambi\u00e9n en el desarrollo de otras \u00e1reas que la ciudadan\u00eda tambi\u00e9n requiere\u201d, <\/strong>indic\u00f3 el Delegado Presidencial Galo Luna.<\/p>\n\n\n\n<p>En materia de seguridad, el Delegado hizo un repaso por el fortalecimiento a las polic\u00edas, refiri\u00e9ndose a la renovaci\u00f3n del parque vehicular de Carabineros con 89 nuevos m\u00f3viles, a la inversi\u00f3n de m\u00e1s de $150 millones para instalar el OS7 para Limar\u00ed y Choapa, la puesta en marcha del Plan Calles sin Violencia que, hasta la fecha, arroja una reducci\u00f3n de un 25% en la tasa de homicidios respeto al a\u00f1o pasado, los patrullajes mixtos en toda la regi\u00f3n y la Recuperaci\u00f3n de Espacios P\u00fablicos de Alto Valor Social, en La Serena.<\/p>\n\n\n\n<p>\u00c1mbito que se suma a la escasez h\u00eddrica como uno de los focos principales de la administraci\u00f3n de gobierno, en el que remarcaron diversos hitos como la extensi\u00f3n del Plan Caprino Lechero, las medidas de alivio tributario, el nuevo acuerdo para las veranadas 2024-2025, lo casi mil millones de pesos para apoyo de 5 mil productores y productoras agropecuarias, y el anuncio de una planta desaladora multiprop\u00f3sito.<\/p>\n\n\n\n<p>En esta l\u00ednea, el Delegado Presidencial Regional sostuvo que <strong>\u201cesto es uno de los principales anhelos, la licitaci\u00f3n y posterior construcci\u00f3n de una planta desaladora que le va a entregar seguridad h\u00eddrica a la Regi\u00f3n de Coquimbo y para eso nosotros estamos trabajando arduamente en conjunto con el Ministerio de Obras P\u00fablicas para lograr cumplir el compromiso que nos pidi\u00f3 el Presidente\u201d<\/strong>.<\/p>\n\n\n\n<p><strong>Desarrollo a los territorios._<\/strong><\/p>\n\n\n\n<p>El Comit\u00e9 de Seguimiento de Inversi\u00f3n P\u00fablica Regional asom\u00f3 como una de las principales instancias para impulsar el desarrollo sectorial. Son 116 proyectos priorizados, entre p\u00fablicos y privados, para dinamizar la econom\u00eda local, entre ellas las obras del nuevo Hospital de Coquimbo, el mejoramiento de la Ruta 5 entre Los Vilos y La Serena, y el mejoramiento de caletas rurales.<\/p>\n\n\n\n<p><strong>\u201cNombraron las caletas y van avanzando en proyectos nuevos. Distintas caletas con millones de pesos para el desarrollo para el futuro, para que la gente pueda trabajar tranquila\u201d<\/strong>, destac\u00f3 Susana Galleguillos, vecina de caleta Mineral Punta de Talca, de Ovalle.<\/p>\n\n\n\n<p>Parte de estos avances tambi\u00e9n contemplan la licitaci\u00f3n del nuevo Hospital Provincial de Illapel, la infraestructura de contingencia para el Liceo Eduardo Frei Montalva de Monte Patria y las 6.260 soluciones habitacionales entregadas en el marco del Plan de Emergencia Habitacional, obras que reflejan presencia importante del desarrollo en las comunas.<\/p>\n\n\n\n<p>Al respecto, el Alcalde de Coquimbo, Al\u00ed Manouchehri, sostuvo que <strong>\u201chemos tenido una coordinaci\u00f3n impecable en los \u00faltimos meses con respecto a lo que ha significado al plan de recuperaci\u00f3n de espacios p\u00fablicos con las polic\u00edas. La verdad que creo que la cuenta p\u00fablica abarca el trabajo que est\u00e1 realizando el Delegado Presidencial ac\u00e1, un trabajo serio, profesional, de mucho di\u00e1logo, de mucha conversaci\u00f3n y de acci\u00f3n que es lo que la gente va queriendo en sus territorios\u201d<\/strong>.<\/p>\n\n\n\n<p>Mientras que Jonathan Acu\u00f1a, Alcalde de Ovalle, agreg\u00f3 que <strong>\u201cha sido una robusta cuenta p\u00fablica. El Delegado ha dado se\u00f1al clara de la colaboraci\u00f3n que existe con los municipios. Tenemos nosotros una vinculaci\u00f3n que nos ha dado bastante resultado en materia de seguridad y con los patrullajes mixtos y desaf\u00edos grandes en cuanto a la sequ\u00eda. Temas por los que hemos recibido m\u00faltiples apoyos\u201d<\/strong>.<\/p>\n\n\n\n<p>Por su parte, consultado el Consejero Regional, Javier Vega, \u00e9ste acot\u00f3 que <strong>\u201clo que se ha manifestado de impulsar grandes proyectos como las desaladoras, o buscar otras alternativas que nos puedan dar la seguridad h\u00eddrica, creo que es el norte donde tiene que apuntar el Gobierno, y nosotros como Consejo Regional aportaremos de los recursos de emergencia\u201d<\/strong>.<\/p>\n\n\n\n<p>Entre otros hitos de la Cuenta P\u00fablica, fueron mencionados: el Plan de Reactivaci\u00f3n Educativa, el que ha destinado m\u00e1s de $2.600 millones en 33 establecimientos; la infraestructura escolar deportiva en colegios p\u00fablicos de Coquimbo, R\u00edo Hurtado y Paihuano; la asignaci\u00f3n de recursos provenientes del Royalty a la miner\u00eda; el avance del proceso para contar con 42 buses el\u00e9ctricos para la conurbaci\u00f3n La Serena-Coquimbo y 35 para Ovalle; las 5.510 personas inscritas en el Sistema Nacional de Cuidados; las obras de mejoramiento t\u00e9rmico y eficiencia energ\u00e9tica en Vicu\u00f1a, Combarbal\u00e1, Canela e Illapel en el marco del Programa Mejor Escuela del Ministerio de Energ\u00eda, y la Agenda de G\u00e9nero, con la que se ha avanzado en autonom\u00eda de mujeres en zonas rezagadas, participaci\u00f3n pol\u00edtica y social, y fortalecimiento a emprendedoras.<\/p>\n","protected":false},"excerpt":{"rendered":"<p>La autoridad regional dio cuenta de la gesti\u00f3n correspondiente al a\u00f1o 2023, en la que destac\u00f3, por ejemplo, la renovaci\u00f3n del parque vehicular de Carabineros, la instalaci\u00f3n del OS7 para Limar\u00ed y Choapa, adem\u00e1s de las medidas de alivio tributario, la extensi\u00f3n del Plan Caprino Lechero y el anuncio de Plantas Desaladoras multiprop\u00f3sito, entre otros &#8230;<\/p>\n","protected":false},"author":2,"featured_media":11360,"comment_status":"open","ping_status":"open","sticky":false,"template":"","format":"standard","meta":{"footnotes":""},"categories":[6],"tags":[],"class_list":["post-11359","post","type-post","status-publish","format-standard","has-post-thumbnail","hentry","category-regionales"],"_links":{"self":[{"href":"https:\/\/www.radiolimari.cl\/index.php?rest_route=\/wp\/v2\/posts\/11359","targetHints":{"allow":["GET"]}}],"collection":[{"href":"https:\/\/www.radiolimari.cl\/index.php?rest_route=\/wp\/v2\/posts"}],"about":[{"href":"https:\/\/www.radiolimari.cl\/index.php?rest_route=\/wp\/v2\/types\/post"}],"author":[{"embeddable":true,"href":"https:\/\/www.radiolimari.cl\/index.php?rest_route=\/wp\/v2\/users\/2"}],"replies":[{"embeddable":true,"href":"https:\/\/www.radiolimari.cl\/index.php?rest_route=%2Fwp%2Fv2%2Fcomments&post=11359"}],"version-history":[{"count":1,"href":"https:\/\/www.radiolimari.cl\/index.php?rest_route=\/wp\/v2\/posts\/11359\/revisions"}],"predecessor-version":[{"id":11361,"href":"https:\/\/www.radiolimari.cl\/index.php?rest_route=\/wp\/v2\/posts\/11359\/revisions\/11361"}],"wp:featuredmedia":[{"embeddable":true,"href":"https:\/\/www.radiolimari.cl\/index.php?rest_route=\/wp\/v2\/media\/11360"}],"wp:attachment":[{"href":"https:\/\/www.radiolimari.cl\/index.php?rest_route=%2Fwp%2Fv2%2Fmedia&parent=11359"}],"wp:term":[{"taxonomy":"category","embeddable":true,"href":"https:\/\/www.radiolimari.cl\/index.php?rest_route=%2Fwp%2Fv2%2Fcategories&post=11359"},{"taxonomy":"post_tag","embeddable":true,"href":"https:\/\/www.radiolimari.cl\/index.php?rest_route=%2Fwp%2Fv2%2Ftags&post=11359"}],"curies":[{"name":"wp","href":"https:\/\/api.w.org\/{rel}","templated":true}]}}