{"id":11353,"date":"2024-05-22T16:43:58","date_gmt":"2024-05-22T16:43:58","guid":{"rendered":"https:\/\/www.radiolimari.cl\/?p=11353"},"modified":"2024-05-22T16:43:59","modified_gmt":"2024-05-22T16:43:59","slug":"con-un-acento-en-tematicas-que-destaquen-la-identidad-local-el-museo-del-limari-conmemorara-una-jornada-mas-del-dia-de-los-patrimonios","status":"publish","type":"post","link":"https:\/\/www.radiolimari.cl\/?p=11353","title":{"rendered":"Con un acento en tem\u00e1ticas que destaquen la identidad local, el Museo del Limar\u00ed conmemorar\u00e1 una jornada m\u00e1s del D\u00eda de los Patrimonios."},"content":{"rendered":"\n<figure class=\"wp-block-image size-large\"><a href=\"https:\/\/www.radiolimari.cl\/wp-content\/uploads\/2024\/05\/Post-Museo-1.png\"><img fetchpriority=\"high\" decoding=\"async\" width=\"1024\" height=\"1024\" src=\"https:\/\/www.radiolimari.cl\/wp-content\/uploads\/2024\/05\/Post-Museo-1-1024x1024.png\" alt=\"\" class=\"wp-image-11354\" srcset=\"https:\/\/www.radiolimari.cl\/wp-content\/uploads\/2024\/05\/Post-Museo-1-1024x1024.png 1024w, https:\/\/www.radiolimari.cl\/wp-content\/uploads\/2024\/05\/Post-Museo-1-300x300.png 300w, https:\/\/www.radiolimari.cl\/wp-content\/uploads\/2024\/05\/Post-Museo-1-150x150.png 150w, https:\/\/www.radiolimari.cl\/wp-content\/uploads\/2024\/05\/Post-Museo-1-768x768.png 768w, https:\/\/www.radiolimari.cl\/wp-content\/uploads\/2024\/05\/Post-Museo-1-70x70.png 70w, https:\/\/www.radiolimari.cl\/wp-content\/uploads\/2024\/05\/Post-Museo-1.png 1080w\" sizes=\"(max-width: 1024px) 100vw, 1024px\" \/><\/a><\/figure>\n\n\n\n<p>La actividad de 2024 se desarrollar\u00e1 los d\u00edas s\u00e1bado 25 y domingo 26 de mayo y se centrar\u00e1 en el patrimonio inmaterial, industrial y arqueol\u00f3gico de la provincia del Limar\u00ed. Es as\u00ed como el programa dispuesto para la comunidad que visite el recinto podr\u00e1 disfrutar con el arribo de un tren a escala que recorrer\u00e1 el frontis del Centro Cultural Guillermo Durruty recordando su pasado como estaci\u00f3n de ferrocarriles. M\u00e1quina que adem\u00e1s pasear\u00e1 a adultos, ni\u00f1os y ni\u00f1as por el pasado reciente de la comuna.<\/p>\n\n\n\n<p>Otra de las actividades que estar\u00e1n disponibles en especial para ni\u00f1os y ni\u00f1as es la presentaci\u00f3n de la compa\u00f1\u00eda de teatro \u201cOjos de agua\u201d que dar\u00e1 vida a la obra de t\u00edteres, \u201cLa Fortuna del valle seco\u201d que aborda tem\u00e1ticas vinculadas a la protecci\u00f3n del agua y la cultura Diaguita de una manera l\u00fadica y entretenida.<\/p>\n\n\n\n<p>La m\u00fasica igualmente estar\u00e1 presente en esta nueva edici\u00f3n del D\u00eda de los Patrimonios con la presencia del Orfe\u00f3n Municipal de Ovalle, que es heredero de la antigua agrupaci\u00f3n musical del gremio ferrocarrilero en nuestra ciudad y que acompa\u00f1ar\u00e1 con sus interpretaciones a quienes visiten el museo.<\/p>\n\n\n\n<p>Una de las novedades para este a\u00f1o es el concurso de cueca que organiza el museo con las diversas agrupaciones que cultivan la danza nacional en nuestra ciudad. Este certamen llamado \u201cCuecat\u00f3n\u201d busca reconocer a las parejas que mejor interpreten el baile t\u00edpico chileno en el frontis del recinto cultural.<\/p>\n\n\n\n<p>Marco Sandoval, director del Museo del Limar\u00ed, explic\u00f3 la relevancia de esta jornada del D\u00eda de los Patrimonios en el recinto y las tem\u00e1ticas escogidas para presentar a la comunidad.<\/p>\n\n\n\n<p>\u201cPara este a\u00f1o hemos hecho un \u00e9nfasis en destacar algunos de los diversos patrimonios presentes localmente y que ser\u00e1n relevados durante estos dos d\u00edas. Tambi\u00e9n invitarlos a visitar la muestra temporal Talento especial y por supuesto, recorrer la muestra permanente del museo. Finalmente poner en valor la presencia de diversas personas y comunidades que nos entregan una parte importante de sus esfuerzos por relevar nuestros patrimonios, as\u00ed que quedan todas y todos invitados en una actividad ciudadana y gratuita\u201d.&nbsp;<\/p>\n\n\n\n<p>El Museo del Limar\u00ed agradece a quienes colaborar\u00e1n en estas jornadas del D\u00eda de los Patrimonios: Agrupaciones de Cuequeras\/os del Limar\u00ed, Asociaci\u00f3n Ind\u00edgena Antakari Manta, Biblioteca Municipal V\u00edctor Domingo Silva, Compa\u00f1\u00eda T\u00edteres Ojos de Agua, Escuela Especial Despertares, Orfe\u00f3n Municipal de Ovalle, Proyecto \u201cEmprende Patrimonios\u201d del Museo de Arte Escult\u00f3rico Itinerante Impreso en 3D, Tren a Escala-Chile y Wilson Cepeda Navarro, artesano.<\/p>\n\n\n\n<p>PROGRAMACI\u00d3N<\/p>\n\n\n\n<p>S\u00e1bado 25 de mayo:<\/p>\n\n\n\n<p>10 a 17:00 hrs. &nbsp;&nbsp;&nbsp;&nbsp;&nbsp;&nbsp;&nbsp;&nbsp;&nbsp;&nbsp; Tren del recuerdo (tren a escala)<\/p>\n\n\n\n<p>11:00 hrs. &nbsp;&nbsp;&nbsp;&nbsp;&nbsp;&nbsp; &nbsp;&nbsp;&nbsp;&nbsp;&nbsp;&nbsp;&nbsp;&nbsp;&nbsp;&nbsp;&nbsp; Show de t\u00edteres&nbsp; Compa\u00f1\u00eda de teatro \u201cOjos de agua\u201d<\/p>\n\n\n\n<p>15:00 hrs.&nbsp;&nbsp;&nbsp;&nbsp;&nbsp;&nbsp;&nbsp; &nbsp;&nbsp;&nbsp;&nbsp;&nbsp; &nbsp;&nbsp;&nbsp;&nbsp;&nbsp;&nbsp;Cuecat\u00f3n del Limar\u00ed: competencia de cueca&nbsp;<\/p>\n\n\n\n<p>Domingo 26 de mayo:<\/p>\n\n\n\n<p>11:00 hrs.&nbsp;&nbsp;&nbsp;&nbsp;&nbsp;&nbsp;&nbsp;&nbsp;&nbsp;&nbsp;&nbsp;&nbsp;&nbsp;&nbsp;&nbsp;&nbsp;&nbsp;&nbsp;&nbsp; Show de t\u00edteres Compa\u00f1\u00eda de teatro \u201cOjos de agua\u201d<\/p>\n\n\n\n<p>12:00 hrs.&nbsp;&nbsp;&nbsp;&nbsp;&nbsp;&nbsp;&nbsp;&nbsp;&nbsp;&nbsp;&nbsp;&nbsp;&nbsp;&nbsp;&nbsp;&nbsp;&nbsp;&nbsp;&nbsp; Orfe\u00f3n municipal<\/p>\n","protected":false},"excerpt":{"rendered":"<p>La actividad de 2024 se desarrollar\u00e1 los d\u00edas s\u00e1bado 25 y domingo 26 de mayo y se centrar\u00e1 en el patrimonio inmaterial, industrial y arqueol\u00f3gico de la provincia del Limar\u00ed. Es as\u00ed como el programa dispuesto para la comunidad que visite el recinto podr\u00e1 disfrutar con el arribo de un tren a escala que recorrer\u00e1 &#8230;<\/p>\n","protected":false},"author":2,"featured_media":11354,"comment_status":"open","ping_status":"open","sticky":false,"template":"","format":"standard","meta":{"footnotes":""},"categories":[3],"tags":[],"class_list":["post-11353","post","type-post","status-publish","format-standard","has-post-thumbnail","hentry","category-actualidad"],"_links":{"self":[{"href":"https:\/\/www.radiolimari.cl\/index.php?rest_route=\/wp\/v2\/posts\/11353","targetHints":{"allow":["GET"]}}],"collection":[{"href":"https:\/\/www.radiolimari.cl\/index.php?rest_route=\/wp\/v2\/posts"}],"about":[{"href":"https:\/\/www.radiolimari.cl\/index.php?rest_route=\/wp\/v2\/types\/post"}],"author":[{"embeddable":true,"href":"https:\/\/www.radiolimari.cl\/index.php?rest_route=\/wp\/v2\/users\/2"}],"replies":[{"embeddable":true,"href":"https:\/\/www.radiolimari.cl\/index.php?rest_route=%2Fwp%2Fv2%2Fcomments&post=11353"}],"version-history":[{"count":1,"href":"https:\/\/www.radiolimari.cl\/index.php?rest_route=\/wp\/v2\/posts\/11353\/revisions"}],"predecessor-version":[{"id":11355,"href":"https:\/\/www.radiolimari.cl\/index.php?rest_route=\/wp\/v2\/posts\/11353\/revisions\/11355"}],"wp:featuredmedia":[{"embeddable":true,"href":"https:\/\/www.radiolimari.cl\/index.php?rest_route=\/wp\/v2\/media\/11354"}],"wp:attachment":[{"href":"https:\/\/www.radiolimari.cl\/index.php?rest_route=%2Fwp%2Fv2%2Fmedia&parent=11353"}],"wp:term":[{"taxonomy":"category","embeddable":true,"href":"https:\/\/www.radiolimari.cl\/index.php?rest_route=%2Fwp%2Fv2%2Fcategories&post=11353"},{"taxonomy":"post_tag","embeddable":true,"href":"https:\/\/www.radiolimari.cl\/index.php?rest_route=%2Fwp%2Fv2%2Ftags&post=11353"}],"curies":[{"name":"wp","href":"https:\/\/api.w.org\/{rel}","templated":true}]}}