{"id":11350,"date":"2024-05-22T12:01:04","date_gmt":"2024-05-22T12:01:04","guid":{"rendered":"https:\/\/www.radiolimari.cl\/?p=11350"},"modified":"2024-05-22T12:01:05","modified_gmt":"2024-05-22T12:01:05","slug":"la-comuna-de-monte-patria-recibe-su-sello-de-distincion-de-municipalidad-turistica-por-su-destacado-compromiso-en-el-desarrollo-del-rubro","status":"publish","type":"post","link":"https:\/\/www.radiolimari.cl\/?p=11350","title":{"rendered":"La comuna de Monte Patria recibe su Sello de Distinci\u00f3n de Municipalidad Tur\u00edstica por su destacado compromiso en el desarrollo del rubro."},"content":{"rendered":"\n<figure class=\"wp-block-image size-large\"><a href=\"https:\/\/www.radiolimari.cl\/wp-content\/uploads\/2024\/05\/WhatsApp-Image-2024-05-20-at-1.04.20-PM.jpeg\"><img fetchpriority=\"high\" decoding=\"async\" width=\"1024\" height=\"768\" src=\"https:\/\/www.radiolimari.cl\/wp-content\/uploads\/2024\/05\/WhatsApp-Image-2024-05-20-at-1.04.20-PM-1024x768.jpeg\" alt=\"\" class=\"wp-image-11351\" srcset=\"https:\/\/www.radiolimari.cl\/wp-content\/uploads\/2024\/05\/WhatsApp-Image-2024-05-20-at-1.04.20-PM-1024x768.jpeg 1024w, https:\/\/www.radiolimari.cl\/wp-content\/uploads\/2024\/05\/WhatsApp-Image-2024-05-20-at-1.04.20-PM-300x225.jpeg 300w, https:\/\/www.radiolimari.cl\/wp-content\/uploads\/2024\/05\/WhatsApp-Image-2024-05-20-at-1.04.20-PM-768x576.jpeg 768w, https:\/\/www.radiolimari.cl\/wp-content\/uploads\/2024\/05\/WhatsApp-Image-2024-05-20-at-1.04.20-PM-1536x1152.jpeg 1536w, https:\/\/www.radiolimari.cl\/wp-content\/uploads\/2024\/05\/WhatsApp-Image-2024-05-20-at-1.04.20-PM.jpeg 1600w\" sizes=\"(max-width: 1024px) 100vw, 1024px\" \/><\/a><\/figure>\n\n\n\n<p><strong><em>En la regi\u00f3n de Arica y Parinacota se llev\u00f3 a cabo el cuarto Congreso Nacional de Municipalidades Tur\u00edsticas, evento organizado por el Servicio Nacional de Turismo (Sernatur) y la Municipalidad de Arica.<\/em><\/strong><\/p>\n\n\n\n<p>En la instancia en municipio de la tierra de valles generosos, tras un largo proceso de trabajo, logr\u00f3 recibir el sello, sum\u00e1ndose a otros 15 municipios del pa\u00eds que fueron destacados por su compromiso con el desarrollo tur\u00edstico local, pasando as\u00ed a formar parte del selecto grupo de Municipalidades con Distinci\u00f3n Tur\u00edstica.<\/p>\n\n\n\n<p>Cabe destacar que a nivel nacional s\u00f3lo 50 comunas de Chile cuentan con esta distinci\u00f3n y en la regi\u00f3n de Coquimbo, nuestra comuna es la \u00fanica que durante este presente a\u00f1o recibi\u00f3 este particular sello, sum\u00e1ndose a las comunas de La Serena y Vicu\u00f1a que ya contaban con el reconocimiento.<\/p>\n\n\n\n<p>Esta distinci\u00f3n premia la excelencia en la gesti\u00f3n tur\u00edstica, aumenta la asociatividad entre el municipio y empresarios tur\u00edsticos, permite tener apoyo t\u00e9cnico permanente de SERNATUR y fortalecer la unidad de Turismo Municipal, adem\u00e1s de elevar las competencias y capacidades de gesti\u00f3n de destinos tur\u00edsticos.<\/p>\n\n\n\n<p>En este contexto con orgullo y anhelo, Cristian Herrera Pe\u00f1a, edil de la comuna de Monte Patria, asisti\u00f3 a recibir este reconocimiento y se mostr\u00f3 muy alegre y satisfecho tras la entrega de este reconocimiento, <strong><em>\u201cSernatur nos ha entregado el Sello de Distinci\u00f3n tur\u00edstica, como comuna tur\u00edstica, reconoci\u00e9ndonos debido al trabajo que se ha ido realizando a trav\u00e9s de nuestra Unidad de Fomento y nuestra oficina de turismo, lo que ha permitido poder llegar a obtener este sello, que adem\u00e1s nos entrega el camino y la ruta para poder ir fortaleciendo cada d\u00eda m\u00e1s nuestra comuna como tur\u00edstica. Esto es algo que esta administraci\u00f3n comprometi\u00f3, ya que no podemos depender absolutamente de la agricultura como hoy en d\u00eda, m\u00e1s a\u00fan con la situaci\u00f3n h\u00eddrica que tenemos. Este reconocimiento nos permite se\u00f1alar la importancia del trabajo que hemos ido realizando mediante nuestros equipos municipales y principalmente con la comunidad, con los emprendedores y empresarios tur\u00edsticos. Hoy con este sello, Sernatur y el Estado nos empiezan a acompa\u00f1ar en este nuevo rol y labor, con finalidad de poder apalancar m\u00e1s recursos que nos permitan generar acciones en post del turismo, la meta es seguir trabajando para de aqu\u00ed al a\u00f1o 2030 ser un destino tur\u00edstico consolidado a nivel pa\u00eds\u201d, <\/em><\/strong><em>cerr\u00f3.<\/em><\/p>\n\n\n\n<p>Por su parte, Crist\u00f3bal Benites, Director Nacional de Sernatur, entreg\u00f3 su reconocimiento y felicitaciones a todo el equipo de la Municipalidad de Monte Patria que trabaj\u00f3 en obtener la distinci\u00f3n de municipio tur\u00edstico, <strong><em>\u201cEs un reconocimiento al trabajo y a la organizaci\u00f3n para tener una planificaci\u00f3n integrada, donde &nbsp;&nbsp;todos los actores que est\u00e1n vinculados al desarrollo tur\u00edstico trabajen en conjunto. <\/em><\/strong>Adem\u00e1s, la m\u00e1xima autoridad del Servicio Nacional de turismo se\u00f1al\u00f3 que esta distinci\u00f3n es un desaf\u00edo,<strong><em> \u201cEs un importante reconocimiento al trabajo, pero a la vez un desaf\u00edo ya que implica un camino de trabajo hacia adelante para seguir fortaleciendo el turismo regional, ya que fue la \u00fanica comuna de la regi\u00f3n de Coquimbo que este a\u00f1o obtuvo la distinci\u00f3n. M\u00e1s que un reconocimiento es un compromiso de trabajo donde se incorpora la visi\u00f3n en conjunto, de hacia d\u00f3nde queremos ir y sobre c\u00f3mo se organiza el trabajo internamente a trav\u00e9s de este comit\u00e9 t\u00e9cnico, donde todos los actores del municipio que son estrat\u00e9gicos para el desarrollo tur\u00edstico. Como servicio les acompa\u00f1aremos en este proceso para que sigan fortaleciendo sus capacidades de gesti\u00f3n tur\u00edstica local\u201d,<\/em><\/strong> se\u00f1alo.<\/p>\n\n\n\n<p>Adem\u00e1s, el cuarto Congreso Nacional de Municipalidades Tur\u00edsticas durante sus dos jornadas, permiti\u00f3 a los asistentes y representantes de los municipios reconocidos, participar de un espacio de encuentro y di\u00e1logo entre los distintos actores del turismo nacional, con el fin de compartir experiencias y buenas pr\u00e1cticas. En esta versi\u00f3n, el programa incluye conferencias, exposiciones y talleres que abordar\u00e1n tem\u00e1ticas como la gesti\u00f3n del destino, la promoci\u00f3n tur\u00edstica, el desarrollo de productos y servicios tur\u00edsticos, y la sustentabilidad.<\/p>\n","protected":false},"excerpt":{"rendered":"<p>En la regi\u00f3n de Arica y Parinacota se llev\u00f3 a cabo el cuarto Congreso Nacional de Municipalidades Tur\u00edsticas, evento organizado por el Servicio Nacional de Turismo (Sernatur) y la Municipalidad de Arica. En la instancia en municipio de la tierra de valles generosos, tras un largo proceso de trabajo, logr\u00f3 recibir el sello, sum\u00e1ndose a &#8230;<\/p>\n","protected":false},"author":2,"featured_media":11351,"comment_status":"open","ping_status":"open","sticky":false,"template":"","format":"standard","meta":{"footnotes":""},"categories":[5],"tags":[],"class_list":["post-11350","post","type-post","status-publish","format-standard","has-post-thumbnail","hentry","category-actualidad-limarina"],"_links":{"self":[{"href":"https:\/\/www.radiolimari.cl\/index.php?rest_route=\/wp\/v2\/posts\/11350","targetHints":{"allow":["GET"]}}],"collection":[{"href":"https:\/\/www.radiolimari.cl\/index.php?rest_route=\/wp\/v2\/posts"}],"about":[{"href":"https:\/\/www.radiolimari.cl\/index.php?rest_route=\/wp\/v2\/types\/post"}],"author":[{"embeddable":true,"href":"https:\/\/www.radiolimari.cl\/index.php?rest_route=\/wp\/v2\/users\/2"}],"replies":[{"embeddable":true,"href":"https:\/\/www.radiolimari.cl\/index.php?rest_route=%2Fwp%2Fv2%2Fcomments&post=11350"}],"version-history":[{"count":1,"href":"https:\/\/www.radiolimari.cl\/index.php?rest_route=\/wp\/v2\/posts\/11350\/revisions"}],"predecessor-version":[{"id":11352,"href":"https:\/\/www.radiolimari.cl\/index.php?rest_route=\/wp\/v2\/posts\/11350\/revisions\/11352"}],"wp:featuredmedia":[{"embeddable":true,"href":"https:\/\/www.radiolimari.cl\/index.php?rest_route=\/wp\/v2\/media\/11351"}],"wp:attachment":[{"href":"https:\/\/www.radiolimari.cl\/index.php?rest_route=%2Fwp%2Fv2%2Fmedia&parent=11350"}],"wp:term":[{"taxonomy":"category","embeddable":true,"href":"https:\/\/www.radiolimari.cl\/index.php?rest_route=%2Fwp%2Fv2%2Fcategories&post=11350"},{"taxonomy":"post_tag","embeddable":true,"href":"https:\/\/www.radiolimari.cl\/index.php?rest_route=%2Fwp%2Fv2%2Ftags&post=11350"}],"curies":[{"name":"wp","href":"https:\/\/api.w.org\/{rel}","templated":true}]}}