{"id":11344,"date":"2024-05-20T19:06:26","date_gmt":"2024-05-20T19:06:26","guid":{"rendered":"https:\/\/www.radiolimari.cl\/?p=11344"},"modified":"2024-05-20T19:06:27","modified_gmt":"2024-05-20T19:06:27","slug":"aguas-del-valle-activa-plan-de-contingencia-por-anuncio-de-sistema-frontal-en-la-region","status":"publish","type":"post","link":"https:\/\/www.radiolimari.cl\/?p=11344","title":{"rendered":"Aguas del Valle activa plan de contingencia por anuncio de sistema frontal en la regi\u00f3n."},"content":{"rendered":"\n<figure class=\"wp-block-image size-full\"><a href=\"https:\/\/www.radiolimari.cl\/wp-content\/uploads\/2024\/05\/aguas-del-valle-02.jpg\"><img fetchpriority=\"high\" decoding=\"async\" width=\"1024\" height=\"662\" src=\"https:\/\/www.radiolimari.cl\/wp-content\/uploads\/2024\/05\/aguas-del-valle-02.jpg\" alt=\"\" class=\"wp-image-11345\" srcset=\"https:\/\/www.radiolimari.cl\/wp-content\/uploads\/2024\/05\/aguas-del-valle-02.jpg 1024w, https:\/\/www.radiolimari.cl\/wp-content\/uploads\/2024\/05\/aguas-del-valle-02-300x194.jpg 300w, https:\/\/www.radiolimari.cl\/wp-content\/uploads\/2024\/05\/aguas-del-valle-02-768x497.jpg 768w\" sizes=\"(max-width: 1024px) 100vw, 1024px\" \/><\/a><\/figure>\n\n\n\n<p>La sanitaria record\u00f3 la importancia del buen uso de la red de alcantarillado para prevenir colapsos en el sistema.<\/p>\n\n\n\n<p>El gerente regional de Aguas del Valle, Andr\u00e9s Nazer, inform\u00f3 que la sanitaria activ\u00f3 sus protocolos de acci\u00f3n ante el anuncio de un nuevo sistema frontal para la zona, que se extender\u00eda desde este lunes hasta el mi\u00e9rcoles 22 de mayo.<\/p>\n\n\n\n<p>\u201cRevisamos los sistemas de respaldo el\u00e9ctrico y monitoreamos el comportamiento de las fuentes superficiales para detectar posibles cambios en la turbiedad de los r\u00edos y fuentes de agua. Adem\u00e1s, reforzamos el mantenimiento de la red de colectores en puntos cr\u00edticos\u201d, explic\u00f3 el ejecutivo.<\/p>\n\n\n\n<p>Nazer afirm\u00f3 que este frente \u201ces muy bienvenido, pues esperamos que nos ayude a aliviar en parte la cr\u00edtica situaci\u00f3n h\u00eddrica que vive nuestra regi\u00f3n, ayudando a la recarga de embalses y acumulaci\u00f3n de nieve en la cordillera\u201d.<\/p>\n\n\n\n<p>La sanitaria llam\u00f3 a la comunidad a hacer un buen uso de los sistemas de recolecci\u00f3n de aguas servidas, evitando abrir tapas de c\u00e1maras, arrojar elementos indebidos a la red o conectar los ductos de evacuaci\u00f3n de aguas lluvias al alcantarillado, ya que esto puede ocasionar obstrucciones o afloramientos tanto en la v\u00eda p\u00fablica, como al interior de los propios hogares.<\/p>\n\n\n\n<p>Aguas del Valle record\u00f3 que el fono clientes 600 400 4444 se encuentra habilitado las 24 horas del d\u00eda para que los clientes puedan informar emergencias relacionadas con el servicio de agua potable y aguas servidas. Tambi\u00e9n podr\u00e1n comunicarse a trav\u00e9s de la cuenta de X @aguasdelvalle.<\/p>\n","protected":false},"excerpt":{"rendered":"<p>La sanitaria record\u00f3 la importancia del buen uso de la red de alcantarillado para prevenir colapsos en el sistema. El gerente regional de Aguas del Valle, Andr\u00e9s Nazer, inform\u00f3 que la sanitaria activ\u00f3 sus protocolos de acci\u00f3n ante el anuncio de un nuevo sistema frontal para la zona, que se extender\u00eda desde este lunes hasta &#8230;<\/p>\n","protected":false},"author":2,"featured_media":11345,"comment_status":"open","ping_status":"open","sticky":false,"template":"","format":"standard","meta":{"footnotes":""},"categories":[3],"tags":[],"class_list":["post-11344","post","type-post","status-publish","format-standard","has-post-thumbnail","hentry","category-actualidad"],"_links":{"self":[{"href":"https:\/\/www.radiolimari.cl\/index.php?rest_route=\/wp\/v2\/posts\/11344","targetHints":{"allow":["GET"]}}],"collection":[{"href":"https:\/\/www.radiolimari.cl\/index.php?rest_route=\/wp\/v2\/posts"}],"about":[{"href":"https:\/\/www.radiolimari.cl\/index.php?rest_route=\/wp\/v2\/types\/post"}],"author":[{"embeddable":true,"href":"https:\/\/www.radiolimari.cl\/index.php?rest_route=\/wp\/v2\/users\/2"}],"replies":[{"embeddable":true,"href":"https:\/\/www.radiolimari.cl\/index.php?rest_route=%2Fwp%2Fv2%2Fcomments&post=11344"}],"version-history":[{"count":1,"href":"https:\/\/www.radiolimari.cl\/index.php?rest_route=\/wp\/v2\/posts\/11344\/revisions"}],"predecessor-version":[{"id":11346,"href":"https:\/\/www.radiolimari.cl\/index.php?rest_route=\/wp\/v2\/posts\/11344\/revisions\/11346"}],"wp:featuredmedia":[{"embeddable":true,"href":"https:\/\/www.radiolimari.cl\/index.php?rest_route=\/wp\/v2\/media\/11345"}],"wp:attachment":[{"href":"https:\/\/www.radiolimari.cl\/index.php?rest_route=%2Fwp%2Fv2%2Fmedia&parent=11344"}],"wp:term":[{"taxonomy":"category","embeddable":true,"href":"https:\/\/www.radiolimari.cl\/index.php?rest_route=%2Fwp%2Fv2%2Fcategories&post=11344"},{"taxonomy":"post_tag","embeddable":true,"href":"https:\/\/www.radiolimari.cl\/index.php?rest_route=%2Fwp%2Fv2%2Ftags&post=11344"}],"curies":[{"name":"wp","href":"https:\/\/api.w.org\/{rel}","templated":true}]}}