{"id":11334,"date":"2024-05-20T17:54:31","date_gmt":"2024-05-20T17:54:31","guid":{"rendered":"https:\/\/www.radiolimari.cl\/?p=11334"},"modified":"2024-05-20T17:54:32","modified_gmt":"2024-05-20T17:54:32","slug":"con-exito-se-realizo-la-fiesta-del-mar-2024-en-caleta-talcaruca-de-la-comuna-de-ovalle","status":"publish","type":"post","link":"https:\/\/www.radiolimari.cl\/?p=11334","title":{"rendered":"Con \u00e9xito se realiz\u00f3 la Fiesta del Mar 2024 en Caleta Talcaruca de la comuna de Ovalle."},"content":{"rendered":"\n<figure class=\"wp-block-image size-large\"><a href=\"https:\/\/www.radiolimari.cl\/wp-content\/uploads\/2024\/05\/Ana-Castillo-ganadora-del-concurso-gastronomico-scaled.jpg\"><img fetchpriority=\"high\" decoding=\"async\" width=\"1024\" height=\"683\" src=\"https:\/\/www.radiolimari.cl\/wp-content\/uploads\/2024\/05\/Ana-Castillo-ganadora-del-concurso-gastronomico-1024x683.jpg\" alt=\"\" class=\"wp-image-11335\" srcset=\"https:\/\/www.radiolimari.cl\/wp-content\/uploads\/2024\/05\/Ana-Castillo-ganadora-del-concurso-gastronomico-1024x683.jpg 1024w, https:\/\/www.radiolimari.cl\/wp-content\/uploads\/2024\/05\/Ana-Castillo-ganadora-del-concurso-gastronomico-300x200.jpg 300w, https:\/\/www.radiolimari.cl\/wp-content\/uploads\/2024\/05\/Ana-Castillo-ganadora-del-concurso-gastronomico-768x512.jpg 768w, https:\/\/www.radiolimari.cl\/wp-content\/uploads\/2024\/05\/Ana-Castillo-ganadora-del-concurso-gastronomico-1536x1024.jpg 1536w, https:\/\/www.radiolimari.cl\/wp-content\/uploads\/2024\/05\/Ana-Castillo-ganadora-del-concurso-gastronomico-2048x1365.jpg 2048w\" sizes=\"(max-width: 1024px) 100vw, 1024px\" \/><\/a><\/figure>\n\n\n\n<p><strong><em>Diversas preparaciones con productos del mar, un concurso gastron\u00f3mico, competencia de candidatas y actividades deportivas marcaron esta actividad que congreg\u00f3 a las caletas del sector costero de Ovalle y que tuvo gran afluencia de p\u00fablico. La jornada concluy\u00f3 con un gran baile junto a los grupos \u00c9chale Cumpa, Koky y su Banda Tropical Ranchera y la Banda Perfecta Okaci\u00f3n Ranchera.<\/em><\/strong><\/p>\n\n\n\n<p>Las caletas de la comuna de Ovalle se reunieron y dieron vida a una nueva versi\u00f3n de la Fiesta del Mar. En esta ocasi\u00f3n, la festividad organizada por el municipio de Ovalle, a trav\u00e9s de las Direcci\u00f3n de Desarrollo Comunitario, se realiz\u00f3 en Caleta Talcaruca, donde el principal objetivo fue dar a conocer la labor del sector costero y exponer la amplia variedad de preparaciones que existe, en cuanto a la gastronom\u00eda con productos del mar, que fueron disfrutadas por el p\u00fablico asistente.<\/p>\n\n\n\n<p>El alcalde Jonathan Acu\u00f1a sostuvo que \u201ca\u00f1o tras a\u00f1o se busca destacar las tradiciones del sector costero a trav\u00e9s de la Fiesta del Mar y creo que es necesario generar estos polos tur\u00edsticos y econ\u00f3micos porque damos a conocer nuestras caletas pesqueras, que claramente se pueden convertir en un destino para los visitantes de la regi\u00f3n y del pa\u00eds. Adem\u00e1s, esto permite que los integrantes de cada una de estas zonas compartan en torno a actividades recreativas y deportivas\u201d.<\/p>\n\n\n\n<p>Durante la jornada, se desarroll\u00f3 un concurso gastron\u00f3mico, en donde las representantes de las caletas se lucieron con sus platos. El cuarto lugar fue para Caleta El Toro que present\u00f3 un \u201cChup\u00e9 de locos\u201d. El tercer puesto se lo llev\u00f3 la Carbonada de Mariscos de Caleta El Sauce y el segundo lugar se lo adjudic\u00f3 Caleta Sierra con su Sopa de Mariscos. La gran ganadora del certamen fue Ana Castillo, representante de Caleta Talcaruca con su \u201cVieja Anaranjada\u201d. \u201cEstoy muy contenta de haber ganado, porque es una meta alcanzada y que me sirve porque yo inici\u00e9 un emprendimiento, as\u00ed es que feliz de haber obtenido el primer lugar con mi plato\u201d indic\u00f3 la ganadora del concurso\u201d.<\/p>\n\n\n\n<p>Hubo diversas presentaciones art\u00edsticas, entre ellas, la participaci\u00f3n de la agrupaci\u00f3n Fantas\u00eda Folcl\u00f3rica y la cantante local, Diana Rojas, quien mostr\u00f3 toda su m\u00fasica tropical ranchera. Tambi\u00e9n se desarroll\u00f3 un entretenido torneo de f\u00fatbol, donde los integrantes de las caletas participantes mostraron su talento en el deporte rey.&nbsp; Adem\u00e1s, se habilit\u00f3 un sector con emprendimiento y juegos infantiles para los ni\u00f1os y ni\u00f1as que asistieron.<\/p>\n\n\n\n<p>Por su parte, Bernarda Campusano Pizarro, presidenta de la Asociaci\u00f3n Gremial de Talcaruca indic\u00f3 que de esta forma \u201cnos damos a conocer como caletas, porque no todos saben que nuestra comuna cuenta con siete caletas en la comuna y a trav\u00e9s de esta fiesta la gente nos conoce y tambi\u00e9n cada uno de los productos que se trabajan ac\u00e1. Claramente tenemos que sacarle provecho a nuestras tradiciones y gastronom\u00eda, para generar un destino tur\u00edstico\u201d.<\/p>\n\n\n\n<p>La jornada finaliz\u00f3 con un gran baile que cont\u00f3 con la m\u00fasica de Koky y su Banda Tropical Ranchera, \u00c9chale Cumpa y la Banda Perfecta Okaci\u00f3n Ranchera.<\/p>\n","protected":false},"excerpt":{"rendered":"<p>Diversas preparaciones con productos del mar, un concurso gastron\u00f3mico, competencia de candidatas y actividades deportivas marcaron esta actividad que congreg\u00f3 a las caletas del sector costero de Ovalle y que tuvo gran afluencia de p\u00fablico. La jornada concluy\u00f3 con un gran baile junto a los grupos \u00c9chale Cumpa, Koky y su Banda Tropical Ranchera y &#8230;<\/p>\n","protected":false},"author":2,"featured_media":11335,"comment_status":"open","ping_status":"open","sticky":false,"template":"","format":"standard","meta":{"footnotes":""},"categories":[5],"tags":[],"class_list":["post-11334","post","type-post","status-publish","format-standard","has-post-thumbnail","hentry","category-actualidad-limarina"],"_links":{"self":[{"href":"https:\/\/www.radiolimari.cl\/index.php?rest_route=\/wp\/v2\/posts\/11334","targetHints":{"allow":["GET"]}}],"collection":[{"href":"https:\/\/www.radiolimari.cl\/index.php?rest_route=\/wp\/v2\/posts"}],"about":[{"href":"https:\/\/www.radiolimari.cl\/index.php?rest_route=\/wp\/v2\/types\/post"}],"author":[{"embeddable":true,"href":"https:\/\/www.radiolimari.cl\/index.php?rest_route=\/wp\/v2\/users\/2"}],"replies":[{"embeddable":true,"href":"https:\/\/www.radiolimari.cl\/index.php?rest_route=%2Fwp%2Fv2%2Fcomments&post=11334"}],"version-history":[{"count":1,"href":"https:\/\/www.radiolimari.cl\/index.php?rest_route=\/wp\/v2\/posts\/11334\/revisions"}],"predecessor-version":[{"id":11336,"href":"https:\/\/www.radiolimari.cl\/index.php?rest_route=\/wp\/v2\/posts\/11334\/revisions\/11336"}],"wp:featuredmedia":[{"embeddable":true,"href":"https:\/\/www.radiolimari.cl\/index.php?rest_route=\/wp\/v2\/media\/11335"}],"wp:attachment":[{"href":"https:\/\/www.radiolimari.cl\/index.php?rest_route=%2Fwp%2Fv2%2Fmedia&parent=11334"}],"wp:term":[{"taxonomy":"category","embeddable":true,"href":"https:\/\/www.radiolimari.cl\/index.php?rest_route=%2Fwp%2Fv2%2Fcategories&post=11334"},{"taxonomy":"post_tag","embeddable":true,"href":"https:\/\/www.radiolimari.cl\/index.php?rest_route=%2Fwp%2Fv2%2Ftags&post=11334"}],"curies":[{"name":"wp","href":"https:\/\/api.w.org\/{rel}","templated":true}]}}