{"id":11321,"date":"2024-05-05T15:25:30","date_gmt":"2024-05-05T15:25:30","guid":{"rendered":"https:\/\/www.radiolimari.cl\/?p=11321"},"modified":"2024-05-05T15:25:31","modified_gmt":"2024-05-05T15:25:31","slug":"mapa-nutricional-de-junaeb-sobrepeso-y-obesidad-disminuyo-en-3-puntos-porcentuales-en-estudiantes-del-pais","status":"publish","type":"post","link":"https:\/\/www.radiolimari.cl\/?p=11321","title":{"rendered":"Mapa Nutricional de Junaeb: Sobrepeso y obesidad disminuy\u00f3 en 3 puntos porcentuales en estudiantes del pa\u00eds."},"content":{"rendered":"\n<figure class=\"wp-block-image size-large\"><a href=\"https:\/\/www.radiolimari.cl\/wp-content\/uploads\/2024\/05\/IMG-20240504-WA0000.jpg\"><img fetchpriority=\"high\" decoding=\"async\" width=\"1024\" height=\"682\" src=\"https:\/\/www.radiolimari.cl\/wp-content\/uploads\/2024\/05\/IMG-20240504-WA0000-1024x682.jpg\" alt=\"\" class=\"wp-image-11322\" srcset=\"https:\/\/www.radiolimari.cl\/wp-content\/uploads\/2024\/05\/IMG-20240504-WA0000-1024x682.jpg 1024w, https:\/\/www.radiolimari.cl\/wp-content\/uploads\/2024\/05\/IMG-20240504-WA0000-300x200.jpg 300w, https:\/\/www.radiolimari.cl\/wp-content\/uploads\/2024\/05\/IMG-20240504-WA0000-768x512.jpg 768w, https:\/\/www.radiolimari.cl\/wp-content\/uploads\/2024\/05\/IMG-20240504-WA0000.jpg 1280w\" sizes=\"(max-width: 1024px) 100vw, 1024px\" \/><\/a><\/figure>\n\n\n\n<p><strong><em>El estudio, que eval\u00faa a estudiantes de prek\u00ednder, k\u00ednder, 1\u00b0 b\u00e1sico, 5\u00b0 b\u00e1sico y I medio, tambi\u00e9n registr\u00f3 un incremento en los niveles de nutrici\u00f3n normal.<\/em><\/strong><\/p>\n\n\n\n<p>El ministro de Educaci\u00f3n, Nicol\u00e1s Cataldo, y la directora nacional de la Junta Nacional de Auxilio Escolar y Becas (Junaeb), Camila Rubio, dieron a conocer los resultados del del Mapa Nutricional 2023, herramienta que informa sobre el estado nutricional de las y los estudiantes del pa\u00eds.<\/p>\n\n\n\n<p>Los datos se recopilaron en alumnos de prek\u00ednder, k\u00ednder, 1\u00b0 b\u00e1sico, 5\u00b0 b\u00e1sico y I medio, y contaron con la participaci\u00f3n del 76,9% de los establecimientos a nivel nacional, obteniendo un total de 524.274 mediciones v\u00e1lidas, las cuales muestran que el sobrepeso y la obesidad disminuyeron en 3 puntos porcentuales respecto a 2022.<\/p>\n\n\n\n<p>En cuanto a los principales resultados para el a\u00f1o 2023, descartando a los menores de 5 a\u00f1os, se observa un aumento en los niveles de nutrici\u00f3n adecuada en 1,8% y una reducci\u00f3n en los casos de malnutrici\u00f3n por exceso en 2,2%, respecto del a\u00f1o anterior.<\/p>\n\n\n\n<p>El <strong>ministro de Educaci\u00f3n, Nicol\u00e1s Cataldo,<\/strong>&nbsp;explic\u00f3 que \u201cel Mapa Nutricional de Junaeb se ha transformado en una importante herramienta de la pol\u00edtica p\u00fablica para dimensionar y alertar sobre el estado nutricional de las y los estudiantes, el que adem\u00e1s es uno de los desaf\u00edos del proceso de reactivaci\u00f3n educativa. Y si bien es cierto hemos mejorado respecto a a\u00f1os anteriores, es evidente que nos queda mucho por seguir avanzando\u201d.<\/p>\n\n\n\n<p>El ministro agreg\u00f3 que estos datos tambi\u00e9n ser\u00e1n un aporte para la discusi\u00f3n de los ajustes curriculares que se iniciar\u00e1 este a\u00f1o, luego del Congreso Pedag\u00f3gico Curricular. \u201cEsperamos que sus resultados sean un insumo para que las comunidades educativas refuercen su trabajo en el aula, y tambi\u00e9n con las y los apoderados, mediante estrategias de promoci\u00f3n y difusi\u00f3n de la alimentaci\u00f3n saludable y la actividad f\u00edsica\u201d, a\u00f1adi\u00f3.<\/p>\n\n\n\n<p>En esta l\u00ednea, la <strong>directora nacional de Junaeb, Camila Rubio,<\/strong>&nbsp;sostuvo que \u201clos resultados del estudio 2023 presentan desaf\u00edos que abordamos de distintas maneras. En el caso del Programa de Alimentaci\u00f3n Escolar (PAE) trabajamos siempre para ofrecer alimentos saludables, variados, libres de sellos de advertencia, que permitan el bienestar y \u00e9xito acad\u00e9mico de los estudiantes\u201d.<\/p>\n\n\n\n<p>Y agreg\u00f3 que desde la instituci\u00f3n \u201creconocemos la relevancia de los espacios educativos en la formaci\u00f3n de h\u00e1bitos saludables, ampliamos la inversi\u00f3n del fondo \u2018Comunidad Activa\u2019 a casi mil millones de pesos, y a trav\u00e9s de dos l\u00edneas de acci\u00f3n, Escuelas Abiertas y Escuelas Saludables, se proporcionan actividades semanales destinadas a promover h\u00e1bitos de vida activa y saludable entre los estudiantes\u201d.<\/p>\n\n\n\n<p>Por \u00faltimo, explic\u00f3 que \u201cimplementamos un piloto sobre alimentaci\u00f3n saludable y actividad f\u00edsica, que considera controles de salud, y trabajamos en una estrategia conjunta contra la malnutrici\u00f3n por exceso junto a distintas instituciones del Estado\u201d.<\/p>\n\n\n\n<p>Por su parte, <strong>la seremi de Educaci\u00f3n, Cecilia Ram\u00edrez Ch\u00e1vez<\/strong> manifest\u00f3 que \u201clos resultados del Mapa Nutricional 2023, en que el sobrepeso y la obesidad disminuyeron en 3 puntos porcentuales, respecto al a\u00f1o 2022, es un indicador para seguir trabajando con las comunidades escolares sobre la importancia de fomentar la alimentaci\u00f3n saludable y actividad f\u00edsica, como parte del Plan de Reactivaci\u00f3n Educativa. Como gobierno y Ministerio de Educaci\u00f3n entendemos que los establecimientos educacionales no solo son espacios de aprendizaje, sino que tambi\u00e9n de desarrollo integral, y en este sentido, tambi\u00e9n tienen el potencial de formar en h\u00e1bitos saludables a ni\u00f1as, ni\u00f1os y adolescentes\u201d.<\/p>\n\n\n\n<p><strong>Principales resultados<\/strong><\/p>\n\n\n\n<p>Este a\u00f1o, Junaeb adopt\u00f3 nuevos est\u00e1ndares para evaluar la nutrici\u00f3n en menores de 5 a\u00f1os, aline\u00e1ndose con el enfoque del Ministerio de Salud. Esta decisi\u00f3n beneficia a unos 50 mil ni\u00f1os al facilitar la adopci\u00f3n de est\u00e1ndares internacionales recomendados por la OMS, promoviendo as\u00ed una mejor vigilancia nutricional en el pa\u00eds.<\/p>\n\n\n\n<p>Los resultados del mapa nutricional se dividen en grandes \u00e1reas:<\/p>\n\n\n\n<ul class=\"wp-block-list\">\n<li>Al examinar los resultados por nivel educativo, se observa una disminuci\u00f3n significativa en la malnutrici\u00f3n por exceso en todos los cursos, destac\u00e1ndose una mayor reducci\u00f3n en los estudiantes de 1\u00b0 b\u00e1sico y 5\u00b0 b\u00e1sico, con un descenso del 4,3%, respecto al a\u00f1o anterior.<\/li>\n\n\n\n<li>Sin embargo, al hacer el zoom en las y los estudiantes de quinto b\u00e1sico, las cifras se mantienen similares a 2023, donde tres de cada cinco estudiantes presentan sobrepeso, obesidad u obesidad severa.<\/li>\n\n\n\n<li>El estudio, que tambi\u00e9n entrega datos por sexo, revel\u00f3 que los estudiantes de sexo masculino, de establecimientos de \u00e1reas rurales, de nacionalidad chilena, pertenecientes a pueblos originarios y de mayor vulnerabilidad socioecon\u00f3mica presentan una mayor prevalencia de malnutrici\u00f3n por exceso.\u00a0<\/li>\n\n\n\n<li>Si bien los estudiantes extranjeros tienen un mayor porcentaje de estado nutricional normal (54,8%), registran un aumento de la malnutrici\u00f3n por d\u00e9ficit de 10% a 10,7%.<\/li>\n<\/ul>\n","protected":false},"excerpt":{"rendered":"<p>El estudio, que eval\u00faa a estudiantes de prek\u00ednder, k\u00ednder, 1\u00b0 b\u00e1sico, 5\u00b0 b\u00e1sico y I medio, tambi\u00e9n registr\u00f3 un incremento en los niveles de nutrici\u00f3n normal. El ministro de Educaci\u00f3n, Nicol\u00e1s Cataldo, y la directora nacional de la Junta Nacional de Auxilio Escolar y Becas (Junaeb), Camila Rubio, dieron a conocer los resultados del del &#8230;<\/p>\n","protected":false},"author":2,"featured_media":11322,"comment_status":"open","ping_status":"open","sticky":false,"template":"","format":"standard","meta":{"footnotes":""},"categories":[3],"tags":[],"class_list":["post-11321","post","type-post","status-publish","format-standard","has-post-thumbnail","hentry","category-actualidad"],"_links":{"self":[{"href":"https:\/\/www.radiolimari.cl\/index.php?rest_route=\/wp\/v2\/posts\/11321","targetHints":{"allow":["GET"]}}],"collection":[{"href":"https:\/\/www.radiolimari.cl\/index.php?rest_route=\/wp\/v2\/posts"}],"about":[{"href":"https:\/\/www.radiolimari.cl\/index.php?rest_route=\/wp\/v2\/types\/post"}],"author":[{"embeddable":true,"href":"https:\/\/www.radiolimari.cl\/index.php?rest_route=\/wp\/v2\/users\/2"}],"replies":[{"embeddable":true,"href":"https:\/\/www.radiolimari.cl\/index.php?rest_route=%2Fwp%2Fv2%2Fcomments&post=11321"}],"version-history":[{"count":1,"href":"https:\/\/www.radiolimari.cl\/index.php?rest_route=\/wp\/v2\/posts\/11321\/revisions"}],"predecessor-version":[{"id":11323,"href":"https:\/\/www.radiolimari.cl\/index.php?rest_route=\/wp\/v2\/posts\/11321\/revisions\/11323"}],"wp:featuredmedia":[{"embeddable":true,"href":"https:\/\/www.radiolimari.cl\/index.php?rest_route=\/wp\/v2\/media\/11322"}],"wp:attachment":[{"href":"https:\/\/www.radiolimari.cl\/index.php?rest_route=%2Fwp%2Fv2%2Fmedia&parent=11321"}],"wp:term":[{"taxonomy":"category","embeddable":true,"href":"https:\/\/www.radiolimari.cl\/index.php?rest_route=%2Fwp%2Fv2%2Fcategories&post=11321"},{"taxonomy":"post_tag","embeddable":true,"href":"https:\/\/www.radiolimari.cl\/index.php?rest_route=%2Fwp%2Fv2%2Ftags&post=11321"}],"curies":[{"name":"wp","href":"https:\/\/api.w.org\/{rel}","templated":true}]}}