{"id":11318,"date":"2024-05-04T15:41:43","date_gmt":"2024-05-04T15:41:43","guid":{"rendered":"https:\/\/www.radiolimari.cl\/?p=11318"},"modified":"2024-05-04T15:41:44","modified_gmt":"2024-05-04T15:41:44","slug":"servicio-de-reinsercion-social-juvenil-y-santo-tomas-firman-convenio-de-colaboracion-que-beneficiara-a-jovenes-de-la-region","status":"publish","type":"post","link":"https:\/\/www.radiolimari.cl\/?p=11318","title":{"rendered":"Servicio de Reinserci\u00f3n Social Juvenil y Santo Tom\u00e1s firman convenio de colaboraci\u00f3n que beneficiar\u00e1 a j\u00f3venes de la regi\u00f3n."},"content":{"rendered":"\n<figure class=\"wp-block-image size-large\"><a href=\"https:\/\/www.radiolimari.cl\/wp-content\/uploads\/2024\/05\/Firma_Convenio-scaled.jpeg\"><img fetchpriority=\"high\" decoding=\"async\" width=\"1024\" height=\"757\" src=\"https:\/\/www.radiolimari.cl\/wp-content\/uploads\/2024\/05\/Firma_Convenio-1024x757.jpeg\" alt=\"\" class=\"wp-image-11319\" srcset=\"https:\/\/www.radiolimari.cl\/wp-content\/uploads\/2024\/05\/Firma_Convenio-1024x757.jpeg 1024w, https:\/\/www.radiolimari.cl\/wp-content\/uploads\/2024\/05\/Firma_Convenio-300x222.jpeg 300w, https:\/\/www.radiolimari.cl\/wp-content\/uploads\/2024\/05\/Firma_Convenio-768x568.jpeg 768w, https:\/\/www.radiolimari.cl\/wp-content\/uploads\/2024\/05\/Firma_Convenio-1536x1136.jpeg 1536w, https:\/\/www.radiolimari.cl\/wp-content\/uploads\/2024\/05\/Firma_Convenio-2048x1515.jpeg 2048w\" sizes=\"(max-width: 1024px) 100vw, 1024px\" \/><\/a><\/figure>\n\n\n\n<p><strong><em>El acuerdo permitir\u00e1 espacios de pr\u00e1ctica y de profesionalizaci\u00f3n, tanto a estudiantes como a quienes se encuentran en proceso de reinserci\u00f3n.<\/em><\/strong><\/p>\n\n\n\n<p>Enmarcado en el inicio del A\u00f1o Acad\u00e9mico de las \u00e1reas de Ciencias Sociales del Instituto Profesional y el Centro de Formaci\u00f3n T\u00e9cnica de Santo Tom\u00e1s, la instituci\u00f3n de educaci\u00f3n firm\u00f3 un convenio de colaboraci\u00f3n con el Servicio de Reinserci\u00f3n Social Juvenil (SRJ) de la Regi\u00f3n de Coquimbo, permitiendo con ello una oportunidad de acceso a la educaci\u00f3n superior a los y las j\u00f3venes que se encuentran en proceso de reinserci\u00f3n, as\u00ed como abrir posibilidades de pr\u00e1cticas a los tomasinos.<\/p>\n\n\n\n<p>Frente a m\u00e1s de un centenar de estudiantes, las autoridades de ambas instituciones firmaron el convenio que permitir\u00e1, entre otras materias, generar mesas de trabajo, charlas y talleres; difusi\u00f3n de espacios para pr\u00e1cticas, dise\u00f1ar y ejecutar acciones de capacitaci\u00f3n y sensibilizaci\u00f3n en materia de responsabilidad penal adolescente, facilitaci\u00f3n de espacios y otorgar acceso prioritario a carreras t\u00e9cnicas o profesionales a j\u00f3venes usuarios del SRJ Coquimbo.<\/p>\n\n\n\n<p>Un convenio que permite a ambas partes fortalecer sus \u00e1reas de aprendizaje y reinserci\u00f3n, como detall\u00f3 la directora regional del servicio, Loreto Rebolledo, quien adem\u00e1s realiz\u00f3 la charla magistral durante el inicio del a\u00f1o acad\u00e9mico. <strong>\u201cPara nosotros es fundamental la firma de este convenio, que es un primer aliciente de un sinf\u00edn de acciones que se pueden desarrollar y que van en beneficio no solamente de los j\u00f3venes que podr\u00e1n acceder a la educaci\u00f3n superior, sino que tambi\u00e9n de colaborarnos mutuamente en este espacio de sensibilizaci\u00f3n, de especializaci\u00f3n y de acercamiento, que mira y pone al centro a los j\u00f3venes en proceso de reinserci\u00f3n social, reconoci\u00e9ndolos como personas que efectivamente cometieron un delito, pero con sus potencialidades y capacidades. S\u00f3lo as\u00ed vamos a poder contribuir a la seguridad p\u00fablica, no hay otra forma\u201d.&nbsp;&nbsp; &nbsp;<\/strong><\/p>\n\n\n\n<p>Palabras que se sumaron a las del rector de la instituci\u00f3n de educaci\u00f3n, Pablo Pinto, quien sobre el convenio detall\u00f3 que <strong>\u201cesto nos va a permitir a nosotros participar activamente del nuevo Servicio de Reinserci\u00f3n Social Juvenil y, especialmente, es una oportunidad para la formaci\u00f3n de nuestros estudiantes, pero tambi\u00e9n es una posibilidad laboral, ya que el servicio que viene a reemplazar al Sename permitir\u00e1 reinsertar a los j\u00f3venes y, en tal contexto, nosotros vemos que nuestros estudiantes particularmente del \u00e1rea t\u00e9cnico jur\u00eddico, t\u00e9cnico en trabajo social y servicio social, son candidatos proclives para participar en el conjunto de profesionales que pueden favorecer la reinserci\u00f3n\u201d.<\/strong><\/p>\n\n\n\n<p>De esta manera, contin\u00faa el trabajo entre ambas instituciones que fijan su mirada en el crecimiento personal y profesional de los j\u00f3venes de la regi\u00f3n.<\/p>\n","protected":false},"excerpt":{"rendered":"<p>El acuerdo permitir\u00e1 espacios de pr\u00e1ctica y de profesionalizaci\u00f3n, tanto a estudiantes como a quienes se encuentran en proceso de reinserci\u00f3n. Enmarcado en el inicio del A\u00f1o Acad\u00e9mico de las \u00e1reas de Ciencias Sociales del Instituto Profesional y el Centro de Formaci\u00f3n T\u00e9cnica de Santo Tom\u00e1s, la instituci\u00f3n de educaci\u00f3n firm\u00f3 un convenio de colaboraci\u00f3n &#8230;<\/p>\n","protected":false},"author":2,"featured_media":11319,"comment_status":"open","ping_status":"open","sticky":false,"template":"","format":"standard","meta":{"footnotes":""},"categories":[3],"tags":[],"class_list":["post-11318","post","type-post","status-publish","format-standard","has-post-thumbnail","hentry","category-actualidad"],"_links":{"self":[{"href":"https:\/\/www.radiolimari.cl\/index.php?rest_route=\/wp\/v2\/posts\/11318","targetHints":{"allow":["GET"]}}],"collection":[{"href":"https:\/\/www.radiolimari.cl\/index.php?rest_route=\/wp\/v2\/posts"}],"about":[{"href":"https:\/\/www.radiolimari.cl\/index.php?rest_route=\/wp\/v2\/types\/post"}],"author":[{"embeddable":true,"href":"https:\/\/www.radiolimari.cl\/index.php?rest_route=\/wp\/v2\/users\/2"}],"replies":[{"embeddable":true,"href":"https:\/\/www.radiolimari.cl\/index.php?rest_route=%2Fwp%2Fv2%2Fcomments&post=11318"}],"version-history":[{"count":1,"href":"https:\/\/www.radiolimari.cl\/index.php?rest_route=\/wp\/v2\/posts\/11318\/revisions"}],"predecessor-version":[{"id":11320,"href":"https:\/\/www.radiolimari.cl\/index.php?rest_route=\/wp\/v2\/posts\/11318\/revisions\/11320"}],"wp:featuredmedia":[{"embeddable":true,"href":"https:\/\/www.radiolimari.cl\/index.php?rest_route=\/wp\/v2\/media\/11319"}],"wp:attachment":[{"href":"https:\/\/www.radiolimari.cl\/index.php?rest_route=%2Fwp%2Fv2%2Fmedia&parent=11318"}],"wp:term":[{"taxonomy":"category","embeddable":true,"href":"https:\/\/www.radiolimari.cl\/index.php?rest_route=%2Fwp%2Fv2%2Fcategories&post=11318"},{"taxonomy":"post_tag","embeddable":true,"href":"https:\/\/www.radiolimari.cl\/index.php?rest_route=%2Fwp%2Fv2%2Ftags&post=11318"}],"curies":[{"name":"wp","href":"https:\/\/api.w.org\/{rel}","templated":true}]}}