{"id":11309,"date":"2024-05-01T01:56:14","date_gmt":"2024-05-01T01:56:14","guid":{"rendered":"https:\/\/www.radiolimari.cl\/?p=11309"},"modified":"2024-05-01T01:56:14","modified_gmt":"2024-05-01T01:56:14","slug":"en-ovalle-el-municipio-celebrara-el-viernes-10-de-mayo-el-dia-de-la-madre-en-la-plaza-de-armas","status":"publish","type":"post","link":"https:\/\/www.radiolimari.cl\/?p=11309","title":{"rendered":"En Ovalle, el Municipio celebrar\u00e1 el viernes 10 de mayo el D\u00eda de la Madre en la plaza de armas."},"content":{"rendered":"\n<figure class=\"wp-block-image size-full\"><a href=\"https:\/\/www.radiolimari.cl\/wp-content\/uploads\/2024\/05\/La-Otra-Fe.png\"><img fetchpriority=\"high\" decoding=\"async\" width=\"650\" height=\"425\" src=\"https:\/\/www.radiolimari.cl\/wp-content\/uploads\/2024\/05\/La-Otra-Fe.png\" alt=\"\" class=\"wp-image-11310\" srcset=\"https:\/\/www.radiolimari.cl\/wp-content\/uploads\/2024\/05\/La-Otra-Fe.png 650w, https:\/\/www.radiolimari.cl\/wp-content\/uploads\/2024\/05\/La-Otra-Fe-300x196.png 300w\" sizes=\"(max-width: 650px) 100vw, 650px\" \/><\/a><\/figure>\n\n\n\n<p><strong><em>La actividad se desarrollar\u00e1 desde las 18.00 con una ceremonia en la que se reconocer\u00e1 a 10 madres destacadas de la comuna, quienes recibir\u00e1n un presente por parte del alcalde Jonathan Acu\u00f1a y los ocho integrantes del Concejo Municipal. En el \u00e1mbito art\u00edstico se presentar\u00e1 el grupo nacional La Otra Fe, adem\u00e1s de artistas locales, desde las 18.00 horas.<\/em><\/strong><\/p>\n\n\n\n<p>Uno de los d\u00edas m\u00e1s especiales del a\u00f1o, es el D\u00eda de la Madre. Es por esta raz\u00f3n, que el municipio de Ovalle, a trav\u00e9s de la Direcci\u00f3n de Desarrollo Comunitario, realizar\u00e1 una jornada de celebraci\u00f3n y homenaje para las \u201cmamitas\u201d de Ovalle, que este a\u00f1o se denomina \u201cA ti Mujer Ovallina\u201d, que se llevar\u00e1 a cabo el pr\u00f3ximo viernes 10 de mayo, desde las 18.00 horas en la plaza de armas.<\/p>\n\n\n\n<p>La jornada se iniciar\u00e1 con una ceremonia, en donde el alcalde Jonathan Acu\u00f1a Rojas y los ocho integrantes del Concejo Municipal destacar\u00e1 a 10 mujeres que ser\u00e1n propuestas por las autoridades locales en una sesi\u00f3n del cuerpo colegiado. En la oportunidad, se leer\u00e1 una rese\u00f1a y as\u00ed la comunidad podr\u00e1 conocer la historia de vida de cada una de las madres, que recibir\u00e1 un presente y un reconocimiento.<\/p>\n\n\n\n<p>En el \u00e1mbito art\u00edstico, se presentar\u00e1n artistas locales, adem\u00e1s del doble oficial de Alejandro Fern\u00e1ndez, quien traer\u00e1 todos los \u00e9xitos del cantante mexicano a la capital limarina. El cierre estar\u00e1 a cargo del grupo nacional La Otra Fe, quienes llegar\u00e1n a comuna de Ovalle con toda la m\u00fasica rom\u00e1ntica, entre los que destacan sus \u00e9xitos \u201cCuanto m\u00e1s\u201d y \u201cEs amor\u201d.<\/p>\n\n\n\n<p>El alcalde Jonathan Acu\u00f1a Rojas hizo la invitaci\u00f3n a toda la comunidad, principalmente a las madres, \u00abpara que nos acompa\u00f1en el pr\u00f3ximo 10 de mayo en nuestra plaza de armas y disfruten de una jornada dedicada especialmente para ellas, en que les rendiremos un homenaje porque se lo merecen, puesto que son las personas m\u00e1s importantes que tenemos en nuestras vidas\u201d.&nbsp; &nbsp;<\/p>\n","protected":false},"excerpt":{"rendered":"<p>La actividad se desarrollar\u00e1 desde las 18.00 con una ceremonia en la que se reconocer\u00e1 a 10 madres destacadas de la comuna, quienes recibir\u00e1n un presente por parte del alcalde Jonathan Acu\u00f1a y los ocho integrantes del Concejo Municipal. En el \u00e1mbito art\u00edstico se presentar\u00e1 el grupo nacional La Otra Fe, adem\u00e1s de artistas locales, &#8230;<\/p>\n","protected":false},"author":2,"featured_media":11310,"comment_status":"open","ping_status":"open","sticky":false,"template":"","format":"standard","meta":{"footnotes":""},"categories":[5],"tags":[],"class_list":["post-11309","post","type-post","status-publish","format-standard","has-post-thumbnail","hentry","category-actualidad-limarina"],"_links":{"self":[{"href":"https:\/\/www.radiolimari.cl\/index.php?rest_route=\/wp\/v2\/posts\/11309","targetHints":{"allow":["GET"]}}],"collection":[{"href":"https:\/\/www.radiolimari.cl\/index.php?rest_route=\/wp\/v2\/posts"}],"about":[{"href":"https:\/\/www.radiolimari.cl\/index.php?rest_route=\/wp\/v2\/types\/post"}],"author":[{"embeddable":true,"href":"https:\/\/www.radiolimari.cl\/index.php?rest_route=\/wp\/v2\/users\/2"}],"replies":[{"embeddable":true,"href":"https:\/\/www.radiolimari.cl\/index.php?rest_route=%2Fwp%2Fv2%2Fcomments&post=11309"}],"version-history":[{"count":1,"href":"https:\/\/www.radiolimari.cl\/index.php?rest_route=\/wp\/v2\/posts\/11309\/revisions"}],"predecessor-version":[{"id":11311,"href":"https:\/\/www.radiolimari.cl\/index.php?rest_route=\/wp\/v2\/posts\/11309\/revisions\/11311"}],"wp:featuredmedia":[{"embeddable":true,"href":"https:\/\/www.radiolimari.cl\/index.php?rest_route=\/wp\/v2\/media\/11310"}],"wp:attachment":[{"href":"https:\/\/www.radiolimari.cl\/index.php?rest_route=%2Fwp%2Fv2%2Fmedia&parent=11309"}],"wp:term":[{"taxonomy":"category","embeddable":true,"href":"https:\/\/www.radiolimari.cl\/index.php?rest_route=%2Fwp%2Fv2%2Fcategories&post=11309"},{"taxonomy":"post_tag","embeddable":true,"href":"https:\/\/www.radiolimari.cl\/index.php?rest_route=%2Fwp%2Fv2%2Ftags&post=11309"}],"curies":[{"name":"wp","href":"https:\/\/api.w.org\/{rel}","templated":true}]}}