{"id":11306,"date":"2024-05-01T01:48:29","date_gmt":"2024-05-01T01:48:29","guid":{"rendered":"https:\/\/www.radiolimari.cl\/?p=11306"},"modified":"2024-05-01T01:48:30","modified_gmt":"2024-05-01T01:48:30","slug":"avanza-propuesta-para-el-plan-regional-de-cambio-climatico-para-la-region-de-coquimbo","status":"publish","type":"post","link":"https:\/\/www.radiolimari.cl\/?p=11306","title":{"rendered":"Avanza propuesta para el Plan Regional de Cambio Clim\u00e1tico para la regi\u00f3n de Coquimbo."},"content":{"rendered":"\n<figure class=\"wp-block-image size-full\"><a href=\"https:\/\/www.radiolimari.cl\/wp-content\/uploads\/2024\/05\/F1-AVANZA-CORECC-Cambio-Climatico.jpeg\"><img fetchpriority=\"high\" decoding=\"async\" width=\"730\" height=\"320\" src=\"https:\/\/www.radiolimari.cl\/wp-content\/uploads\/2024\/05\/F1-AVANZA-CORECC-Cambio-Climatico.jpeg\" alt=\"\" class=\"wp-image-11307\" srcset=\"https:\/\/www.radiolimari.cl\/wp-content\/uploads\/2024\/05\/F1-AVANZA-CORECC-Cambio-Climatico.jpeg 730w, https:\/\/www.radiolimari.cl\/wp-content\/uploads\/2024\/05\/F1-AVANZA-CORECC-Cambio-Climatico-300x132.jpeg 300w\" sizes=\"(max-width: 730px) 100vw, 730px\" \/><\/a><\/figure>\n\n\n\n<p>Los estudios realizados se desarrollaron en los a\u00f1os 2022 y 2023 ha solicitud expresa del Ministerio del Medio Ambiente de Chile<\/p>\n\n\n\n<p>Personeros de distintas instituciones cuyo quehacer se vincula con el medio ambiente, comenzaron la elaboraci\u00f3n de una propuesta para el Plan de Acci\u00f3n Regional de Cambio Clim\u00e1tico (PARCC) de la Regi\u00f3n de Coquimbo, basados principalmente en 3 informes cient\u00edficos elaborados para tal efecto por la consultora Din\u00e1mica Costera y el Centro de Estudios Cient\u00edficos Avanzados en Zonas \u00c1ridas y Semi\u00e1ridas (CEAZA).<\/p>\n\n\n\n<p>El informe realizado por CEAZA, como parte del proyecto AdaptaClim, tiene como objetivo general \u201cDise\u00f1ar de manera participativa junto al comit\u00e9 regional de cambio clim\u00e1tico CORECC de la Regi\u00f3n de Coquimbo un conjunto de indicadores regionales de riesgo y vulnerabilidad clim\u00e1tica que sean un insumo para el futuro del Plan de Acci\u00f3n Regional de Cambio Clim\u00e1tico (PARCC) de esta regi\u00f3n\u201d. Para cumplir este objetivo general \u201cse desarrollaron y levantaron un set de nuevos indicadores sectoriales compuesto por 8 \u00edndices sectoriales de riesgo clim\u00e1tico con sus respectivos componentes de riesgo y factores subyacentes\u201d.<\/p>\n\n\n\n<p>Por su parte, el informe de la consultora Din\u00e1mica Costera tiene como objetivo general \u201cDise\u00f1ar e implementar un proceso participativo temprano que acompa\u00f1e la elaboraci\u00f3n del anteproyecto del Plan de Acci\u00f3n Regional de Cambio Clim\u00e1tico (PARCC) de la regi\u00f3n de Coquimbo, junto con elaborar elementos t\u00e9cnicos que deban ser integrados en el PARCC.\u201d Se establecieron adem\u00e1s 3 objetivos espec\u00edficos: N\u00b01: \u201crevisar nuevos antecedentes t\u00e9cnicos y proponer mejoras a la propuesta de contenidos del anteproyecto del PARCC identificando aspectos que competen a la regi\u00f3n y de otros instrumentos regionales vigentes que deban considerarse en el Plan, o en los cuales el CORECC debiera incidir\u201d N\u00b02: \u201cDise\u00f1ar e implementar un proceso participativo con Municipios y la ciudadan\u00eda que permita completar el anteproyecto del PARCC\u201d. Y N\u00b03: \u201cDise\u00f1ar y desarrollar los recursos necesarios para el proceso formal de consulta p\u00fablica del anteproyecto del PARCC, para cumplir con los requerimientos establecidos en la normativa vigente y considerando tambi\u00e9n los anteproyectos de normas reglamentarias aplicables.\u201d<\/p>\n\n\n\n<p>El tercer informe fue dise\u00f1ado por CEAZA, para la construcci\u00f3n del Anteproyecto del PARCC de la Regi\u00f3n de Coquimbo da cuenta de la realizaci\u00f3n de 8 talleres, el \u00faltimo de los cuales tuvo como objetivo \u201csociabilizar la integraci\u00f3n de los principales resultados obtenidos del proceso participativo con los integrantes del CORECC y otros actores de la regi\u00f3n de Coquimbo\u201d.<\/p>\n\n\n\n<p>Al respecto, el Seremi del Medio Ambiente Leonardo Gros explic\u00f3 que \u201ctodo este trabajado se enfoc\u00f3 en recopilar insumos del conocimiento cient\u00edfico de la regi\u00f3n para conocer los puntos de mayor vulnerabilidad y capacidad de resiliencia para enfrentar el cambio clim\u00e1tico, esbozar las cadenas de impacto que se ir\u00e1n manifestando en las pr\u00f3ximas d\u00e9cadas, anticiparnos a esta situaci\u00f3n, construyendo un plan de acci\u00f3n clim\u00e1tico enfocado en mitigar y adaptarnos ante esta compleja condici\u00f3n.\u201d&nbsp;<\/p>\n\n\n\n<p><strong>Proyecciones del cambio clim\u00e1tico en la regi\u00f3n<\/strong><\/p>\n\n\n\n<p>En el estudio de AdaptaClim \u201cse estimaron los valores relativos de riesgo clim\u00e1tico y de los factores subyacentes mediante la construcci\u00f3n de 18 cadenas de impacto de amenazas clim\u00e1ticas y sistemas relevantes para el desarrollo regional expuestos o vulnerables al cambio clim\u00e1tico\u201d. Dichas cadenas se organizaron en 4 grandes sectores: Agua y suelo (2 cadenas); Ciudad e Infraestructura (3 cadenas); Zona Costera (4 cadenas) y Biodiversidad (9 cadenas).<\/p>\n\n\n\n<p>La consultora Din\u00e1mica Costera estableci\u00f3 una metodolog\u00eda participativa para cada objetivo mediante las siguientes actividades asociadas al objetivo general: \u201ccomunicaci\u00f3n permanente con la contraparte\u201d y \u201celaboraci\u00f3n de informes y entrega de productos\u201d. Para cumplir con los objetivos espec\u00edficos se realizaron las siguientes acciones: Revisi\u00f3n de nuevos antecedentes, Dise\u00f1ar y ejecutar actividades participativas con municipios y ciudadan\u00eda y dise\u00f1o del proceso formal de la consulta p\u00fablica.<\/p>\n\n\n\n<p>Asimismo, en el segundo estudio del CEAZA se efectuaron talleres sobre: \u201cAmenazas Clim\u00e1ticas y Sectores Vulnerables\u201d y \u201cPotencial de Reducci\u00f3n de Gases de Efecto Invernadero en la Regi\u00f3n de Coquimbo\u201d.&nbsp;<\/p>\n","protected":false},"excerpt":{"rendered":"<p>Los estudios realizados se desarrollaron en los a\u00f1os 2022 y 2023 ha solicitud expresa del Ministerio del Medio Ambiente de Chile Personeros de distintas instituciones cuyo quehacer se vincula con el medio ambiente, comenzaron la elaboraci\u00f3n de una propuesta para el Plan de Acci\u00f3n Regional de Cambio Clim\u00e1tico (PARCC) de la Regi\u00f3n de Coquimbo, basados &#8230;<\/p>\n","protected":false},"author":2,"featured_media":11307,"comment_status":"open","ping_status":"open","sticky":false,"template":"","format":"standard","meta":{"footnotes":""},"categories":[6],"tags":[],"class_list":["post-11306","post","type-post","status-publish","format-standard","has-post-thumbnail","hentry","category-regionales"],"_links":{"self":[{"href":"https:\/\/www.radiolimari.cl\/index.php?rest_route=\/wp\/v2\/posts\/11306","targetHints":{"allow":["GET"]}}],"collection":[{"href":"https:\/\/www.radiolimari.cl\/index.php?rest_route=\/wp\/v2\/posts"}],"about":[{"href":"https:\/\/www.radiolimari.cl\/index.php?rest_route=\/wp\/v2\/types\/post"}],"author":[{"embeddable":true,"href":"https:\/\/www.radiolimari.cl\/index.php?rest_route=\/wp\/v2\/users\/2"}],"replies":[{"embeddable":true,"href":"https:\/\/www.radiolimari.cl\/index.php?rest_route=%2Fwp%2Fv2%2Fcomments&post=11306"}],"version-history":[{"count":1,"href":"https:\/\/www.radiolimari.cl\/index.php?rest_route=\/wp\/v2\/posts\/11306\/revisions"}],"predecessor-version":[{"id":11308,"href":"https:\/\/www.radiolimari.cl\/index.php?rest_route=\/wp\/v2\/posts\/11306\/revisions\/11308"}],"wp:featuredmedia":[{"embeddable":true,"href":"https:\/\/www.radiolimari.cl\/index.php?rest_route=\/wp\/v2\/media\/11307"}],"wp:attachment":[{"href":"https:\/\/www.radiolimari.cl\/index.php?rest_route=%2Fwp%2Fv2%2Fmedia&parent=11306"}],"wp:term":[{"taxonomy":"category","embeddable":true,"href":"https:\/\/www.radiolimari.cl\/index.php?rest_route=%2Fwp%2Fv2%2Fcategories&post=11306"},{"taxonomy":"post_tag","embeddable":true,"href":"https:\/\/www.radiolimari.cl\/index.php?rest_route=%2Fwp%2Fv2%2Ftags&post=11306"}],"curies":[{"name":"wp","href":"https:\/\/api.w.org\/{rel}","templated":true}]}}