{"id":11303,"date":"2024-05-01T01:43:45","date_gmt":"2024-05-01T01:43:45","guid":{"rendered":"https:\/\/www.radiolimari.cl\/?p=11303"},"modified":"2024-05-01T01:43:46","modified_gmt":"2024-05-01T01:43:46","slug":"la-escuela-de-la-localidad-de-carachilla-en-la-comuna-de-ovalle-con-homenaje-a-carabineros-celebro-su-54aniversario","status":"publish","type":"post","link":"https:\/\/www.radiolimari.cl\/?p=11303","title":{"rendered":"La Escuela de la localidad de Carachilla, en la comuna de Ovalle, con homenaje a Carabineros, celebr\u00f3 su 54\u00b0aniversario."},"content":{"rendered":"\n<figure class=\"wp-block-image size-large\"><a href=\"https:\/\/www.radiolimari.cl\/wp-content\/uploads\/2024\/05\/Aniversario-54-de-Escuela-de-Carachilla-3-scaled.jpg\"><img fetchpriority=\"high\" decoding=\"async\" width=\"1024\" height=\"576\" src=\"https:\/\/www.radiolimari.cl\/wp-content\/uploads\/2024\/05\/Aniversario-54-de-Escuela-de-Carachilla-3-1024x576.jpg\" alt=\"\" class=\"wp-image-11304\" srcset=\"https:\/\/www.radiolimari.cl\/wp-content\/uploads\/2024\/05\/Aniversario-54-de-Escuela-de-Carachilla-3-1024x576.jpg 1024w, https:\/\/www.radiolimari.cl\/wp-content\/uploads\/2024\/05\/Aniversario-54-de-Escuela-de-Carachilla-3-300x169.jpg 300w, https:\/\/www.radiolimari.cl\/wp-content\/uploads\/2024\/05\/Aniversario-54-de-Escuela-de-Carachilla-3-768x432.jpg 768w, https:\/\/www.radiolimari.cl\/wp-content\/uploads\/2024\/05\/Aniversario-54-de-Escuela-de-Carachilla-3-1536x864.jpg 1536w, https:\/\/www.radiolimari.cl\/wp-content\/uploads\/2024\/05\/Aniversario-54-de-Escuela-de-Carachilla-3-2048x1152.jpg 2048w\" sizes=\"(max-width: 1024px) 100vw, 1024px\" \/><\/a><\/figure>\n\n\n\n<p><strong><em>El establecimiento de educaci\u00f3n municipal celebr\u00f3 un nuevo cumplea\u00f1os y se le hizo un reconocimiento a la instituci\u00f3n policial por su aniversario 97\u00b0 y por el lamentable asesinato de tres funcionarios en la comuna de Ca\u00f1ete. En la oportunidad, el alcalde Jonathan Acu\u00f1a y el director Josu\u00e9 Tapia inauguraron un nuevo espacio recreativo para los alumnos y alumnas del recinto acad\u00e9mico.<\/em><\/strong><\/p>\n\n\n\n<p>54 a\u00f1os de servicio a la educaci\u00f3n en la comuna de Ovalle est\u00e1 celebrando la escuela de Carachilla. Este a\u00f1o fue especial, puesto que el acto de aniversario se inici\u00f3 con un minuto de silencio y un sentido homenaje a Carabineros de Chile, luego de la lamentable p\u00e9rdida de tres funcionarios policiales que fueron asesinados en la comuna de Ca\u00f1ete. En la ocasi\u00f3n, participaron integrantes de la Tercera Comisar\u00eda de Ovalle, quienes recibieron un reconocimiento por su loable labor. Los alumnos y alumnas del establecimiento no quisieron quedar al margen y fue as\u00ed como Almendra Oyarce y Alonso Castillo declamaron el poema \u201cAl Carabinero\u201d destacando el compromiso de la instituci\u00f3n con la seguridad del pa\u00eds.<\/p>\n\n\n\n<p>Durante el aniversario, se realiz\u00f3 un concurso de dibujo entre los integrantes de la comunidad educativa con el lema \u201cEl agua es vida\u201d haciendo alusi\u00f3n al cuidado que debemos darle al recurso h\u00eddrico, ante la grave sequ\u00eda que se vive en la comuna de Ovalle. En la ocasi\u00f3n se premi\u00f3 a los mejores de las categor\u00edas Pre Kinder y Kinder, primer y segundo a\u00f1o b\u00e1sico, tercero y cuarto b\u00e1sico, quinto y sexto b\u00e1sico y s\u00e9ptimo y octavo a\u00f1o b\u00e1sico, quienes recibieron un presente y el reconocimiento de su escuela.&nbsp;<\/p>\n\n\n\n<p>En la oportunidad, tambi\u00e9n se destac\u00f3 por su compromiso con el funcionamiento del establecimiento y su contribuci\u00f3n con el proceso acad\u00e9mico a la funcionaria Palmenia Argando\u00f1a Milla y a la apoderada Rosario Delgado, adem\u00e1s del estudiante de s\u00e9ptimo a\u00f1o b\u00e1sico, Iker G\u00f3mez Pizarro.<\/p>\n\n\n\n<p>Durante el acto de aniversario se llev\u00f3 a cabo la premiaci\u00f3n del concurso de creaci\u00f3n literaria \u201cEl agua es vida\u201d, y las autoridades presentes, encabezadas por el alcalde de Ovalle, Jonathan Acu\u00f1a Rojas, fueron las encargadas de efectuar la premiaci\u00f3n. Elena Castillo obtuvo el primer lugar, el segundo puesto fue la Carla Cisternas y el tercer lugar fue para Brail\u00e9 Martinez.<\/p>\n\n\n\n<p>Este aniversario fue un d\u00eda muy especial, puesto que se inaugur\u00f3 oficialmente un \u00e1rea de juegos infantiles, que permitir\u00e1 que los ni\u00f1os y ni\u00f1as de Carachilla se diviertan en sus tiempos de recreaci\u00f3n. El alcalde Jonathan Acu\u00f1a Rojas indic\u00f3 que fue \u201cun aniversario distinto, con un emotivo homenaje a Carabineros de Chile, porque siento que es la forma de retribuir el esfuerzo y el trabajo que los funcionarios policiales desarrollan d\u00eda a d\u00eda. Adem\u00e1s, que pudimos inaugurar un espacio confortable y acorde a las necesidades de nuestros ni\u00f1os y ni\u00f1as, donde van a poder jugar, recrearse, porque siento que es la manera de mejorar la calidad de vida de la comunidad educativa\u201d. En tanto, el director del establecimiento, Josu\u00e9 Tapia Araya se\u00f1al\u00f3 que como instituci\u00f3n educativa \u201chicimos un homenaje a Carabineros por estos tres m\u00e1rtires y a la vez celebramos nuestros 54 a\u00f1os de vida al servicio de la educaci\u00f3n p\u00fablica y rural, basado en la calidad, en la oportunidad para los estudiantes y me siento muy feliz con el equipo y por el apoyo que hemos tenido del municipio de Ovalle, para el desarrollo de nuestras actividades\u201d.<\/p>\n\n\n\n<p>En el marco de esta celebraci\u00f3n los integrantes del taller de danza del recinto educacional de Carachilla mostraron su talento con los temas Chica Yey\u00e9 y tambi\u00e9n con el tema central de la pel\u00edcula Grease Brillantina. Posteriormente, el taller de arte del recinto educacional, a cargo del director del recinto Josu\u00e9 Tapia Araya interpret\u00f3 el tema Estrellita, quienes deleitaron al p\u00fablico con arreglos en teclado y en viol\u00edn.<\/p>\n","protected":false},"excerpt":{"rendered":"<p>El establecimiento de educaci\u00f3n municipal celebr\u00f3 un nuevo cumplea\u00f1os y se le hizo un reconocimiento a la instituci\u00f3n policial por su aniversario 97\u00b0 y por el lamentable asesinato de tres funcionarios en la comuna de Ca\u00f1ete. En la oportunidad, el alcalde Jonathan Acu\u00f1a y el director Josu\u00e9 Tapia inauguraron un nuevo espacio recreativo para los &#8230;<\/p>\n","protected":false},"author":2,"featured_media":11304,"comment_status":"open","ping_status":"open","sticky":false,"template":"","format":"standard","meta":{"footnotes":""},"categories":[5],"tags":[],"class_list":["post-11303","post","type-post","status-publish","format-standard","has-post-thumbnail","hentry","category-actualidad-limarina"],"_links":{"self":[{"href":"https:\/\/www.radiolimari.cl\/index.php?rest_route=\/wp\/v2\/posts\/11303","targetHints":{"allow":["GET"]}}],"collection":[{"href":"https:\/\/www.radiolimari.cl\/index.php?rest_route=\/wp\/v2\/posts"}],"about":[{"href":"https:\/\/www.radiolimari.cl\/index.php?rest_route=\/wp\/v2\/types\/post"}],"author":[{"embeddable":true,"href":"https:\/\/www.radiolimari.cl\/index.php?rest_route=\/wp\/v2\/users\/2"}],"replies":[{"embeddable":true,"href":"https:\/\/www.radiolimari.cl\/index.php?rest_route=%2Fwp%2Fv2%2Fcomments&post=11303"}],"version-history":[{"count":1,"href":"https:\/\/www.radiolimari.cl\/index.php?rest_route=\/wp\/v2\/posts\/11303\/revisions"}],"predecessor-version":[{"id":11305,"href":"https:\/\/www.radiolimari.cl\/index.php?rest_route=\/wp\/v2\/posts\/11303\/revisions\/11305"}],"wp:featuredmedia":[{"embeddable":true,"href":"https:\/\/www.radiolimari.cl\/index.php?rest_route=\/wp\/v2\/media\/11304"}],"wp:attachment":[{"href":"https:\/\/www.radiolimari.cl\/index.php?rest_route=%2Fwp%2Fv2%2Fmedia&parent=11303"}],"wp:term":[{"taxonomy":"category","embeddable":true,"href":"https:\/\/www.radiolimari.cl\/index.php?rest_route=%2Fwp%2Fv2%2Fcategories&post=11303"},{"taxonomy":"post_tag","embeddable":true,"href":"https:\/\/www.radiolimari.cl\/index.php?rest_route=%2Fwp%2Fv2%2Ftags&post=11303"}],"curies":[{"name":"wp","href":"https:\/\/api.w.org\/{rel}","templated":true}]}}