{"id":11300,"date":"2024-05-01T01:34:12","date_gmt":"2024-05-01T01:34:12","guid":{"rendered":"https:\/\/www.radiolimari.cl\/?p=11300"},"modified":"2024-05-01T01:34:13","modified_gmt":"2024-05-01T01:34:13","slug":"el-ministerio-de-educacion-anuncia-modificaciones-al-calendario-de-postulacion-al-sistema-de-admision-escolar-2025","status":"publish","type":"post","link":"https:\/\/www.radiolimari.cl\/?p=11300","title":{"rendered":"El Ministerio de Educaci\u00f3n anuncia modificaciones al calendario de postulaci\u00f3n al Sistema de Admisi\u00f3n Escolar 2025."},"content":{"rendered":"\n<figure class=\"wp-block-image size-large\"><a href=\"https:\/\/www.radiolimari.cl\/wp-content\/uploads\/2024\/05\/IMG-20240430-WA0005.jpg\"><img fetchpriority=\"high\" decoding=\"async\" width=\"1024\" height=\"688\" src=\"https:\/\/www.radiolimari.cl\/wp-content\/uploads\/2024\/05\/IMG-20240430-WA0005-1024x688.jpg\" alt=\"\" class=\"wp-image-11301\" srcset=\"https:\/\/www.radiolimari.cl\/wp-content\/uploads\/2024\/05\/IMG-20240430-WA0005-1024x688.jpg 1024w, https:\/\/www.radiolimari.cl\/wp-content\/uploads\/2024\/05\/IMG-20240430-WA0005-300x202.jpg 300w, https:\/\/www.radiolimari.cl\/wp-content\/uploads\/2024\/05\/IMG-20240430-WA0005-768x516.jpg 768w, https:\/\/www.radiolimari.cl\/wp-content\/uploads\/2024\/05\/IMG-20240430-WA0005.jpg 1280w\" sizes=\"(max-width: 1024px) 100vw, 1024px\" \/><\/a><\/figure>\n\n\n\n<p><strong>Las y los estudiantes asignados luego del proceso de postulaci\u00f3n deber\u00e1n concretar su matr\u00edcula entre el 5 y 13 diciembre e inmediatamente comenzar\u00e1 la etapa de regularizaci\u00f3n de la matr\u00edcula.<\/strong><\/p>\n\n\n\n<p><strong>\u2022 \u201cComo Mineduc hemos decidido adelantar la regularizaci\u00f3n de la matr\u00edcula escolar en 23 d\u00edas respecto del periodo anterior\u201d, indic\u00f3 la subsecretaria Alejandra Arratia.<\/strong><\/p>\n\n\n\n<p>El Ministerio de Educaci\u00f3n anunci\u00f3 cambios en el calendario de postulaci\u00f3n al Sistema de Admisi\u00f3n Escolar 2025, fijando nuevas fechas para los procesos de regularizaci\u00f3n de matr\u00edcula. De esta forma, los establecimientos educacionales deber\u00e1n asignar sus vacantes disponibles previo al receso de verano, lo que permitir\u00eda que m\u00e1s ni\u00f1os, ni\u00f1as y j\u00f3venes concluyan su proceso de matr\u00edcula.&nbsp;<\/p>\n\n\n\n<p>En ese contexto, <strong>se defini\u00f3 que desde el jueves 2 de mayo los establecimientos educacionales deber\u00e1n comenzar el reporte de cupos para la admisi\u00f3n escolar 2025,<\/strong> con el objetivo de planificar y asegurar la disponibilidad de cupos necesarios para los estudiantes de continuidad, y conocer la demanda proyectada para cada nivel y comuna.<\/p>\n\n\n\n<p>En esta fase del proceso, el Mineduc podr\u00e1 levantar alertas asociadas al reporte de cupos a cada sostenedor y director de los establecimientos educacionales, conocer donde se concentra la falta de oferta educativa y supervisar la planificaci\u00f3n en la cobertura de la educaci\u00f3n p\u00fablica.<\/p>\n\n\n\n<p><strong>El periodo principal de postulaci\u00f3n comenzar\u00e1 el viernes 2 de agosto y los resultados de esta etapa se publicar\u00e1n a partir del jueves 17 de octubre<\/strong>. Adicionalmente, <strong>entre el viernes 15 y el viernes 22 de noviembre, se abrir\u00e1 el periodo complementario de postulaci\u00f3n<\/strong>, donde solo estar\u00e1n disponibles para postular aquellos establecimientos que aun tengan vacantes para asignar. Los resultados de este proceso se publicar\u00e1n el mi\u00e9rcoles 4 de diciembre.<\/p>\n\n\n\n<p>Este a\u00f1o, <strong>el proceso de regularizaci\u00f3n de matr\u00edcula se adelant\u00f3, por lo que las y los estudiantes deber\u00e1n concretar su matr\u00edcula entre el jueves 5 y el viernes 13 de diciembre<\/strong>, e inmediatamente concluido este periodo, iniciar\u00e1 la regularizaci\u00f3n de matr\u00edcula para quienes no participaron del SAE, o bien, participaron del proceso, pero no fue posible asignarle una vacante dentro de sus preferencias.&nbsp;<\/p>\n\n\n\n<p>Al respecto, la subsecretaria de Educaci\u00f3n, Alejandra Arratia indic\u00f3 que \u201cen virtud de la experiencia acumulada, como Mineduc hemos decidido adelantar la regularizaci\u00f3n de la matr\u00edcula escolar en 23 d\u00edas respecto del periodo anterior. Esta medida permitir\u00e1 que los establecimientos educacionales asignen sus vacantes disponibles previo al receso de verano, lo que asegura que m\u00e1s ni\u00f1os, ni\u00f1as y j\u00f3venes tengan una matr\u00edcula garantizada para el inicio del a\u00f1o escolar respectivo\u201d.&nbsp;&nbsp;<\/p>\n\n\n\n<p>La autoridad cerr\u00f3 indicando que \u201cnos encontramos trabajando, adem\u00e1s, en el desarrollo de una plataforma interna que funcione como Registro P\u00fablico Digital. En este desarrollo tecnol\u00f3gico se recogieron las opiniones y experiencia de las comunidades educativas en el primer a\u00f1o de implementaci\u00f3n de \u201cAn\u00f3tate en la Lista 2024\u201d.<\/p>\n\n\n\n<p><strong>Encuentro en el colegio&nbsp;<\/strong><\/p>\n\n\n\n<p>Los establecimientos educacionales, previo al comienzo del periodo principal de postulaciones, podr\u00e1n realizar la difusi\u00f3n de sus proyectos educativos, a trav\u00e9s de la iniciativa \u201cEncuentro en el colegio\u201d, instancia donde cientos de colegios abrir\u00e1n sus puertas para que las familias se informen sobre las diferentes opciones de instituciones a las que las pueden postular para el a\u00f1o escolar 2025.&nbsp;&nbsp;&nbsp;&nbsp;<\/p>\n\n\n\n<p>La subsecretaria de Educaci\u00f3n, Alejandra Arratia hizo un llamado a las familias de las y los estudiantes a participar de esta iniciativa y \u201ctomarse el tiempo de conocer los proyectos educativos de su regi\u00f3n o comunas de inter\u00e9s y explorar diferentes alternativas de establecimientos educacionales a los que quieren postular y, por, sobre todo, a que realicen este proceso dentro de los plazos establecidos en el calendario\u201d.&nbsp; &nbsp;<\/p>\n","protected":false},"excerpt":{"rendered":"<p>Las y los estudiantes asignados luego del proceso de postulaci\u00f3n deber\u00e1n concretar su matr\u00edcula entre el 5 y 13 diciembre e inmediatamente comenzar\u00e1 la etapa de regularizaci\u00f3n de la matr\u00edcula. \u2022 \u201cComo Mineduc hemos decidido adelantar la regularizaci\u00f3n de la matr\u00edcula escolar en 23 d\u00edas respecto del periodo anterior\u201d, indic\u00f3 la subsecretaria Alejandra Arratia. El &#8230;<\/p>\n","protected":false},"author":2,"featured_media":11301,"comment_status":"open","ping_status":"open","sticky":false,"template":"","format":"standard","meta":{"footnotes":""},"categories":[3],"tags":[],"class_list":["post-11300","post","type-post","status-publish","format-standard","has-post-thumbnail","hentry","category-actualidad"],"_links":{"self":[{"href":"https:\/\/www.radiolimari.cl\/index.php?rest_route=\/wp\/v2\/posts\/11300","targetHints":{"allow":["GET"]}}],"collection":[{"href":"https:\/\/www.radiolimari.cl\/index.php?rest_route=\/wp\/v2\/posts"}],"about":[{"href":"https:\/\/www.radiolimari.cl\/index.php?rest_route=\/wp\/v2\/types\/post"}],"author":[{"embeddable":true,"href":"https:\/\/www.radiolimari.cl\/index.php?rest_route=\/wp\/v2\/users\/2"}],"replies":[{"embeddable":true,"href":"https:\/\/www.radiolimari.cl\/index.php?rest_route=%2Fwp%2Fv2%2Fcomments&post=11300"}],"version-history":[{"count":1,"href":"https:\/\/www.radiolimari.cl\/index.php?rest_route=\/wp\/v2\/posts\/11300\/revisions"}],"predecessor-version":[{"id":11302,"href":"https:\/\/www.radiolimari.cl\/index.php?rest_route=\/wp\/v2\/posts\/11300\/revisions\/11302"}],"wp:featuredmedia":[{"embeddable":true,"href":"https:\/\/www.radiolimari.cl\/index.php?rest_route=\/wp\/v2\/media\/11301"}],"wp:attachment":[{"href":"https:\/\/www.radiolimari.cl\/index.php?rest_route=%2Fwp%2Fv2%2Fmedia&parent=11300"}],"wp:term":[{"taxonomy":"category","embeddable":true,"href":"https:\/\/www.radiolimari.cl\/index.php?rest_route=%2Fwp%2Fv2%2Fcategories&post=11300"},{"taxonomy":"post_tag","embeddable":true,"href":"https:\/\/www.radiolimari.cl\/index.php?rest_route=%2Fwp%2Fv2%2Ftags&post=11300"}],"curies":[{"name":"wp","href":"https:\/\/api.w.org\/{rel}","templated":true}]}}