{"id":11275,"date":"2024-04-25T00:37:00","date_gmt":"2024-04-25T00:37:00","guid":{"rendered":"https:\/\/www.radiolimari.cl\/?p=11275"},"modified":"2024-04-25T00:37:00","modified_gmt":"2024-04-25T00:37:00","slug":"en-encuentro-binacional-consolidan-lazos-de-integracion-y-cooperacion-entre-la-region-de-coquimbo-y-la-vecina-provincia-de-san-juan","status":"publish","type":"post","link":"https:\/\/www.radiolimari.cl\/?p=11275","title":{"rendered":"En Encuentro Binacional: Consolidan lazos de integraci\u00f3n y cooperaci\u00f3n entre la Regi\u00f3n de Coquimbo y la vecina Provincia de San Juan."},"content":{"rendered":"\n<figure class=\"wp-block-image size-large\"><a href=\"https:\/\/www.radiolimari.cl\/wp-content\/uploads\/2024\/04\/IMG_20240424_132232.jpg\"><img fetchpriority=\"high\" decoding=\"async\" width=\"1024\" height=\"683\" src=\"https:\/\/www.radiolimari.cl\/wp-content\/uploads\/2024\/04\/IMG_20240424_132232-1024x683.jpg\" alt=\"\" class=\"wp-image-11276\" srcset=\"https:\/\/www.radiolimari.cl\/wp-content\/uploads\/2024\/04\/IMG_20240424_132232-1024x683.jpg 1024w, https:\/\/www.radiolimari.cl\/wp-content\/uploads\/2024\/04\/IMG_20240424_132232-300x200.jpg 300w, https:\/\/www.radiolimari.cl\/wp-content\/uploads\/2024\/04\/IMG_20240424_132232-768x512.jpg 768w, https:\/\/www.radiolimari.cl\/wp-content\/uploads\/2024\/04\/IMG_20240424_132232-1536x1024.jpg 1536w, https:\/\/www.radiolimari.cl\/wp-content\/uploads\/2024\/04\/IMG_20240424_132232.jpg 1920w\" sizes=\"(max-width: 1024px) 100vw, 1024px\" \/><\/a><\/figure>\n\n\n\n<p><strong><em>Ambos territorios impulsar\u00e1n una agenda de trabajo que brindar\u00e1 oportunidades de desarrollo econ\u00f3mico y social.<\/em><\/strong><\/p>\n\n\n\n<p>&nbsp;&nbsp;&nbsp;&nbsp;&nbsp;&nbsp;&nbsp;&nbsp;&nbsp;&nbsp;&nbsp;&nbsp; En la Casa Central de la Universidad de La Serena se dio inicio oficialmente al <em>\u201cEncuentro Binacional Agua Negra: Territorio Solidario y Tecnol\u00f3gico\u201d,<\/em> que reuni\u00f3 por primera vez en la regi\u00f3n a diversas autoridades y gremios locales con el Gobernador de la Provincia de San Juan, Argentina, Dr. Marcelo Orrego y parte de su equipo de gabinete.&nbsp;<\/p>\n\n\n\n<p>&nbsp;&nbsp;&nbsp;&nbsp;&nbsp;&nbsp;&nbsp;&nbsp;&nbsp;&nbsp;&nbsp;&nbsp; La instancia sin duda marca un nuevo hito en la hist\u00f3rica relaci\u00f3n entre ambos territorios. As\u00ed lo destac\u00f3 el Delegado Presidencial Regional, Galo Luna, quien se\u00f1al\u00f3 que \u201c<strong>El Presidente de la Rep\u00fablica Gabriel Boric lo ha planteado, que nosotros tenemos una larga frontera con Argentina y vamos a potenciar todos los mecanismos de integraci\u00f3n posibles. Estamos viviendo problemas similares, afectados por una de las sequ\u00edas m\u00e1s grandes del siglo en nuestra regi\u00f3n, en San Juan lo mismo, y es momento tambi\u00e9n de compartir las soluciones tecnol\u00f3gicas y la visi\u00f3n territorial que podamos tener de c\u00f3mo enfrentar estos problemas\u201d<\/strong>, declar\u00f3 la autoridad regional.<\/p>\n\n\n\n<p>&nbsp;&nbsp;&nbsp;&nbsp;&nbsp;&nbsp;&nbsp;&nbsp;&nbsp;&nbsp;&nbsp;&nbsp; Por su parte, el Gobernador de la Provincia de San Juan, Dr. Marcelo Orrego, valor\u00f3 la instancia de trabajo que consolida la estrecha relaci\u00f3n con la regi\u00f3n de Coquimbo.&nbsp; \u201c<strong>No nos une la cordillera solamente, nos une el cari\u00f1o, el respeto, todos los que somos de San Juan siempre hemos venido a disfrutar de las enormes maravillas que tiene Chile, muchas veces en el verano, otras veces en el invierno. Y no es el desarrollo solamente en un tema comercial, es el desarrollo de nuestras localidades en materia cultural, en materia tur\u00edstica, es decir, intervienen todos los agentes del Estado de ambos pa\u00edses y adem\u00e1s tambi\u00e9n el sector privado que la verdad que hace de motor para que todo funcione\u201d<\/strong>, coment\u00f3.<\/p>\n\n\n\n<p>&nbsp;&nbsp;&nbsp;&nbsp;&nbsp;&nbsp;&nbsp; Infraestructura, deporte, cultura, cooperaci\u00f3n tecnol\u00f3gica, turismo, manejo de residuos, escasez h\u00eddrica, fueron solo parte de los temas que se tocaron durante la jornada en distintos paneles en los que participaron seremis del gabinete regional y sus pares trasandinos, como la Ministra de Gobierno, Laura Palma, el Ministro de Infraestructura, Agua y Energ\u00eda, Fernando Perea y el Ministro de Turismo, Cultura y Deportes, Guido Romero.<\/p>\n\n\n\n<p>&nbsp;&nbsp;&nbsp;&nbsp;&nbsp;&nbsp;&nbsp;&nbsp;&nbsp;&nbsp;&nbsp;&nbsp; Las autoridades invitadas coincidieron en la necesidad de avanzar hacia una pol\u00edtica integral que permita desarrollar de manera m\u00e1s robusta la integraci\u00f3n. En ese sentido, el alcalde de Vicu\u00f1a y adem\u00e1s, Presidente de la Asociaci\u00f3n de municipios de la regi\u00f3n, Rafael Vera, manifest\u00f3 que <strong>\u201cevidentemente este tipo de reuniones nos permiten avanzar en el trabajo. Es por eso que el Gobernador ha venido con su equipo de ministros, es por eso que los seremis de la regi\u00f3n est\u00e1n presentes, yo en representaci\u00f3n de los alcaldes. Y sin lugar a dudas, creo que este es el inicio de retomar efectivamente los compromisos que hab\u00edamos establecido\u201d <\/strong>Mientras queel Presidente de la Comisi\u00f3n de Ordenamiento territorial e infraestructura del Consejo Regional, Wladimir Pleticosic, se\u00f1al\u00f3 que<strong> \u201cNosotros como Gobierno regional estamos entendiendo que para poder generar este lazo con San Juan debemos prepararnos y para eso nosotros estamos trabajando en una serie de instancias para poder planificar nuestro territorio, para poder establecer esta relaci\u00f3n y por supuesto, hacerlo de manera responsable\u201d.<\/strong><\/p>\n\n\n\n<p><strong>ACUERDO ENTRE UNIVERSIDAD DE LA SERENA Y SAN JUAN<\/strong><\/p>\n\n\n\n<p>&nbsp;&nbsp;&nbsp;&nbsp;&nbsp;&nbsp;&nbsp;&nbsp;&nbsp;&nbsp;&nbsp;&nbsp; La necesidad de potenciar una relaci\u00f3n integral entre ambos territorios tambi\u00e9n abarca el \u00e1mbito educacional. Por eso dentro de la jornada,&nbsp; destac\u00f3 la firma de un acuerdo de colaboraci\u00f3n t\u00e9cnica-cient\u00edfica entre la Regi\u00f3n de Coquimbo, la Provincia de San Juan y la Universidad de La Serena, el que significar\u00e1 <strong>\u201cpoder traspasar lo que nosotros hemos avanzado en investigaci\u00f3n, en creaci\u00f3n, innovaci\u00f3n a nuestros hermanos argentinos, a su universidad y a todos los sectores en los cuales ellos tambi\u00e9n sabemos que han avanzado en muchas \u00e1reas. Creo que juntar los esfuerzos y el conocimiento va a ser una sinergia que nos va a permitir un c\u00edrculo virtuoso para avanzar\u201d, <\/strong>coment\u00f3 la Rectora de la casa de estudios, Dra. Luperfina Rojas.<\/p>\n\n\n\n<p>&nbsp;&nbsp;&nbsp;&nbsp;&nbsp;&nbsp;&nbsp;&nbsp;&nbsp;&nbsp;&nbsp;&nbsp; Las actividades del Encuentro Binacional contin\u00faan este jueves con una visita a las comunas de La Higuera y Vicu\u00f1a, donde la comitiva participar\u00e1 de&nbsp; la Cumbre Internacional del H\u00e1bitat de Am\u00e9rica Latina y el Caribe.<\/p>\n","protected":false},"excerpt":{"rendered":"<p>Ambos territorios impulsar\u00e1n una agenda de trabajo que brindar\u00e1 oportunidades de desarrollo econ\u00f3mico y social. &nbsp;&nbsp;&nbsp;&nbsp;&nbsp;&nbsp;&nbsp;&nbsp;&nbsp;&nbsp;&nbsp;&nbsp; En la Casa Central de la Universidad de La Serena se dio inicio oficialmente al \u201cEncuentro Binacional Agua Negra: Territorio Solidario y Tecnol\u00f3gico\u201d, que reuni\u00f3 por primera vez en la regi\u00f3n a diversas autoridades y gremios locales con el &#8230;<\/p>\n","protected":false},"author":2,"featured_media":11276,"comment_status":"open","ping_status":"open","sticky":false,"template":"","format":"standard","meta":{"footnotes":""},"categories":[3],"tags":[],"class_list":["post-11275","post","type-post","status-publish","format-standard","has-post-thumbnail","hentry","category-actualidad"],"_links":{"self":[{"href":"https:\/\/www.radiolimari.cl\/index.php?rest_route=\/wp\/v2\/posts\/11275","targetHints":{"allow":["GET"]}}],"collection":[{"href":"https:\/\/www.radiolimari.cl\/index.php?rest_route=\/wp\/v2\/posts"}],"about":[{"href":"https:\/\/www.radiolimari.cl\/index.php?rest_route=\/wp\/v2\/types\/post"}],"author":[{"embeddable":true,"href":"https:\/\/www.radiolimari.cl\/index.php?rest_route=\/wp\/v2\/users\/2"}],"replies":[{"embeddable":true,"href":"https:\/\/www.radiolimari.cl\/index.php?rest_route=%2Fwp%2Fv2%2Fcomments&post=11275"}],"version-history":[{"count":1,"href":"https:\/\/www.radiolimari.cl\/index.php?rest_route=\/wp\/v2\/posts\/11275\/revisions"}],"predecessor-version":[{"id":11277,"href":"https:\/\/www.radiolimari.cl\/index.php?rest_route=\/wp\/v2\/posts\/11275\/revisions\/11277"}],"wp:featuredmedia":[{"embeddable":true,"href":"https:\/\/www.radiolimari.cl\/index.php?rest_route=\/wp\/v2\/media\/11276"}],"wp:attachment":[{"href":"https:\/\/www.radiolimari.cl\/index.php?rest_route=%2Fwp%2Fv2%2Fmedia&parent=11275"}],"wp:term":[{"taxonomy":"category","embeddable":true,"href":"https:\/\/www.radiolimari.cl\/index.php?rest_route=%2Fwp%2Fv2%2Fcategories&post=11275"},{"taxonomy":"post_tag","embeddable":true,"href":"https:\/\/www.radiolimari.cl\/index.php?rest_route=%2Fwp%2Fv2%2Ftags&post=11275"}],"curies":[{"name":"wp","href":"https:\/\/api.w.org\/{rel}","templated":true}]}}