{"id":11272,"date":"2024-04-25T00:26:15","date_gmt":"2024-04-25T00:26:15","guid":{"rendered":"https:\/\/www.radiolimari.cl\/?p=11272"},"modified":"2024-04-25T00:26:15","modified_gmt":"2024-04-25T00:26:15","slug":"aumentan-cupos-y-beneficios-del-programa-de-empleabilidad-para-las-comunas-de-la-region-de-coquimbo","status":"publish","type":"post","link":"https:\/\/www.radiolimari.cl\/?p=11272","title":{"rendered":"AUMENTAN CUPOS Y BENEFICIOS DEL PROGRAMA DE EMPLEABILIDAD PARA LAS COMUNAS DE LA REGI\u00d3N DE COQUIMBO."},"content":{"rendered":"\n<figure class=\"wp-block-image size-full\"><a href=\"https:\/\/www.radiolimari.cl\/wp-content\/uploads\/2024\/04\/3O5A0521-2-2.jpg\"><img fetchpriority=\"high\" decoding=\"async\" width=\"1024\" height=\"683\" src=\"https:\/\/www.radiolimari.cl\/wp-content\/uploads\/2024\/04\/3O5A0521-2-2.jpg\" alt=\"\" class=\"wp-image-11273\" srcset=\"https:\/\/www.radiolimari.cl\/wp-content\/uploads\/2024\/04\/3O5A0521-2-2.jpg 1024w, https:\/\/www.radiolimari.cl\/wp-content\/uploads\/2024\/04\/3O5A0521-2-2-300x200.jpg 300w, https:\/\/www.radiolimari.cl\/wp-content\/uploads\/2024\/04\/3O5A0521-2-2-768x512.jpg 768w\" sizes=\"(max-width: 1024px) 100vw, 1024px\" \/><\/a><\/figure>\n\n\n\n<p><strong>El programa de empleabilidad ha sido todo un \u00e9xito, \u00fanico a nivel pa\u00eds.<\/strong><strong><\/strong><\/p>\n\n\n\n<p>Tras un trabajo conjunto con los profesionales de la Divisi\u00f3n de Planificaci\u00f3n y Desarrollo Regional (DIPLADE) del GORE, el Consejo Regional (CORE) aprob\u00f3 por unanimidad con modificaciones el Programa de Empleabilidad Regional propuesto por la Gobernadora Krist Naranjo, el que se ejecutar\u00e1 a partir de julio y hasta diciembre de 2O24.<\/p>\n\n\n\n<p>El Consejo Regional manifest\u00f3 su voluntad de respaldar la nueva iniciativa postulada por la gobernadora Naranjo, con las modificaciones pertinentes. De esta forma la propuesta de empleabilidad mantiene a las comunas de Andacollo, Paihuano, Vicu\u00f1a, La Higuera, La Serena, Ovalle, Punitaqui, R\u00edo Hurtado, Combarbal\u00e1, Monte Patria, Salamanca, Los Vilos, Illapel y Canela, con un total de 1.312 cupos de Media Jornada y 1.116 cupos de Jornada Completa, lo que representa una inversi\u00f3n del orden de los $ 7 mil 566.406.018, con cargo al presupuesto 2024 del Fondo Nacional de Desarrollo Regional (FNDR), para el periodo Julio &#8211; diciembre.<\/p>\n\n\n\n<p>En el caso de las comunas de Limar\u00ed, contempla un aumento de 61 cupos en jornada completa, dado que es la zona m\u00e1s afectada por la emergencia h\u00eddrica. En el caso de las provincias de Elqui y Choapa se consideran aumentos de cupos en jornada completa.<\/p>\n\n\n\n<p>Consultado a la Gobernadora Krist Naranjo respecto al programa regional manifest\u00f3 que es un gran logro y entrega tranquilidad a las familias, precisando, <strong><em>\u201cel programa de empleabilidad ha sido todo un \u00e9xito, \u00fanico a nivel pa\u00eds, estamos suplementando para el segundo semestre del 2024, m\u00e1s de $ 7 mil 500 millones, que dan una suma de empleabilidad regional anual de m\u00e1s de $ 11 mil 500 millones de pesos, cifra antes no vista y que hoy nos permite dar seguridad laboral tanto a mujeres y hombres, que hoy en d\u00eda est\u00e1n con cesant\u00eda. Algunas comunas han sido beneficiadas con m\u00e1s de 200 cupos de empleo, lo que es muy bueno. A nivel regional tenemos 2.500 empleos m\u00e1s para nuestra regi\u00f3n de Coquimbo\u201d, <\/em><\/strong>ratifica la Gobernadora.<\/p>\n\n\n\n<p>En tanto, el alcalde de Andacollo, Gerald Cerda coment\u00f3 que el programa de empleabilidad es muy significativo para las familias. <strong><em>\u201ceste programa ayudar\u00eda en general a resolver la fase b\u00e1sica para que puedan tener recursos econ\u00f3micos nuestras familias andacollinas, es una muy buena iniciativa, un tremendo acierto que obviamente posibilita de alguna manera mantener y descender la desempleabilidad que tenemos en Andacollo a trav\u00e9s de este recurso de suplemento al programa de empleabilidad. Se agradece tambi\u00e9n que est\u00e9n preocupados respecto a que no haya lagunas entre ciertos periodos de tiempo, lo que genera tranquilidad y seguridad en cuanto a la protecci\u00f3n de las familias de poder contar con el recurso econ\u00f3mico mensual sin tener preocupaciones derivadas\u201d, <\/em><\/strong>dijo el edil.<\/p>\n\n\n\n<p>El alcalde de Monte Patria, Cristian Herrera manifest\u00f3 <strong><em>\u201crecibimos con alegr\u00eda el que se mantenga el programa de empleabilidad que ha impulsado el gobierno regional porque la situaci\u00f3n y cat\u00e1strofe h\u00eddrica no ha mejorado, sino que sigue empeorando, por eso valoramos que tengamos m\u00e1s cupos de empleo, 61 cupos m\u00e1s. El agradecimiento a la Gobernadora y Consejo Regional por esta aprobaci\u00f3n, \u00e9stos esfuerzos siguen siendo insuficiente, esperamos desde el gobierno central prontamente implemente un programa de empleabilidad porque son muchas las familias&nbsp; que han perdido su sustento laboral, al no haber agua se est\u00e1n cerrando los campos, as\u00ed como el gobierno regional hace los esfuerzos para tener un programa de empleabilidad hasta el mes de diciembre, tambi\u00e9n espero que otros actores se sumen en la dif\u00edcil situaci\u00f3n que est\u00e1n pasando nuestras familias en la ruralidad\u201d.<\/em><\/strong><strong><em><\/em><\/strong><\/p>\n\n\n\n<p>En esa l\u00ednea el total de aumento de los cupos asignados en la regi\u00f3n corresponde a 561 personas para la jornada completa, lo que significa una importante ayuda en materia de empleabilidad considerando que en el mes de junio aumentar\u00e1 en sueldo m\u00ednimo en $ 500 mil pesos.<\/p>\n\n\n\n<p>Cabe destacar que todas las personas que se desempe\u00f1an en el programa podr\u00e1n contar con elementos de protecci\u00f3n personal, adem\u00e1s de aguinaldos en los meses de septiembre y diciembre. Respecto a los recursos del programa, ser\u00e1n transferidos directamente a los municipios, siendo responsabilidad del Gobierno Regional realizar un seguimiento mensual a la ejecuci\u00f3n del programa, fiscalizaci\u00f3n a la que se sumar\u00e1 el Consejo Regional.<\/p>\n","protected":false},"excerpt":{"rendered":"<p>El programa de empleabilidad ha sido todo un \u00e9xito, \u00fanico a nivel pa\u00eds. Tras un trabajo conjunto con los profesionales de la Divisi\u00f3n de Planificaci\u00f3n y Desarrollo Regional (DIPLADE) del GORE, el Consejo Regional (CORE) aprob\u00f3 por unanimidad con modificaciones el Programa de Empleabilidad Regional propuesto por la Gobernadora Krist Naranjo, el que se ejecutar\u00e1 &#8230;<\/p>\n","protected":false},"author":2,"featured_media":11273,"comment_status":"open","ping_status":"open","sticky":false,"template":"","format":"standard","meta":{"footnotes":""},"categories":[6],"tags":[],"class_list":["post-11272","post","type-post","status-publish","format-standard","has-post-thumbnail","hentry","category-regionales"],"_links":{"self":[{"href":"https:\/\/www.radiolimari.cl\/index.php?rest_route=\/wp\/v2\/posts\/11272","targetHints":{"allow":["GET"]}}],"collection":[{"href":"https:\/\/www.radiolimari.cl\/index.php?rest_route=\/wp\/v2\/posts"}],"about":[{"href":"https:\/\/www.radiolimari.cl\/index.php?rest_route=\/wp\/v2\/types\/post"}],"author":[{"embeddable":true,"href":"https:\/\/www.radiolimari.cl\/index.php?rest_route=\/wp\/v2\/users\/2"}],"replies":[{"embeddable":true,"href":"https:\/\/www.radiolimari.cl\/index.php?rest_route=%2Fwp%2Fv2%2Fcomments&post=11272"}],"version-history":[{"count":1,"href":"https:\/\/www.radiolimari.cl\/index.php?rest_route=\/wp\/v2\/posts\/11272\/revisions"}],"predecessor-version":[{"id":11274,"href":"https:\/\/www.radiolimari.cl\/index.php?rest_route=\/wp\/v2\/posts\/11272\/revisions\/11274"}],"wp:featuredmedia":[{"embeddable":true,"href":"https:\/\/www.radiolimari.cl\/index.php?rest_route=\/wp\/v2\/media\/11273"}],"wp:attachment":[{"href":"https:\/\/www.radiolimari.cl\/index.php?rest_route=%2Fwp%2Fv2%2Fmedia&parent=11272"}],"wp:term":[{"taxonomy":"category","embeddable":true,"href":"https:\/\/www.radiolimari.cl\/index.php?rest_route=%2Fwp%2Fv2%2Fcategories&post=11272"},{"taxonomy":"post_tag","embeddable":true,"href":"https:\/\/www.radiolimari.cl\/index.php?rest_route=%2Fwp%2Fv2%2Ftags&post=11272"}],"curies":[{"name":"wp","href":"https:\/\/api.w.org\/{rel}","templated":true}]}}