{"id":11260,"date":"2024-04-19T13:30:24","date_gmt":"2024-04-19T13:30:24","guid":{"rendered":"https:\/\/www.radiolimari.cl\/?p=11260"},"modified":"2024-04-19T13:30:24","modified_gmt":"2024-04-19T13:30:24","slug":"en-localidad-de-caimanes-provincia-de-choapa-se-vivio-una-nueva-jornada-de-gobierno-en-terreno","status":"publish","type":"post","link":"https:\/\/www.radiolimari.cl\/?p=11260","title":{"rendered":"En localidad de Caimanes, provincia de Choapa se vivi\u00f3 una nueva jornada de Gobierno en Terreno."},"content":{"rendered":"\n<figure class=\"wp-block-image size-full\"><a href=\"https:\/\/www.radiolimari.cl\/wp-content\/uploads\/2024\/04\/20240418_123555.jpg\"><img fetchpriority=\"high\" decoding=\"async\" width=\"800\" height=\"600\" src=\"https:\/\/www.radiolimari.cl\/wp-content\/uploads\/2024\/04\/20240418_123555.jpg\" alt=\"\" class=\"wp-image-11261\" srcset=\"https:\/\/www.radiolimari.cl\/wp-content\/uploads\/2024\/04\/20240418_123555.jpg 800w, https:\/\/www.radiolimari.cl\/wp-content\/uploads\/2024\/04\/20240418_123555-300x225.jpg 300w, https:\/\/www.radiolimari.cl\/wp-content\/uploads\/2024\/04\/20240418_123555-768x576.jpg 768w\" sizes=\"(max-width: 800px) 100vw, 800px\" \/><\/a><\/figure>\n\n\n\n<p><a><\/a><strong><em>En sector de la comuna balneario de Choapa se efectu\u00f3 una nueva plaza ciudadana, instancia que cont\u00f3 con la participaci\u00f3n de quince servicios, de los cuales once eran entidades gubernamentales y cuatro pertenecientes a la delegaci\u00f3n municipal porte\u00f1a<\/em><\/strong><\/p>\n\n\n\n<p>Las vecinas y vecinos de Caimanes llegaron muy temprano a realizar sus consultas a los distintos servicios, que en sus respectivos stands, dieron vida a un nuevo Gobierno en Terreno, la instancia, liderada por la Delegaci\u00f3n Presidencial Provincial de Choapa arrib\u00f3 a un costado de la iglesia de la localidad donde se ubica actualmente la Delegaci\u00f3n Municipal de la comuna de Los Vilos, entregando oportuna respuesta a cada una de las preguntas y tr\u00e1mites que aguardaba efectuar la comunidad<\/p>\n\n\n\n<p>En la oportunidad, y con una temperatura que bordeaba los 25 grados, esta nueva plaza ciudadana realiz\u00f3 alrededor de 80 atenciones, en que adem\u00e1s, hubo un importante operativo dedicado especialmente a los crianceros del sector, el cual consisti\u00f3 en ejecutar un catastro en relaci\u00f3n a la cantidad de trashumantes existentes en la comuna balneario, con la finalidad de que puedan optar a los beneficios que otorga el Servicio Agr\u00edcola y Ganadero y el Gobierno de Regional de Coquimbo<\/p>\n\n\n\n<p>Por otra parte, la Delegaci\u00f3n Municipal porte\u00f1a atendi\u00f3 a los pobladores con sus oficinas m\u00f3viles de Registro Social de Hogares, Oficina del Adulto Mayor, Departamento de Salud, entre otros destacamentos, lo que fue muy valorado por la Delegada Presidencial Provincial de Choapa, Nataly Carvajal, <strong><em>\u201cEn una colaboraci\u00f3n muy fructuosa entre la Delegaci\u00f3n Presidencial Provincial de Choapa, la municipalidad de Los Vilos y los servicios, hemos logrado atender a bastantes personas, despejando varias dudas, desatando varios nudos y avanzando tambi\u00e9n en resolver los problemas, por lo tanto, este programa tiene esa particularidad, llegamos, escuchamos a las personas, a nuestros vecinos y vecinas, vamos viendo cuales son las necesidades que m\u00e1s los aquejan y despu\u00e9s en un dialogo ciudadana vamos tratando de avanzar en destara esos nudos y resolver los problemas que se van visibilizando en estas instancias\u201d<\/em><\/strong><\/p>\n\n\n\n<p>En tanto, Manuel Tapia, Presidente de la Junta de Vecinos del sector Rinc\u00f3n de Caimanes, se refiri\u00f3 al trabajo que est\u00e1n desarrollando junto al GORE Coquimbo y que pudo realizar esta instancia gracias a la realizaci\u00f3n de esta plaza ciudadana en Caimanes <strong><em>\u201cEstamos trabajando en un diagn\u00f3stico respecto a&nbsp; la cantidad de crianceros que tiene la comuna de Los Vilos, en esto estamos qued\u00e1ndonos atr\u00e1s y entonces vamos a continuar reuni\u00e9ndonos superar y quedar al d\u00eda como las dem\u00e1s comunas, eso es muy necesario hacerlo y es lo que estamos trabajando hoy en la ma\u00f1ana\u201d<\/em><\/strong><\/p>\n\n\n\n<p>Mientras que, Leonel Venenciano de la localidad de Tilama, tambi\u00e9n visit\u00f3 la actividad, destacando la buena atenci\u00f3n recibida <strong><em>\u201cque se realice esta actividad es genial porque estamos cerca del territorio y es mucha m\u00e1s comodidad&nbsp; para las localidad de ac\u00e1 de la zona y hoy vine a realizar un tr\u00e1mite al SAG, vine a actualizar mi ganado&nbsp; y me atendieron s\u00faper bien ac\u00e1\u201d<\/em><\/strong><\/p>\n\n\n\n<p>Finalmente, In\u00e9s Ordenes, vecina de la localidad de Pup\u00edo, se\u00f1al\u00f3 que visit\u00f3 dos stands de atenci\u00f3n y aprovech\u00f3 de vacunarse contra la influenza <strong><em>\u201cprimero visit\u00e9 a INDAP por un tema de rendiciones de los cr\u00e9ditos y aprovech\u00e9 de vacunarme, porque hay que vacunarse contra la influenza y contra el Covid y hay que cumplir con esto para mantenernos bien sanos y a m\u00ed me pareci\u00f3 muy buena la actividad ya que as\u00ed no tenemos que salir a otro lado y que este aqu\u00ed mismo es genial\u201d<\/em><\/strong><\/p>\n\n\n\n<p>Cabe hacer presente que el pr\u00f3ximo Gobierno en Terreno se desarrollar\u00e1 en el sector de Peralillo, en la comuna de Illapel, este pr\u00f3ximo jueves 25 de abril de 2024<\/p>\n","protected":false},"excerpt":{"rendered":"<p>En sector de la comuna balneario de Choapa se efectu\u00f3 una nueva plaza ciudadana, instancia que cont\u00f3 con la participaci\u00f3n de quince servicios, de los cuales once eran entidades gubernamentales y cuatro pertenecientes a la delegaci\u00f3n municipal porte\u00f1a Las vecinas y vecinos de Caimanes llegaron muy temprano a realizar sus consultas a los distintos servicios, &#8230;<\/p>\n","protected":false},"author":2,"featured_media":11261,"comment_status":"open","ping_status":"open","sticky":false,"template":"","format":"standard","meta":{"footnotes":""},"categories":[6],"tags":[],"class_list":["post-11260","post","type-post","status-publish","format-standard","has-post-thumbnail","hentry","category-regionales"],"_links":{"self":[{"href":"https:\/\/www.radiolimari.cl\/index.php?rest_route=\/wp\/v2\/posts\/11260","targetHints":{"allow":["GET"]}}],"collection":[{"href":"https:\/\/www.radiolimari.cl\/index.php?rest_route=\/wp\/v2\/posts"}],"about":[{"href":"https:\/\/www.radiolimari.cl\/index.php?rest_route=\/wp\/v2\/types\/post"}],"author":[{"embeddable":true,"href":"https:\/\/www.radiolimari.cl\/index.php?rest_route=\/wp\/v2\/users\/2"}],"replies":[{"embeddable":true,"href":"https:\/\/www.radiolimari.cl\/index.php?rest_route=%2Fwp%2Fv2%2Fcomments&post=11260"}],"version-history":[{"count":1,"href":"https:\/\/www.radiolimari.cl\/index.php?rest_route=\/wp\/v2\/posts\/11260\/revisions"}],"predecessor-version":[{"id":11262,"href":"https:\/\/www.radiolimari.cl\/index.php?rest_route=\/wp\/v2\/posts\/11260\/revisions\/11262"}],"wp:featuredmedia":[{"embeddable":true,"href":"https:\/\/www.radiolimari.cl\/index.php?rest_route=\/wp\/v2\/media\/11261"}],"wp:attachment":[{"href":"https:\/\/www.radiolimari.cl\/index.php?rest_route=%2Fwp%2Fv2%2Fmedia&parent=11260"}],"wp:term":[{"taxonomy":"category","embeddable":true,"href":"https:\/\/www.radiolimari.cl\/index.php?rest_route=%2Fwp%2Fv2%2Fcategories&post=11260"},{"taxonomy":"post_tag","embeddable":true,"href":"https:\/\/www.radiolimari.cl\/index.php?rest_route=%2Fwp%2Fv2%2Ftags&post=11260"}],"curies":[{"name":"wp","href":"https:\/\/api.w.org\/{rel}","templated":true}]}}