{"id":11254,"date":"2024-04-19T00:19:31","date_gmt":"2024-04-19T00:19:31","guid":{"rendered":"https:\/\/www.radiolimari.cl\/?p=11254"},"modified":"2024-04-19T00:19:31","modified_gmt":"2024-04-19T00:19:31","slug":"arzobispo-rene-rebolledo-electo-presidente-de-la-conferencia-episcopal-de-chile","status":"publish","type":"post","link":"https:\/\/www.radiolimari.cl\/?p=11254","title":{"rendered":"Arzobispo Ren\u00e9 Rebolledo electo Presidente de la Conferencia Episcopal de Chile."},"content":{"rendered":"\n<figure class=\"wp-block-image size-large\"><a href=\"https:\/\/www.radiolimari.cl\/wp-content\/uploads\/2024\/04\/1-scaled.jpg\"><img fetchpriority=\"high\" decoding=\"async\" width=\"1024\" height=\"683\" src=\"https:\/\/www.radiolimari.cl\/wp-content\/uploads\/2024\/04\/1-1024x683.jpg\" alt=\"\" class=\"wp-image-11255\" srcset=\"https:\/\/www.radiolimari.cl\/wp-content\/uploads\/2024\/04\/1-1024x683.jpg 1024w, https:\/\/www.radiolimari.cl\/wp-content\/uploads\/2024\/04\/1-300x200.jpg 300w, https:\/\/www.radiolimari.cl\/wp-content\/uploads\/2024\/04\/1-768x512.jpg 768w, https:\/\/www.radiolimari.cl\/wp-content\/uploads\/2024\/04\/1-1536x1024.jpg 1536w, https:\/\/www.radiolimari.cl\/wp-content\/uploads\/2024\/04\/1-2048x1365.jpg 2048w\" sizes=\"(max-width: 1024px) 100vw, 1024px\" \/><\/a><\/figure>\n\n\n\n<p><em>En el contexto de su 129\u00b0 Asamblea Plenaria, la Conferencia Episcopal de Chile ha elegido nuevos cargos directivos y miembros de diversas comisiones episcopales para el per\u00edodo 2024-2027. Todos los servicios han sido renovados, a excepci\u00f3n del secretario general, que ser\u00e1 renovado el pr\u00f3ximo a\u00f1o.<\/em><\/p>\n\n\n\n<p>La Conferencia Episcopal de Chile (CECh) ha anunciado importantes aspectos durante su 129\u00b0 Asamblea Plenaria, celebrada en la casa de retiro de Lo Ca\u00f1as en Santiago. En este encuentro los Obispos de Chile han designado a la directiva y comisiones episcopales para el per\u00edodo 2024-2027.<\/p>\n\n\n\n<p>Durante la Asamblea se ha elegido a los miembros del Comit\u00e9 Permanente de la CECh. Mons. Ren\u00e9 Rebolledo Salinas, Arzobispo de La Serena, asume el cargo de Presidente, seguido por Mons. Ignacio Ducasse Medina, Arzobispo de Antofagasta, como Vicepresidente, y Mons. Sergio P\u00e9rez de Arce Arriagada, ss.cc., Obispo de Chill\u00e1n, como Secretario General. Asimismo, Mons. Fernando Chomal\u00ed Garib, Arzobispo de Santiago, y Mons. Juan I. Gonz\u00e1lez Err\u00e1zuriz, Obispo de San Bernardo, se unen como miembros de esta comisi\u00f3n.<\/p>\n\n\n\n<p>Mons. Rebolledo Salinas naci\u00f3 en Cunco el 22 de septiembre de 1958, donde estudi\u00f3 en el colegio \u201cJuan Bosco\u201d e ingres\u00f3 a los 19 a\u00f1os al Seminario Mayor \u201cSan Fidel\u201d de San Jos\u00e9 de la Mariquina, del cual a\u00f1os m\u00e1s tarde fue rector. En 2004 el Papa San Juan Pablo II lo nombr\u00f3 Obispo de Osorno, luego en 2013, el Papa Francisco lo designa como Arzobispo de La Serena, bajo el lema episcopal: \u201cEn tu Palabra\u201d. Estudi\u00f3 en la Pontificia Universidad Urbaniana (Roma), donde octuvo el grado de Doctor en Teolog\u00eda Dogm\u00e1tica.<\/p>\n\n\n\n<p>El encuentro plenario, que inici\u00f3 el lunes 15 de abril, abord\u00f3 temas cruciales para la Iglesia Cat\u00f3lica en Chile y su papel en la sociedad actual. Durante la Eucarist\u00eda inaugural, presidida por el Nuncio Apost\u00f3lico en Chile, monse\u00f1or Alberto Ortega Mart\u00edn, se enfatiz\u00f3 la importancia de centrarse en la misi\u00f3n central de la Iglesia: \u201cel anuncio de Jesucristo y su mensaje de amor y redenci\u00f3n\u201d.<\/p>\n\n\n\n<p>Adem\u00e1s de las elecciones de la directiva de la CECh, la Asamblea ha sido un espacio de di\u00e1logo sobre la realidad nacional, el trabajo sinodal, y las proyecciones de apoyo y acompa\u00f1amiento que la CECh brindar\u00e1 a los pastores en los pr\u00f3ximos a\u00f1os. Estos encuentros reflejan el compromiso de la Iglesia Cat\u00f3lica en Chile con su misi\u00f3n pastoral y su servicio a la sociedad.<\/p>\n\n\n\n<p><strong>Fieles de La Serena felices por el nombramiento de Mons. Rebolledo Salinas<\/strong><\/p>\n\n\n\n<p>El\u00edas Alcayaga, de la parroquia \u201cSan Jos\u00e9 de Juan Soldado\u201d, La Serena: \u201cMe alegra enormemente enterarme de esta noticia, ya que conozco a Mons. Ren\u00e9 y s\u00e9 que, gracias a su entrega y su destacada trayectoria pastoral en la Arquidi\u00f3cesis, podr\u00e1 desempe\u00f1ar este importante servicio de la mejor manera posible. Nuestras oraciones est\u00e1n con \u00e9l\u201d.<\/p>\n\n\n\n<p>Silvia Viviana Valencia, de la parroquia \u201cSan Juan Bautista\u201d, Coquimbo: \u201cEsta es una gran oportunidad para nuestra Arquidi\u00f3cesis de conocer de primera mano la labor que realiza la CECh. Confiamos en que el Esp\u00edritu Santo ser\u00e1 su gu\u00eda en este importante servicio que le ha sido encomendado\u201d.<\/p>\n\n\n\n<p>Cecilia Naveas, joven que hace vida en la parroquia \u201cEl Divino Salvador\u201d de Ovalle: \u201cEsto refleja el compromiso de nuestra Iglesia a nivel nacional en considerar las diferentes realidades que hay en nuestro pa\u00eds. Es un claro indicativo del trabajo pastoral excepcional que Mons. Ren\u00e9 est\u00e1 realizando en nuestra Arquidi\u00f3cesis. Esta noticia se suma a la Jornada Nacional de la Juventud que tambi\u00e9n se realizar\u00e1 en nuestra Arquidi\u00f3cesis, por tanto, nos llena de gran emoci\u00f3n y esperanza\u201d.<\/p>\n","protected":false},"excerpt":{"rendered":"<p>En el contexto de su 129\u00b0 Asamblea Plenaria, la Conferencia Episcopal de Chile ha elegido nuevos cargos directivos y miembros de diversas comisiones episcopales para el per\u00edodo 2024-2027. Todos los servicios han sido renovados, a excepci\u00f3n del secretario general, que ser\u00e1 renovado el pr\u00f3ximo a\u00f1o. La Conferencia Episcopal de Chile (CECh) ha anunciado importantes aspectos &#8230;<\/p>\n","protected":false},"author":2,"featured_media":11255,"comment_status":"open","ping_status":"open","sticky":false,"template":"","format":"standard","meta":{"footnotes":""},"categories":[6],"tags":[],"class_list":["post-11254","post","type-post","status-publish","format-standard","has-post-thumbnail","hentry","category-regionales"],"_links":{"self":[{"href":"https:\/\/www.radiolimari.cl\/index.php?rest_route=\/wp\/v2\/posts\/11254","targetHints":{"allow":["GET"]}}],"collection":[{"href":"https:\/\/www.radiolimari.cl\/index.php?rest_route=\/wp\/v2\/posts"}],"about":[{"href":"https:\/\/www.radiolimari.cl\/index.php?rest_route=\/wp\/v2\/types\/post"}],"author":[{"embeddable":true,"href":"https:\/\/www.radiolimari.cl\/index.php?rest_route=\/wp\/v2\/users\/2"}],"replies":[{"embeddable":true,"href":"https:\/\/www.radiolimari.cl\/index.php?rest_route=%2Fwp%2Fv2%2Fcomments&post=11254"}],"version-history":[{"count":1,"href":"https:\/\/www.radiolimari.cl\/index.php?rest_route=\/wp\/v2\/posts\/11254\/revisions"}],"predecessor-version":[{"id":11256,"href":"https:\/\/www.radiolimari.cl\/index.php?rest_route=\/wp\/v2\/posts\/11254\/revisions\/11256"}],"wp:featuredmedia":[{"embeddable":true,"href":"https:\/\/www.radiolimari.cl\/index.php?rest_route=\/wp\/v2\/media\/11255"}],"wp:attachment":[{"href":"https:\/\/www.radiolimari.cl\/index.php?rest_route=%2Fwp%2Fv2%2Fmedia&parent=11254"}],"wp:term":[{"taxonomy":"category","embeddable":true,"href":"https:\/\/www.radiolimari.cl\/index.php?rest_route=%2Fwp%2Fv2%2Fcategories&post=11254"},{"taxonomy":"post_tag","embeddable":true,"href":"https:\/\/www.radiolimari.cl\/index.php?rest_route=%2Fwp%2Fv2%2Ftags&post=11254"}],"curies":[{"name":"wp","href":"https:\/\/api.w.org\/{rel}","templated":true}]}}