{"id":11243,"date":"2024-04-15T20:49:11","date_gmt":"2024-04-15T20:49:11","guid":{"rendered":"https:\/\/www.radiolimari.cl\/?p=11243"},"modified":"2024-04-15T20:49:12","modified_gmt":"2024-04-15T20:49:12","slug":"priorizan-el-combate-al-cultivo-y-produccion-de-drogas-dentro-del-plan-regional-de-seguridad-2024","status":"publish","type":"post","link":"https:\/\/www.radiolimari.cl\/?p=11243","title":{"rendered":"Priorizan el combate al cultivo y producci\u00f3n de drogas dentro del Plan Regional de Seguridad 2024."},"content":{"rendered":"\n<figure class=\"wp-block-image size-large\"><a href=\"https:\/\/www.radiolimari.cl\/wp-content\/uploads\/2024\/04\/IMG_20240415_133348_145.webp\"><img fetchpriority=\"high\" decoding=\"async\" width=\"1024\" height=\"1024\" src=\"https:\/\/www.radiolimari.cl\/wp-content\/uploads\/2024\/04\/IMG_20240415_133348_145-1024x1024.webp\" alt=\"\" class=\"wp-image-11245\" srcset=\"https:\/\/www.radiolimari.cl\/wp-content\/uploads\/2024\/04\/IMG_20240415_133348_145-1024x1024.webp 1024w, https:\/\/www.radiolimari.cl\/wp-content\/uploads\/2024\/04\/IMG_20240415_133348_145-300x300.webp 300w, https:\/\/www.radiolimari.cl\/wp-content\/uploads\/2024\/04\/IMG_20240415_133348_145-150x150.webp 150w, https:\/\/www.radiolimari.cl\/wp-content\/uploads\/2024\/04\/IMG_20240415_133348_145-768x768.webp 768w, https:\/\/www.radiolimari.cl\/wp-content\/uploads\/2024\/04\/IMG_20240415_133348_145-70x70.webp 70w, https:\/\/www.radiolimari.cl\/wp-content\/uploads\/2024\/04\/IMG_20240415_133348_145.webp 1440w\" sizes=\"(max-width: 1024px) 100vw, 1024px\" \/><\/a><\/figure>\n\n\n\n<p><strong><em>Este lunes sesion\u00f3 el Consejo Regional de Seguridad P\u00fablica, el que defini\u00f3 adem\u00e1s delitos como la Violencia Intrafamiliar, el Robo con Violencia e Intimidaci\u00f3n, la Violencia Escolar, entre otros. <\/em><\/strong><\/p>\n\n\n\n<p>El Consejo Regional de Seguridad P\u00fablica es una instancia que agrupa a las instituciones p\u00fablicas, los municipios, el Poder Judicial, el Ministerio P\u00fablico y servicios vinculados a la prevenci\u00f3n del delito y reinserci\u00f3n social, cuya principal herramienta de trabajo es el Plan Regional de Seguridad P\u00fablica, una hoja de ruta que cada a\u00f1o define delitos prioritarios que se ir\u00e1n abordando de manera conjunta.<\/p>\n\n\n\n<p>Dicha instancia tuvo su primera sesi\u00f3n este lunes, la que acord\u00f3 y prioriz\u00f3 siete delitos que estar\u00e1n contenidos en el Plan Regional.<\/p>\n\n\n\n<p><strong>\u201cAc\u00e1 hay que destacar y agradecer la participaci\u00f3n de los alcaldes y la alcaldesa de las 15 comunas, porque desde que hemos empezado a implementar estos planes y como Gobierno, desde que asumimos, hemos recibido el total respaldo de ellos, y se la han jugado por la seguridad p\u00fablica en sus comunas, tomando iniciativas, manteniendo activos y de manera sistem\u00e1tica los consejos de seguridad p\u00fablica que hoy d\u00eda nos permiten tener una priorizaci\u00f3n y tambi\u00e9n una congruencia en torno a cu\u00e1les son los primeros delitos que nos est\u00e1n afectando\u201d<\/strong>, indic\u00f3 el Delegado Presidencial Regional, Galo Luna.<\/p>\n\n\n\n<figure class=\"wp-block-image size-large\"><a href=\"https:\/\/www.radiolimari.cl\/wp-content\/uploads\/2024\/04\/IMG_20240415_133348_189.webp\"><img decoding=\"async\" width=\"1024\" height=\"1024\" src=\"https:\/\/www.radiolimari.cl\/wp-content\/uploads\/2024\/04\/IMG_20240415_133348_189-1024x1024.webp\" alt=\"\" class=\"wp-image-11246\" srcset=\"https:\/\/www.radiolimari.cl\/wp-content\/uploads\/2024\/04\/IMG_20240415_133348_189-1024x1024.webp 1024w, https:\/\/www.radiolimari.cl\/wp-content\/uploads\/2024\/04\/IMG_20240415_133348_189-300x300.webp 300w, https:\/\/www.radiolimari.cl\/wp-content\/uploads\/2024\/04\/IMG_20240415_133348_189-150x150.webp 150w, https:\/\/www.radiolimari.cl\/wp-content\/uploads\/2024\/04\/IMG_20240415_133348_189-768x768.webp 768w, https:\/\/www.radiolimari.cl\/wp-content\/uploads\/2024\/04\/IMG_20240415_133348_189-70x70.webp 70w, https:\/\/www.radiolimari.cl\/wp-content\/uploads\/2024\/04\/IMG_20240415_133348_189.webp 1440w\" sizes=\"(max-width: 1024px) 100vw, 1024px\" \/><\/a><\/figure>\n\n\n\n<p>Violencia intrafamiliar, Robo con violencia e intimidaci\u00f3n, Cr\u00edmenes y simples delitos contenidos en la Ley de Drogas, Consumo de alcohol y drogas en la v\u00eda p\u00fablica, comercio il\u00edcito ambulante o clandestino en espacio de uso p\u00fablico, y Violencia escolar, fueron los delitos definidos, sumando tambi\u00e9n, y como una prioridad rural, el Combate al cultivo y producci\u00f3n de drogas.<\/p>\n\n\n\n<p>Para la Gobernadora de la Regi\u00f3n de Coquimbo, Krist Naranjo, la idea es que el Plan Regional de Seguridad vaya en la l\u00ednea de atacar un tema urgente para la regi\u00f3n y el pa\u00eds.<\/p>\n\n\n\n<p>En esta l\u00ednea, acot\u00f3 que <strong>\u201cnuestro Gobierno Regional est\u00e1 comprometido en financiar obras de infraestructura, tambi\u00e9n de funcionamiento, de las distintas polic\u00edas, tambi\u00e9n de los municipios y de la comunidad que hoy d\u00eda solicitan recursos para poder enfrentar este duro escenario. Es importante, a trav\u00e9s de este consejo, poder articular de forma efectiva soluciones que hoy d\u00eda pueden llegar en menor tiempo a nuestra comunidad que est\u00e1 viviendo distintas dificultades bastante graves, en algunos casos con el tema del narcotr\u00e1fico\u201d<\/strong>.<\/p>\n\n\n\n<p>Y es que por primera vez en el desarrollo del Plan Regional se realiz\u00f3 una encuesta previa a 12 de los 15 municipios, en la que se consign\u00f3 la opini\u00f3n de los vecinos de sectores rurales, quienes plantearon la necesidad de abordar el fen\u00f3meno del cultivo y venta de drogas.<\/p>\n\n\n\n<p>La Alcaldesa de R\u00edo Hurtado, Juan Olivares, destac\u00f3 que <strong>\u201cesto es bastante importante porque recogi\u00f3 temas que nos est\u00e1n afectando d\u00eda a d\u00eda y todo lo que conlleva la seguridad que tenemos que tener hacia nuestros vecinos, que tiene que ver con las luminarias, las c\u00e1maras de seguridad, el robo tambi\u00e9n de especies, situaciones que cuesta mucho sostener. Se ha hecho un trabajo de la mano con el Delegado y con las dos delegadas y esperamos haya m\u00e1s resultados, y que tambi\u00e9n los recursos sean equitativos hacia las comunas\u201d<\/strong>, manifest\u00f3 la alcaldesa limarina.<\/p>\n\n\n\n<p>Asimismo, Abel Lizama, Coordinador Regional de Seguridad P\u00fablica, indic\u00f3 que <strong>\u201ctambi\u00e9n hay una prioridad que es transversal a nivel pa\u00eds, que es la violencia intrafamiliar, producto de que es uno de los tres delitos que se repiten en todas las regiones del pa\u00eds, por lo tanto tenemos un trabajo importante que desarrollar ah\u00ed con todas las instituciones y con SernamEg. Y como un problema emergente identificamos la violencia escolar que requiere que todas las instituciones estemos debidamente coordinadas para poder plantear acciones y ejecutar programas que finalmente ayuden e impacten en la sociedad\u201d<\/strong>.<\/p>\n\n\n\n<p>Ya con la priorizaci\u00f3n de los delitos, se comenzar\u00e1 a trabajar en m\u00faltiples acciones con los municipios y los servicios p\u00fablicos, adoptando compromisos entorno a estas prioridades, sin despreocupar las dem\u00e1s situaciones de connotaci\u00f3n social.<\/p>\n","protected":false},"excerpt":{"rendered":"<p>Este lunes sesion\u00f3 el Consejo Regional de Seguridad P\u00fablica, el que defini\u00f3 adem\u00e1s delitos como la Violencia Intrafamiliar, el Robo con Violencia e Intimidaci\u00f3n, la Violencia Escolar, entre otros. El Consejo Regional de Seguridad P\u00fablica es una instancia que agrupa a las instituciones p\u00fablicas, los municipios, el Poder Judicial, el Ministerio P\u00fablico y servicios vinculados &#8230;<\/p>\n","protected":false},"author":2,"featured_media":11246,"comment_status":"open","ping_status":"open","sticky":false,"template":"","format":"standard","meta":{"footnotes":""},"categories":[6],"tags":[],"class_list":["post-11243","post","type-post","status-publish","format-standard","has-post-thumbnail","hentry","category-regionales"],"_links":{"self":[{"href":"https:\/\/www.radiolimari.cl\/index.php?rest_route=\/wp\/v2\/posts\/11243","targetHints":{"allow":["GET"]}}],"collection":[{"href":"https:\/\/www.radiolimari.cl\/index.php?rest_route=\/wp\/v2\/posts"}],"about":[{"href":"https:\/\/www.radiolimari.cl\/index.php?rest_route=\/wp\/v2\/types\/post"}],"author":[{"embeddable":true,"href":"https:\/\/www.radiolimari.cl\/index.php?rest_route=\/wp\/v2\/users\/2"}],"replies":[{"embeddable":true,"href":"https:\/\/www.radiolimari.cl\/index.php?rest_route=%2Fwp%2Fv2%2Fcomments&post=11243"}],"version-history":[{"count":1,"href":"https:\/\/www.radiolimari.cl\/index.php?rest_route=\/wp\/v2\/posts\/11243\/revisions"}],"predecessor-version":[{"id":11247,"href":"https:\/\/www.radiolimari.cl\/index.php?rest_route=\/wp\/v2\/posts\/11243\/revisions\/11247"}],"wp:featuredmedia":[{"embeddable":true,"href":"https:\/\/www.radiolimari.cl\/index.php?rest_route=\/wp\/v2\/media\/11246"}],"wp:attachment":[{"href":"https:\/\/www.radiolimari.cl\/index.php?rest_route=%2Fwp%2Fv2%2Fmedia&parent=11243"}],"wp:term":[{"taxonomy":"category","embeddable":true,"href":"https:\/\/www.radiolimari.cl\/index.php?rest_route=%2Fwp%2Fv2%2Fcategories&post=11243"},{"taxonomy":"post_tag","embeddable":true,"href":"https:\/\/www.radiolimari.cl\/index.php?rest_route=%2Fwp%2Fv2%2Ftags&post=11243"}],"curies":[{"name":"wp","href":"https:\/\/api.w.org\/{rel}","templated":true}]}}