{"id":11226,"date":"2024-04-12T00:16:44","date_gmt":"2024-04-12T00:16:44","guid":{"rendered":"https:\/\/www.radiolimari.cl\/?p=11226"},"modified":"2024-04-12T00:16:46","modified_gmt":"2024-04-12T00:16:46","slug":"gobernadora-regional-krist-naranjo-y-alcalde-de-ovalle-jonathan-acuna-abordan-temas-clave-para-la-comuna","status":"publish","type":"post","link":"https:\/\/www.radiolimari.cl\/?p=11226","title":{"rendered":"Gobernadora regional Krist Naranjo y alcalde de Ovalle Jonathan Acu\u00f1a abordan temas clave para la comuna."},"content":{"rendered":"\n<figure class=\"wp-block-image size-large\"><a href=\"https:\/\/www.radiolimari.cl\/wp-content\/uploads\/2024\/04\/IMG_1837.jpg\"><img fetchpriority=\"high\" decoding=\"async\" width=\"1024\" height=\"683\" src=\"https:\/\/www.radiolimari.cl\/wp-content\/uploads\/2024\/04\/IMG_1837-1024x683.jpg\" alt=\"\" class=\"wp-image-11227\" srcset=\"https:\/\/www.radiolimari.cl\/wp-content\/uploads\/2024\/04\/IMG_1837-1024x683.jpg 1024w, https:\/\/www.radiolimari.cl\/wp-content\/uploads\/2024\/04\/IMG_1837-300x200.jpg 300w, https:\/\/www.radiolimari.cl\/wp-content\/uploads\/2024\/04\/IMG_1837-768x512.jpg 768w, https:\/\/www.radiolimari.cl\/wp-content\/uploads\/2024\/04\/IMG_1837-1536x1024.jpg 1536w, https:\/\/www.radiolimari.cl\/wp-content\/uploads\/2024\/04\/IMG_1837.jpg 1920w\" sizes=\"(max-width: 1024px) 100vw, 1024px\" \/><\/a><\/figure>\n\n\n\n<p><em>Fue un espacio para abordar los desaf\u00edos y proyectos prioritarios para la Perla del Limar\u00ed, destacando la colaboraci\u00f3n entre el Gobierno Regional y el municipio en beneficio de la comunidad.<\/em><\/p>\n\n\n\n<p>En una reuni\u00f3n de trabajo, la Gobernadora Krist Naranjo junto con el alcalde de Ovalle, Jonathan Acu\u00f1a, pudieron conversar, analizar y buscar alternativas para concretar asuntos fundamentales para la comunidad ovallina. Entre los temas principales abordados se encontraron la emergencia h\u00eddrica, la salud, la seguridad p\u00fablica y la empleabilidad, destacando la importancia de estas \u00e1reas para el desarrollo y bienestar de la poblaci\u00f3n.<\/p>\n\n\n\n<p>Durante el encuentro, el alcalde Acu\u00f1a expres\u00f3 que \u201cplanteamos una serie de inquietudes y proyectos que estamos llevando de la mano con el Gobierno Regional y nos encontramos con una muy buena disposici\u00f3n\u201d.<\/p>\n\n\n\n<p>El jefe comunal se\u00f1al\u00f3 que fueron \u201cdistintos temas que a la comunidad le preocupan, hablamos de la sequ\u00eda, de proyectos emblem\u00e1ticos desarroll\u00e1ndose en la comuna, el edificio consistorial avanzando tambi\u00e9n de forma normal y buscar tambi\u00e9n, la manera de c\u00f3mo logramos, por intermedio del Gobierno Regional, generar recursos que a la comunidad le interesa que lleguen a nuestra comuna\u201d.<\/p>\n\n\n\n<p>El jefe comunal ovallino destac\u00f3 que la voluntad de la gesti\u00f3n de la Gobernadora y que hoy la comunidad espera saber con qu\u00e9 tipo de ayuda se llega especialmente al sector rural para enfrentar la dura sequ\u00eda que afecta especialmente a los sectores rurales. \u201cLe presentamos modelos y proyectos innovadores para poder instalar dentro de la comuna y nos ha manifestado las v\u00edas, c\u00f3mo proceder, la manera de c\u00f3mo hacer llegar esos recursos. Hemos presentado una serie de proyectos de inter\u00e9s regional que queremos ejecutar en Ovalle, proyectos pioneros y nos encontramos con una muy buena disposici\u00f3n de su parte, con muy buenas orientaciones que van a permitir a nuestros equipos t\u00e9cnicos, ponerse en marcha absoluta para poder ejecutar y tambi\u00e9n, terminar una serie de proyectos que tenemos a la fecha en la comuna\u201d.<\/p>\n\n\n\n<p>Por su parte, la Gobernadora Naranjo destac\u00f3 la importancia de la articulaci\u00f3n entre el Gobierno Regional y los municipios para abordar los desaf\u00edos regionales. Se comprometi\u00f3 a entregar recursos urgentes para enfrentar la crisis h\u00eddrica y avanzar en proyectos esenciales como el saneamiento sanitario de Recoleta y la finalizaci\u00f3n de las escuelas El Crisol y de Barraza. \u201cHemos podido ver temas que tenemos en com\u00fan de una forma mucho m\u00e1s tangible, en algunos aspectos que nos interesan. Por ejemplo, la crisis h\u00eddrica, tambi\u00e9n el tema de Seguridad y proyectos emblem\u00e1ticos para los ovallinos y ovallinas y que hoy est\u00e1n algunos con problemas. Sabemos que son muy esperados, como el saneamiento sanitario de Recoleta y que queremos que salgan adelante; la Escuela El Crisol, la Escuela de Barraza, que son compromisos que me he hecho con las mismas personas, que necesitan estos espacios en funcionamiento\u201d.<\/p>\n\n\n\n<p>Naranjo puntualiz\u00f3 que \u201cla articulaci\u00f3n ha sido muy buena y principalmente tambi\u00e9n nos pusimos de acuerdo para la entrega importante que tenemos de recursos desde el Gobierno Regional en conjunto con los municipios, para poder llegar a la crisis h\u00eddrica, de manera urgente, porque lo ameritan las personas. Pronto vamos a estar tambi\u00e9n haciendo entrega de estos recursos que ya est\u00e1n licitados por el municipio\u201d.<\/p>\n\n\n\n<p>CONVENIO DE SALUD<\/p>\n\n\n\n<p>Uno de los puntos centrales de la reuni\u00f3n fue el convenio de salud entre el Gobierno Regional y los municipios. La autoridad regional destac\u00f3 los recursos asignados.<\/p>\n\n\n\n<p>El alcalde Jonathan Acu\u00f1a resalt\u00f3 la importancia de estos proyectos para mejorar la atenci\u00f3n primaria y la calidad de vida de los ciudadanos, mencionando la necesidad de agilizar los procesos para satisfacer las demandas de la comunidad. \u201cTenemos proyectos emblem\u00e1ticos y prioritarios dentro de la gesti\u00f3n municipal, que la comunidad hace muchos a\u00f1os est\u00e1 esperando. Y como tambi\u00e9n lo se\u00f1ala la gobernadora, queremos ir agilizando esos procesos. Tenemos 2 proyectos que estamos a la espera tambi\u00e9n de poder concretar dentro este convenio, como es el Cesfam de Cerrillos de Tamaya, el Cesfam Jorge Jord\u00e1n, porque creemos que adem\u00e1s, es una necesidad sentida\u201d.<\/p>\n\n\n\n<p>Remarc\u00f3 que \u201ctenemos servicios de atenci\u00f3n primaria bastante colapsados y la comunidad nos lo menciona a diario, y es la forma de, adem\u00e1s, en conjunto con este convenio, la voluntad que tiene la Gobernadora para ir agilizando esos procesos\u201d.<\/p>\n\n\n\n<p>El alcalde Jonathan Acu\u00f1a destac\u00f3 que \u201cproyectamos, adem\u00e1s, la posibilidad de evaluar otro centro de salud en el sector de Huamalata, porque adem\u00e1s, la poblaci\u00f3n en ese sector ha crecido durante los \u00faltimos a\u00f1os y creemos que con este convenio, damos soluci\u00f3n absoluta a muchos servicios que esa comunidad espera. Hemos tenido visitas t\u00e9cnicas con el Gobierno Regional, con el equipo municipal, para ir haciendo el levantamiento respectivo, los compromisos de compra de terrenos y creemos que de esa forma, acortamos los plazos que ya han sido excesivos durante muchos a\u00f1os. Hoy, en base a la gesti\u00f3n y colaboraci\u00f3n que tenemos del Gobierno Regional y del ministerio tambi\u00e9n, esperamos concretarlos en el corto plazo\u201d.<\/p>\n","protected":false},"excerpt":{"rendered":"<p>Fue un espacio para abordar los desaf\u00edos y proyectos prioritarios para la Perla del Limar\u00ed, destacando la colaboraci\u00f3n entre el Gobierno Regional y el municipio en beneficio de la comunidad. En una reuni\u00f3n de trabajo, la Gobernadora Krist Naranjo junto con el alcalde de Ovalle, Jonathan Acu\u00f1a, pudieron conversar, analizar y buscar alternativas para concretar &#8230;<\/p>\n","protected":false},"author":2,"featured_media":11227,"comment_status":"open","ping_status":"open","sticky":false,"template":"","format":"standard","meta":{"footnotes":""},"categories":[5],"tags":[],"class_list":["post-11226","post","type-post","status-publish","format-standard","has-post-thumbnail","hentry","category-actualidad-limarina"],"_links":{"self":[{"href":"https:\/\/www.radiolimari.cl\/index.php?rest_route=\/wp\/v2\/posts\/11226","targetHints":{"allow":["GET"]}}],"collection":[{"href":"https:\/\/www.radiolimari.cl\/index.php?rest_route=\/wp\/v2\/posts"}],"about":[{"href":"https:\/\/www.radiolimari.cl\/index.php?rest_route=\/wp\/v2\/types\/post"}],"author":[{"embeddable":true,"href":"https:\/\/www.radiolimari.cl\/index.php?rest_route=\/wp\/v2\/users\/2"}],"replies":[{"embeddable":true,"href":"https:\/\/www.radiolimari.cl\/index.php?rest_route=%2Fwp%2Fv2%2Fcomments&post=11226"}],"version-history":[{"count":1,"href":"https:\/\/www.radiolimari.cl\/index.php?rest_route=\/wp\/v2\/posts\/11226\/revisions"}],"predecessor-version":[{"id":11228,"href":"https:\/\/www.radiolimari.cl\/index.php?rest_route=\/wp\/v2\/posts\/11226\/revisions\/11228"}],"wp:featuredmedia":[{"embeddable":true,"href":"https:\/\/www.radiolimari.cl\/index.php?rest_route=\/wp\/v2\/media\/11227"}],"wp:attachment":[{"href":"https:\/\/www.radiolimari.cl\/index.php?rest_route=%2Fwp%2Fv2%2Fmedia&parent=11226"}],"wp:term":[{"taxonomy":"category","embeddable":true,"href":"https:\/\/www.radiolimari.cl\/index.php?rest_route=%2Fwp%2Fv2%2Fcategories&post=11226"},{"taxonomy":"post_tag","embeddable":true,"href":"https:\/\/www.radiolimari.cl\/index.php?rest_route=%2Fwp%2Fv2%2Ftags&post=11226"}],"curies":[{"name":"wp","href":"https:\/\/api.w.org\/{rel}","templated":true}]}}