{"id":11218,"date":"2024-04-11T17:16:28","date_gmt":"2024-04-11T17:16:28","guid":{"rendered":"https:\/\/www.radiolimari.cl\/?p=11218"},"modified":"2024-04-11T17:16:55","modified_gmt":"2024-04-11T17:16:55","slug":"en-los-vilos-supervision-gubernamental-contribuyo-a-exitoso-retiro-de-plataforma","status":"publish","type":"post","link":"https:\/\/www.radiolimari.cl\/?p=11218","title":{"rendered":"En Los Vilos supervisi\u00f3n gubernamental contribuy\u00f3 a exitoso retiro de plataforma."},"content":{"rendered":"\n<figure class=\"wp-block-image size-large\"><a href=\"https:\/\/www.radiolimari.cl\/wp-content\/uploads\/2024\/04\/F1-Fiscalizacion-Retiro-total-plataforma-Belfi-scaled.jpg\"><img fetchpriority=\"high\" decoding=\"async\" width=\"1024\" height=\"683\" src=\"https:\/\/www.radiolimari.cl\/wp-content\/uploads\/2024\/04\/F1-Fiscalizacion-Retiro-total-plataforma-Belfi-1024x683.jpg\" alt=\"\" class=\"wp-image-11219\" srcset=\"https:\/\/www.radiolimari.cl\/wp-content\/uploads\/2024\/04\/F1-Fiscalizacion-Retiro-total-plataforma-Belfi-1024x683.jpg 1024w, https:\/\/www.radiolimari.cl\/wp-content\/uploads\/2024\/04\/F1-Fiscalizacion-Retiro-total-plataforma-Belfi-300x200.jpg 300w, https:\/\/www.radiolimari.cl\/wp-content\/uploads\/2024\/04\/F1-Fiscalizacion-Retiro-total-plataforma-Belfi-768x512.jpg 768w, https:\/\/www.radiolimari.cl\/wp-content\/uploads\/2024\/04\/F1-Fiscalizacion-Retiro-total-plataforma-Belfi-1536x1025.jpg 1536w, https:\/\/www.radiolimari.cl\/wp-content\/uploads\/2024\/04\/F1-Fiscalizacion-Retiro-total-plataforma-Belfi-2048x1367.jpg 2048w\" sizes=\"(max-width: 1024px) 100vw, 1024px\" \/><\/a><\/figure>\n\n\n\n<p>La infraestructura de la planta desaladora colaps\u00f3 el 15 de agosto de 2022 y requiri\u00f3 en forma conjunta, la fiscalizaci\u00f3n de organismos p\u00fablicos y gesti\u00f3n del sector privado.<\/p>\n\n\n\n<p>Despu\u00e9s de 19 meses de trabajo, con un monitoreo permanente y sistem\u00e1tico de la Red Nacional de Fiscalizaci\u00f3n Ambiental (RENFA), formada por 7 instituciones p\u00fablicas con competencia ambiental de la regi\u00f3n de Coquimbo, finaliz\u00f3 el retiro de la plataforma Jack Up de la empresa Belfi que trabaja para la planta desaladora de Minera Los Pelambres de Los Vilos. Ha esta \u00faltima actividad asistieron el Seremi del Medio Ambiente Leonardo Gros; el Jefe Regional de la Superintendencia del Medio Ambiente (SMA) Gonzalo Parot; el Capit\u00e1n de Puerto de Los Vilos Teniente Primero Juan Pablo Gonz\u00e1lez; el Jefe de la Oficina Sectorial SAG de la provincia del Choapa, Waldo Villalobos; funcionarios de la Ilustre Municipalidad de Los Vilos y representantes de la empresa minera.<\/p>\n\n\n\n<p>Las principales actividades ejecutadas en playa Amarilla fueron: muestreo del lugar sobre el patrimonio arqueol\u00f3gico y paleontol\u00f3gico del Sitio Ramsar Laguna Conchal\u00ed, retiro de la gr\u00faa con participaci\u00f3n de buzos especializados, recuperaci\u00f3n de contenedores con hidrocarburos, construcci\u00f3n de piedraplen para que el transporte pudiera ingresar al sitio del siniestro, instalaci\u00f3n de paneles ac\u00fasticos para evitar que el ruido ambiental afectara a la biodiversidad del Santuario de la Naturaleza y el retiro de la plataforma Jack Up.<\/p>\n\n\n\n<p><strong>Pr\u00f3ximos desaf\u00edos<\/strong><\/p>\n\n\n\n<p>Dentro de los compromisos asumidos por la empresa minera est\u00e1 pendiente la restauraci\u00f3n del borde costero con el prop\u00f3sito que dicho trabajo cumpla con las condiciones indispensables para proteger el medio ambiente del sector. Al respecto, Gonzalo Parot manifest\u00f3 \u201cel balance es positivo, estamos fiscalizando las labores de remoci\u00f3n del resto de la plataforma de construcci\u00f3n que colaps\u00f3 a fines del a\u00f1o 2022. La plataforma ha sido removida completamente y ahora est\u00e1n en las labores de remoci\u00f3n del pedrapl\u00e9n y del camino que se hizo para sacar esta unidad. Tambi\u00e9n hemos chequeado el cumplimiento de medidas de protecci\u00f3n de biodiversidad para prevenir afectaci\u00f3n de avifauna y de otras especies.\u201d<\/p>\n\n\n\n<p>El Teniente Primero Juan Pablo Gonz\u00e1lez indic\u00f3<strong> \u201c<\/strong>nos reunimos todas las autoridades del Estado con competencia ambiental para verificar los trabajos en terreno, donde tuvo lugar el siniestro del artefacto naval Belfi II durante la construcci\u00f3n de la planta desaladora de Minera Los Pelambres. En la ocasi\u00f3n vimos el retiro completo del artefacto naval con todos sus elementos.\u201d<\/p>\n\n\n\n<p>Agreg\u00f3 adem\u00e1s, \u201ccomo autoridad mar\u00edtima local hemos dispuesto el retiro de todos los \u00e1ridos, el enrocado y la coraza que se instal\u00f3 para proteger a los trabajadores que se acercaran al artefacto naval y ahora todo tiene que ser retirado y dejar la playa tal como estaba o incluso en mejores condiciones.\u201d<\/p>\n\n\n\n<p>Por su parte, el Seremi del Medio Ambiente Leonardo Gros recalc\u00f3 que \u201chemos concluido una nueva jornada de fiscalizaci\u00f3n a los trabajos de desmantelamiento de la plataforma y vemos con mucha satisfacci\u00f3n que se cumplieron con las faenas y labores comprometidas de una manera bastante \u00f3ptima, destacando que no hubo accidentes que lamentar, a pesar de las dif\u00edciles condiciones de trabajo que enfrentaron las cuadrillas. Los servicios est\u00e1n cumpliendo con su deber y la minera se est\u00e1 haciendo cargo de la responsabilidad que tiene en todo este proceso.\u201d&nbsp;<\/p>\n","protected":false},"excerpt":{"rendered":"<p>La infraestructura de la planta desaladora colaps\u00f3 el 15 de agosto de 2022 y requiri\u00f3 en forma conjunta, la fiscalizaci\u00f3n de organismos p\u00fablicos y gesti\u00f3n del sector privado. Despu\u00e9s de 19 meses de trabajo, con un monitoreo permanente y sistem\u00e1tico de la Red Nacional de Fiscalizaci\u00f3n Ambiental (RENFA), formada por 7 instituciones p\u00fablicas con competencia &#8230;<\/p>\n","protected":false},"author":2,"featured_media":11219,"comment_status":"open","ping_status":"open","sticky":false,"template":"","format":"standard","meta":{"footnotes":""},"categories":[6],"tags":[],"class_list":["post-11218","post","type-post","status-publish","format-standard","has-post-thumbnail","hentry","category-regionales"],"_links":{"self":[{"href":"https:\/\/www.radiolimari.cl\/index.php?rest_route=\/wp\/v2\/posts\/11218","targetHints":{"allow":["GET"]}}],"collection":[{"href":"https:\/\/www.radiolimari.cl\/index.php?rest_route=\/wp\/v2\/posts"}],"about":[{"href":"https:\/\/www.radiolimari.cl\/index.php?rest_route=\/wp\/v2\/types\/post"}],"author":[{"embeddable":true,"href":"https:\/\/www.radiolimari.cl\/index.php?rest_route=\/wp\/v2\/users\/2"}],"replies":[{"embeddable":true,"href":"https:\/\/www.radiolimari.cl\/index.php?rest_route=%2Fwp%2Fv2%2Fcomments&post=11218"}],"version-history":[{"count":1,"href":"https:\/\/www.radiolimari.cl\/index.php?rest_route=\/wp\/v2\/posts\/11218\/revisions"}],"predecessor-version":[{"id":11220,"href":"https:\/\/www.radiolimari.cl\/index.php?rest_route=\/wp\/v2\/posts\/11218\/revisions\/11220"}],"wp:featuredmedia":[{"embeddable":true,"href":"https:\/\/www.radiolimari.cl\/index.php?rest_route=\/wp\/v2\/media\/11219"}],"wp:attachment":[{"href":"https:\/\/www.radiolimari.cl\/index.php?rest_route=%2Fwp%2Fv2%2Fmedia&parent=11218"}],"wp:term":[{"taxonomy":"category","embeddable":true,"href":"https:\/\/www.radiolimari.cl\/index.php?rest_route=%2Fwp%2Fv2%2Fcategories&post=11218"},{"taxonomy":"post_tag","embeddable":true,"href":"https:\/\/www.radiolimari.cl\/index.php?rest_route=%2Fwp%2Fv2%2Ftags&post=11218"}],"curies":[{"name":"wp","href":"https:\/\/api.w.org\/{rel}","templated":true}]}}