{"id":11208,"date":"2024-04-10T21:12:33","date_gmt":"2024-04-10T21:12:33","guid":{"rendered":"https:\/\/www.radiolimari.cl\/?p=11208"},"modified":"2024-04-10T21:12:33","modified_gmt":"2024-04-10T21:12:33","slug":"ocho-lineas-de-intervencion-y-una-inversion-de-6-mil-millones-considera-el-programa-de-emergencia-hidrica-2024","status":"publish","type":"post","link":"https:\/\/www.radiolimari.cl\/?p=11208","title":{"rendered":"Ocho l\u00edneas de intervenci\u00f3n y una inversi\u00f3n de $6 mil millones considera el Programa de Emergencia H\u00eddrica 2024"},"content":{"rendered":"\n<figure class=\"wp-block-image size-large\"><a href=\"https:\/\/www.radiolimari.cl\/wp-content\/uploads\/2024\/04\/IMG_1181-scaled.jpg\"><img fetchpriority=\"high\" decoding=\"async\" width=\"1024\" height=\"683\" src=\"https:\/\/www.radiolimari.cl\/wp-content\/uploads\/2024\/04\/IMG_1181-1024x683.jpg\" alt=\"\" class=\"wp-image-11209\" srcset=\"https:\/\/www.radiolimari.cl\/wp-content\/uploads\/2024\/04\/IMG_1181-1024x683.jpg 1024w, https:\/\/www.radiolimari.cl\/wp-content\/uploads\/2024\/04\/IMG_1181-300x200.jpg 300w, https:\/\/www.radiolimari.cl\/wp-content\/uploads\/2024\/04\/IMG_1181-768x512.jpg 768w, https:\/\/www.radiolimari.cl\/wp-content\/uploads\/2024\/04\/IMG_1181-1536x1024.jpg 1536w, https:\/\/www.radiolimari.cl\/wp-content\/uploads\/2024\/04\/IMG_1181-2048x1365.jpg 2048w\" sizes=\"(max-width: 1024px) 100vw, 1024px\" \/><\/a><\/figure>\n\n\n\n<p>Luego de realizar diversas observaciones y modificaciones a la propuesta inicial, presentada por el ejecutivo del Gobierno Regional, las y los consejeros regionales aprobaron la iniciativa que considera apoyo en alimentos, materiales para reducir p\u00e9rdida de agua en canales de riego, pago de talaje para veranadas y equipamiento para agua potable rural, entre otras.<\/p>\n\n\n\n<p>Un 4% de agua embalsada totalizan al d\u00eda de hoy los ocho embalses de nuestra Regi\u00f3n de Coquimbo, con un embalse La Paloma al 1% de su capacidad, Recoleta al 3% y Cogot\u00ed al 0% en Limar\u00ed; mientras en Elqui, el Puclaro permanece al 4% y La Laguna al 9%; mientras en Choapa, El Bato est\u00e1 al 26%, el Corrales al 37%, y el Culimo al 5%.<\/p>\n\n\n\n<p>Una situaci\u00f3n cr\u00edtica que requiere de medidas urgentes, sobre todo pensando en el abastecimiento de agua para consumo humano.<\/p>\n\n\n\n<p>Por lo mismo, durante semanas las comisiones de Presupuesto y de Aguas y Recursos H\u00eddricos solicitaron la presentaci\u00f3n formal de la propuesta por parte de la Gobernadora Krist Naranjo, lo que se concret\u00f3 esta semana. La iniciativa considera una inversi\u00f3n regional de $6 mil millones para 8 l\u00edneas de intervenci\u00f3n.<\/p>\n\n\n\n<p>Tras la aprobaci\u00f3n, el presidente de la comisi\u00f3n de Presupuesto, Javier Vega, dijo que \u201ceste es un proyecto que solicitamos al aprobar el presupuesto de este a\u00f1o, el pasado 27 de diciembre, y lo est\u00e1bamos esperando, porque tenemos una emergencia h\u00eddrica que solventar. Aprobamos ocho l\u00edneas de acci\u00f3n concretas para mitigar la crisis h\u00eddrica, siendo incorporado el apoyo para el pago de peaje en las veranadas 2024-2025, ya que nuestros pastos en sectores rurales est\u00e1n muy afectados por esta sequ\u00eda extrema y necesitar\u00e1n pasar a los campos de la vecina provincia de San Juan\u201d.<\/p>\n\n\n\n<p>Adem\u00e1s, se consideran m\u00e1s de $2 mil millones para apoyo social en alimentos, mediante gift card; $1.320 millones para forraje animal y alimentaci\u00f3n ap\u00edcola; $185 millones para kits domiciliarios de cuidado del agua; $600 millones para financiar horas m\u00e1quina en mejoramiento de pozos y noria; y $200 millones para mallas destinadas a cierre perimetral de cultivos sustentables.<\/p>\n\n\n\n<p>Adem\u00e1s, como detall\u00f3 el consejero por Choapa, y presidente de la comisi\u00f3n de Aguas y Recursos H\u00eddricos, Cristian Rondanelli, \u201cesta inversi\u00f3n considera geomembranas y tuber\u00edas para apoyar a los regantes de nuestra regi\u00f3n ($855 millones) destinados a las provincias de Elqui y Limar\u00ed, con un mayor monto ya que son hoy los m\u00e1s afectados, y para Choapa. Adem\u00e1s, vienen recursos para equipamiento de los APR ($570 millones), quienes tambi\u00e9n viven una condici\u00f3n muy compleja el d\u00eda de hoy y debemos apoyarlos\u201d.<\/p>\n\n\n\n<p>El acuerdo para aprobar la iniciativa establece mecanismos para definir distribuci\u00f3n, beneficiarios y log\u00edstica de entrega de forraje y alimento ap\u00edcola; adem\u00e1s del cronograma de ejecuci\u00f3n de cada una de las 8 l\u00edneas de trabajo y sus respectivos responsables. Adem\u00e1s, se conformar\u00e1 una bicomisi\u00f3n de Presupuesto, Inversi\u00f3n y Control de Gesti\u00f3n y Aguas y recursos H\u00eddricos para hacer seguimiento al avance del programa, la que sesionar\u00e1 mensualmente. Finalmente, se instruye la actualizaci\u00f3n de un catastro actualizado de los Sistemas Sanitarios Rurales no dependientes del MOP, es decir artesanales, y sus actuales demandas ante la crisis, a fin de generar una propuesta de financiamiento para los mismos<\/p>\n","protected":false},"excerpt":{"rendered":"<p>Luego de realizar diversas observaciones y modificaciones a la propuesta inicial, presentada por el ejecutivo del Gobierno Regional, las y los consejeros regionales aprobaron la iniciativa que considera apoyo en alimentos, materiales para reducir p\u00e9rdida de agua en canales de riego, pago de talaje para veranadas y equipamiento para agua potable rural, entre otras. Un &#8230;<\/p>\n","protected":false},"author":2,"featured_media":11209,"comment_status":"open","ping_status":"open","sticky":false,"template":"","format":"standard","meta":{"footnotes":""},"categories":[6],"tags":[],"class_list":["post-11208","post","type-post","status-publish","format-standard","has-post-thumbnail","hentry","category-regionales"],"_links":{"self":[{"href":"https:\/\/www.radiolimari.cl\/index.php?rest_route=\/wp\/v2\/posts\/11208","targetHints":{"allow":["GET"]}}],"collection":[{"href":"https:\/\/www.radiolimari.cl\/index.php?rest_route=\/wp\/v2\/posts"}],"about":[{"href":"https:\/\/www.radiolimari.cl\/index.php?rest_route=\/wp\/v2\/types\/post"}],"author":[{"embeddable":true,"href":"https:\/\/www.radiolimari.cl\/index.php?rest_route=\/wp\/v2\/users\/2"}],"replies":[{"embeddable":true,"href":"https:\/\/www.radiolimari.cl\/index.php?rest_route=%2Fwp%2Fv2%2Fcomments&post=11208"}],"version-history":[{"count":1,"href":"https:\/\/www.radiolimari.cl\/index.php?rest_route=\/wp\/v2\/posts\/11208\/revisions"}],"predecessor-version":[{"id":11210,"href":"https:\/\/www.radiolimari.cl\/index.php?rest_route=\/wp\/v2\/posts\/11208\/revisions\/11210"}],"wp:featuredmedia":[{"embeddable":true,"href":"https:\/\/www.radiolimari.cl\/index.php?rest_route=\/wp\/v2\/media\/11209"}],"wp:attachment":[{"href":"https:\/\/www.radiolimari.cl\/index.php?rest_route=%2Fwp%2Fv2%2Fmedia&parent=11208"}],"wp:term":[{"taxonomy":"category","embeddable":true,"href":"https:\/\/www.radiolimari.cl\/index.php?rest_route=%2Fwp%2Fv2%2Fcategories&post=11208"},{"taxonomy":"post_tag","embeddable":true,"href":"https:\/\/www.radiolimari.cl\/index.php?rest_route=%2Fwp%2Fv2%2Ftags&post=11208"}],"curies":[{"name":"wp","href":"https:\/\/api.w.org\/{rel}","templated":true}]}}